{"id":83600,"date":"2018-11-05T21:25:21","date_gmt":"2018-11-06T00:25:21","guid":{"rendered":"http:\/\/www.hoymercedes.com.ar\/principal\/?p=83600"},"modified":"2018-11-05T20:55:21","modified_gmt":"2018-11-05T23:55:21","slug":"abierto-al-publico-municipio-recibe-ofertas-y-licita-la-obra-de-avenida-2","status":"publish","type":"post","link":"https:\/\/www.hoymercedes.com.ar\/principal\/2018\/11\/05\/abierto-al-publico-municipio-recibe-ofertas-y-licita-la-obra-de-avenida-2\/","title":{"rendered":"Abierto al p\u00fablico municipio recibe ofertas y licita la obra de Avenida 2"},"content":{"rendered":"<p>Durante la ma\u00f1ana del martes 6 de noviembre se llevar\u00e1 a cabo la apertura de sobres del llamado a licitaci\u00f3n por la obra de <strong>Avenida 2<\/strong> efectuada por el municipio tras el no del Gobierno Nacional quien plante\u00f3 efectuar un bacheo. La misma se enmarca en un plan de obra p\u00fablica y de puesta en valor del principal acceso a la ciudad por m\u00e1s de 80 millones de pesos.<\/p>\n<p>La licitaci\u00f3n ser\u00e1 con un importante n\u00famero de empresas interesadas en el \u00e1mbito del Teatro Argentino y se trata de la <strong>Licitaci\u00f3n P\u00fablica N\u00ba 27\/2018<\/strong> con el expediente N\u00ba 5734\/2018 bajo Decreto N\u00ba 1619\/18 para la Obra: \u201cPavimentaci\u00f3n de <strong>Avenida 2<\/strong> entre calle 1 y 29, es decir, el tramo que fue abandonado tras el inicio en durante las pasadas elecciones de octubre de 2017, donde la promesa qued\u00f3 en una obra sin terminar.<\/p>\n<p>La apertura es libre para todos aquellos vecinos que deseen ser parte desde las 10hs.<\/p>\n<p>La misma no invalida la consulta ciudadana, sino que se realiza con el objetivo de avanzar mientras se espera y desea una mejor definici\u00f3n desde Vialidad Nacional.<\/p>\n<p>&nbsp;<\/p>\n","protected":false},"excerpt":{"rendered":"<p>Durante la ma\u00f1ana del martes 6 de noviembre se llevar\u00e1 a cabo la apertura de sobres del llamado a licitaci\u00f3n &#8230; <a title=\"Abierto al p\u00fablico municipio recibe ofertas y licita la obra de Avenida 2\" class=\"read-more\" href=\"https:\/\/www.hoymercedes.com.ar\/principal\/2018\/11\/05\/abierto-al-publico-municipio-recibe-ofertas-y-licita-la-obra-de-avenida-2\/\" aria-label=\"Leer m\u00e1s sobre Abierto al p\u00fablico municipio recibe ofertas y licita la obra de Avenida 2\">Leer m\u00e1s<\/a><\/p>\n","protected":false},"author":1,"featured_media":82252,"comment_status":"closed","ping_status":"open","sticky":false,"template":"","format":"standard","meta":{"_monsterinsights_skip_tracking":false,"_monsterinsights_sitenote_active":false,"_monsterinsights_sitenote_note":"","_monsterinsights_sitenote_category":0,"jetpack_post_was_ever_published":false,"_jetpack_newsletter_access":"","_jetpack_dont_email_post_to_subs":false,"_jetpack_newsletter_tier_id":0,"_jetpack_memberships_contains_paywalled_content":false,"_jetpack_memberships_contains_paid_content":false,"footnotes":"","jetpack_publicize_message":"","jetpack_publicize_feature_enabled":true,"jetpack_social_post_already_shared":true,"jetpack_social_options":{"image_generator_settings":{"template":"highway","default_image_id":0,"font":"","enabled":false},"version":2},"_wpas_customize_per_network":false},"categories":[8],"tags":[11636,13994],"class_list":["post-83600","post","type-post","status-publish","format-standard","has-post-thumbnail","hentry","category-sociedad","tag-avenida-2","tag-licitacion-avenida-2","generate-columns","tablet-grid-50","mobile-grid-100","grid-parent","grid-50"],"jetpack_publicize_connections":[],"jetpack_featured_media_url":"https:\/\/www.hoymercedes.com.ar\/principal\/wp-content\/uploads\/2018\/10\/Avenida-2-ObraMunicipio-Consulta.jpg","wps_subtitle":"Fondos propios","jetpack_sharing_enabled":true,"_links":{"self":[{"href":"https:\/\/www.hoymercedes.com.ar\/principal\/wp-json\/wp\/v2\/posts\/83600","targetHints":{"allow":["GET"]}}],"collection":[{"href":"https:\/\/www.hoymercedes.com.ar\/principal\/wp-json\/wp\/v2\/posts"}],"about":[{"href":"https:\/\/www.hoymercedes.com.ar\/principal\/wp-json\/wp\/v2\/types\/post"}],"author":[{"embeddable":true,"href":"https:\/\/www.hoymercedes.com.ar\/principal\/wp-json\/wp\/v2\/users\/1"}],"replies":[{"embeddable":true,"href":"https:\/\/www.hoymercedes.com.ar\/principal\/wp-json\/wp\/v2\/comments?post=83600"}],"version-history":[{"count":0,"href":"https:\/\/www.hoymercedes.com.ar\/principal\/wp-json\/wp\/v2\/posts\/83600\/revisions"}],"wp:featuredmedia":[{"embeddable":true,"href":"https:\/\/www.hoymercedes.com.ar\/principal\/wp-json\/wp\/v2\/media\/82252"}],"wp:attachment":[{"href":"https:\/\/www.hoymercedes.com.ar\/principal\/wp-json\/wp\/v2\/media?parent=83600"}],"wp:term":[{"taxonomy":"category","embeddable":true,"href":"https:\/\/www.hoymercedes.com.ar\/principal\/wp-json\/wp\/v2\/categories?post=83600"},{"taxonomy":"post_tag","embeddable":true,"href":"https:\/\/www.hoymercedes.com.ar\/principal\/wp-json\/wp\/v2\/tags?post=83600"}],"curies":[{"name":"wp","href":"https:\/\/api.w.org\/{rel}","templated":true}]}}