{"id":83611,"date":"2018-11-07T15:52:18","date_gmt":"2018-11-07T18:52:18","guid":{"rendered":"http:\/\/www.hoymercedes.com.ar\/principal\/?p=83611"},"modified":"2018-11-06T08:57:32","modified_gmt":"2018-11-06T11:57:32","slug":"ramiro-picone-obtuvo-una-medalla-dorada-y-una-plateada-en-los-juegos-para-transplantados","status":"publish","type":"post","link":"https:\/\/www.hoymercedes.com.ar\/principal\/2018\/11\/07\/ramiro-picone-obtuvo-una-medalla-dorada-y-una-plateada-en-los-juegos-para-transplantados\/","title":{"rendered":"Ramiro Picone obtuvo una medalla dorada y una plateada en los Juegos para transplantados"},"content":{"rendered":"<p>Ramiro Picone se recuper\u00f3 hace poco tiempo de un transplante de ri\u00f1\u00f3n, pero sigue ligado al deporte. Quien obtuviera el premio al mejor boch\u00f3filo del 2017 por parte del C\u00edrculo de Periodistas Deportivos de Mercedes particip\u00f3 en Salta de los\u00a0XII Juegos Argentinos y IX Latinoamericanos para deportista trasplantados donde se consagr\u00f3 con dos medallas.<\/p>\n<p><img loading=\"lazy\" decoding=\"async\" data-attachment-id=\"83615\" data-permalink=\"https:\/\/www.hoymercedes.com.ar\/principal\/2018\/11\/07\/ramiro-picone-obtuvo-una-medalla-dorada-y-una-plateada-en-los-juegos-para-transplantados\/ramiro-piccone-en-salta-2\/#main\" data-orig-file=\"https:\/\/www.hoymercedes.com.ar\/principal\/wp-content\/uploads\/2018\/11\/Ramiro-Piccone-en-Salta-2.jpg\" data-orig-size=\"650,508\" data-comments-opened=\"0\" data-image-meta=\"{&quot;aperture&quot;:&quot;0&quot;,&quot;credit&quot;:&quot;&quot;,&quot;camera&quot;:&quot;&quot;,&quot;caption&quot;:&quot;&quot;,&quot;created_timestamp&quot;:&quot;0&quot;,&quot;copyright&quot;:&quot;&quot;,&quot;focal_length&quot;:&quot;0&quot;,&quot;iso&quot;:&quot;0&quot;,&quot;shutter_speed&quot;:&quot;0&quot;,&quot;title&quot;:&quot;&quot;,&quot;orientation&quot;:&quot;0&quot;}\" data-image-title=\"Ramiro Piccone en Salta 2\" data-image-description=\"\" data-image-caption=\"\" data-large-file=\"https:\/\/www.hoymercedes.com.ar\/principal\/wp-content\/uploads\/2018\/11\/Ramiro-Piccone-en-Salta-2.jpg\" class=\"size-medium wp-image-83615 aligncenter\" src=\"https:\/\/www.hoymercedes.com.ar\/principal\/wp-content\/uploads\/2018\/11\/Ramiro-Piccone-en-Salta-2-630x492.jpg\" alt=\"\" width=\"630\" height=\"492\" srcset=\"https:\/\/www.hoymercedes.com.ar\/principal\/wp-content\/uploads\/2018\/11\/Ramiro-Piccone-en-Salta-2-630x492.jpg 630w, https:\/\/www.hoymercedes.com.ar\/principal\/wp-content\/uploads\/2018\/11\/Ramiro-Piccone-en-Salta-2-150x117.jpg 150w, https:\/\/www.hoymercedes.com.ar\/principal\/wp-content\/uploads\/2018\/11\/Ramiro-Piccone-en-Salta-2.jpg 650w\" sizes=\"auto, (max-width: 630px) 100vw, 630px\" \/><\/p>\n<p>Primero se qued\u00f3 con la dorada en Salto en Largo, con una marca de 4 metros con 25 cent\u00edmetros, mientras que el bronce lo conquist\u00f3 en Petanca, una disciplina similar a las bochas.\u00a0Estos logros le dan la posibilidad de participar del Mundial en Londres, Inglaterra, organizados por la Word Trasplante Game, aunque todav\u00eda depende de que eval\u00faen las marcas recientemente obtenidas.<\/p>\n<p>Picone, de 36 a\u00f1os, recibi\u00f3 un trasplante de ri\u00f1\u00f3n. Es profesor de Educaci\u00f3n F\u00edsica, fue futbolista y boch\u00f3filo hasta que cuestiones de salud lo alejaron y hoy puede decir que est\u00e1 de nuevo en actividad.<\/p>\n<p>&nbsp;<\/p>\n","protected":false},"excerpt":{"rendered":"<p>Ramiro Picone se recuper\u00f3 hace poco tiempo de un transplante de ri\u00f1\u00f3n, pero sigue ligado al deporte. Quien obtuviera el &#8230; <a title=\"Ramiro Picone obtuvo una medalla dorada y una plateada en los Juegos para transplantados\" class=\"read-more\" href=\"https:\/\/www.hoymercedes.com.ar\/principal\/2018\/11\/07\/ramiro-picone-obtuvo-una-medalla-dorada-y-una-plateada-en-los-juegos-para-transplantados\/\" aria-label=\"Leer m\u00e1s sobre Ramiro Picone obtuvo una medalla dorada y una plateada en los Juegos para transplantados\">Leer m\u00e1s<\/a><\/p>\n","protected":false},"author":1,"featured_media":83615,"comment_status":"closed","ping_status":"open","sticky":false,"template":"","format":"standard","meta":{"_monsterinsights_skip_tracking":false,"_monsterinsights_sitenote_active":false,"_monsterinsights_sitenote_note":"","_monsterinsights_sitenote_category":0,"jetpack_post_was_ever_published":false,"_jetpack_newsletter_access":"","_jetpack_dont_email_post_to_subs":false,"_jetpack_newsletter_tier_id":0,"_jetpack_memberships_contains_paywalled_content":false,"_jetpack_memberships_contains_paid_content":false,"footnotes":"","jetpack_publicize_message":"","jetpack_publicize_feature_enabled":true,"jetpack_social_post_already_shared":true,"jetpack_social_options":{"image_generator_settings":{"template":"highway","default_image_id":0,"font":"","enabled":false},"version":2},"_wpas_customize_per_network":false},"categories":[21],"tags":[803,204,13997],"class_list":["post-83611","post","type-post","status-publish","format-standard","has-post-thumbnail","hentry","category-deportes","tag-atletismo","tag-deportes-2","tag-ramiro-picone","generate-columns","tablet-grid-50","mobile-grid-100","grid-parent","grid-50"],"jetpack_publicize_connections":[],"jetpack_featured_media_url":"https:\/\/www.hoymercedes.com.ar\/principal\/wp-content\/uploads\/2018\/11\/Ramiro-Piccone-en-Salta-2.jpg","wps_subtitle":"Atletismo","jetpack_sharing_enabled":true,"jetpack-related-posts":[{"id":4972,"url":"https:\/\/www.hoymercedes.com.ar\/principal\/2011\/06\/13\/comenzaron-las-actividades-en-los-playones-deportivos\/","url_meta":{"origin":83611,"position":0},"title":"Comenzaron las actividades en los playones deportivos","author":"hoymercedes","date":"13 junio, 2011","format":false,"excerpt":"Luego de algunas postergaciones el s\u00e1bado pasado se dio inicio a las actividades deportivas en los playones. En el primero se realizo un torneo de handbol para chicos hasta 12 a\u00f1os sobre el play\u00f3n de calle 12 y 1. La Direcci\u00f3n de Deportes con los profesores Leonardo Gonz\u00e1lez, Ramiro Picone\u2026","rel":"","context":"En \u00abDeportes\u00bb","block_context":{"text":"Deportes","link":"https:\/\/www.hoymercedes.com.ar\/principal\/category\/deportes\/"},"img":{"alt_text":"","src":"https:\/\/i0.wp.com\/www.hoymercedes.com.ar\/principal\/wp-content\/uploads\/2011\/06\/playonesdeportivos.jpg?resize=350%2C200","width":350,"height":200,"srcset":"https:\/\/i0.wp.com\/www.hoymercedes.com.ar\/principal\/wp-content\/uploads\/2011\/06\/playonesdeportivos.jpg?resize=350%2C200 1x, https:\/\/i0.wp.com\/www.hoymercedes.com.ar\/principal\/wp-content\/uploads\/2011\/06\/playonesdeportivos.jpg?resize=525%2C300 1.5x"},"classes":[]},{"id":180204,"url":"https:\/\/www.hoymercedes.com.ar\/principal\/2024\/11\/02\/nueva-medalla-para-mercedes-en-los-juegos-bonaerenses\/","url_meta":{"origin":83611,"position":1},"title":"Nueva medalla para Mercedes en los Juegos Bonaerenses","author":"hoymercedes","date":"2 noviembre, 2024","format":false,"excerpt":"En el ante \u00faltimo d\u00eda de competencia, la delegaci\u00f3n mercedina sum\u00f3 una nueva medalla. La aport\u00f3 Ramiro Piccone en Tenis de mesa. Adem\u00e1s se vivieron las siguientes competencias. Nataci\u00f3n sub 16 masculino - 100mts libre: Janko Tassara disput\u00f3 la final de su categor\u00eda, el mercedino ocup\u00f3 el andarivel n\u00famero 1\u2026","rel":"","context":"En \u00abDeportes\u00bb","block_context":{"text":"Deportes","link":"https:\/\/www.hoymercedes.com.ar\/principal\/category\/deportes\/"},"img":{"alt_text":"Nueva medalla para Mercedes en los Juegos Bonaerenses","src":"https:\/\/i0.wp.com\/www.hoymercedes.com.ar\/principal\/wp-content\/uploads\/2024\/11\/DSC_0119-scaled.jpg?resize=350%2C200&ssl=1","width":350,"height":200,"srcset":"https:\/\/i0.wp.com\/www.hoymercedes.com.ar\/principal\/wp-content\/uploads\/2024\/11\/DSC_0119-scaled.jpg?resize=350%2C200&ssl=1 1x, https:\/\/i0.wp.com\/www.hoymercedes.com.ar\/principal\/wp-content\/uploads\/2024\/11\/DSC_0119-scaled.jpg?resize=525%2C300&ssl=1 1.5x, https:\/\/i0.wp.com\/www.hoymercedes.com.ar\/principal\/wp-content\/uploads\/2024\/11\/DSC_0119-scaled.jpg?resize=700%2C400&ssl=1 2x, https:\/\/i0.wp.com\/www.hoymercedes.com.ar\/principal\/wp-content\/uploads\/2024\/11\/DSC_0119-scaled.jpg?resize=1050%2C600&ssl=1 3x, https:\/\/i0.wp.com\/www.hoymercedes.com.ar\/principal\/wp-content\/uploads\/2024\/11\/DSC_0119-scaled.jpg?resize=1400%2C800&ssl=1 4x"},"classes":[]},{"id":123015,"url":"https:\/\/www.hoymercedes.com.ar\/principal\/2021\/01\/08\/el-deporte-de-luto-fallecio-el-dirigente-alfredo-pascual\/","url_meta":{"origin":83611,"position":2},"title":"El deporte de luto, falleci\u00f3 el dirigente Alfredo Pascual","author":"hoymercedes","date":"8 enero, 2021","format":false,"excerpt":"La jornada del jueves 7 de enero se visti\u00f3 de luto para el deporte mercedino al conocerse el fallecimiento del presidente de la Asociaci\u00f3n Mercedina de Bochas Alfredo Pascual. \"El Tero\", como lo conoc\u00edan, se desempe\u00f1aba desde hac\u00eda 16 a\u00f1os como el m\u00e1ximo dirigente del \"deporte de los amigos\" y\u2026","rel":"","context":"En \u00abDeportes\u00bb","block_context":{"text":"Deportes","link":"https:\/\/www.hoymercedes.com.ar\/principal\/category\/deportes\/"},"img":{"alt_text":"","src":"https:\/\/i0.wp.com\/www.hoymercedes.com.ar\/principal\/wp-content\/uploads\/2021\/01\/Alfredo-Pascual.jpg?resize=350%2C200&ssl=1","width":350,"height":200,"srcset":"https:\/\/i0.wp.com\/www.hoymercedes.com.ar\/principal\/wp-content\/uploads\/2021\/01\/Alfredo-Pascual.jpg?resize=350%2C200&ssl=1 1x, https:\/\/i0.wp.com\/www.hoymercedes.com.ar\/principal\/wp-content\/uploads\/2021\/01\/Alfredo-Pascual.jpg?resize=525%2C300&ssl=1 1.5x, https:\/\/i0.wp.com\/www.hoymercedes.com.ar\/principal\/wp-content\/uploads\/2021\/01\/Alfredo-Pascual.jpg?resize=700%2C400&ssl=1 2x"},"classes":[]},{"id":83227,"url":"https:\/\/www.hoymercedes.com.ar\/principal\/2018\/10\/30\/ramiro-piccone-en-los-juegos-latinoamericanos-para-transplantados\/","url_meta":{"origin":83611,"position":3},"title":"Ramiro Piccone en los Juegos Latinoamericanos para Transplantados","author":"hoymercedes","date":"30 octubre, 2018","format":false,"excerpt":"El mercedino Ramiro Piccone representar\u00e1 a Mercedes desde este 30 de octubre y hasta el 4 de noviembre de los\u00a0XII Juegos Argentinos y IX Latinoamericanos para Deportistas Trasplantados. A Piccone, a los 22 a\u00f1os le descubren una enfermedad que afecta sus ri\u00f1ones. Comienza con tratamiento de Di\u00e1lisis en el a\u00f1o\u2026","rel":"","context":"En \u00abDeportes\u00bb","block_context":{"text":"Deportes","link":"https:\/\/www.hoymercedes.com.ar\/principal\/category\/deportes\/"},"img":{"alt_text":"","src":"https:\/\/i0.wp.com\/www.hoymercedes.com.ar\/principal\/wp-content\/uploads\/2018\/10\/Ramiro-Piccone-en-Salta.jpg?resize=350%2C200&ssl=1","width":350,"height":200,"srcset":"https:\/\/i0.wp.com\/www.hoymercedes.com.ar\/principal\/wp-content\/uploads\/2018\/10\/Ramiro-Piccone-en-Salta.jpg?resize=350%2C200&ssl=1 1x, https:\/\/i0.wp.com\/www.hoymercedes.com.ar\/principal\/wp-content\/uploads\/2018\/10\/Ramiro-Piccone-en-Salta.jpg?resize=525%2C300&ssl=1 1.5x, https:\/\/i0.wp.com\/www.hoymercedes.com.ar\/principal\/wp-content\/uploads\/2018\/10\/Ramiro-Piccone-en-Salta.jpg?resize=700%2C400&ssl=1 2x"},"classes":[]},{"id":168727,"url":"https:\/\/www.hoymercedes.com.ar\/principal\/2023\/10\/23\/como-sera-la-nueva-composicion-del-concejo-deliberante\/","url_meta":{"origin":83611,"position":4},"title":"C\u00f3mo ser\u00e1 la nueva composici\u00f3n del Concejo Deliberante","author":"hoymercedes","date":"23 octubre, 2023","format":false,"excerpt":"Tras la gran elecci\u00f3n de Uni\u00f3n por la Patria se modifica la composici\u00f3n del Concejo Deliberante. Se achica Juntos y se suma Libertad Avanza. Desde el 10 de diciembre el oficialismo tendr\u00e1 mayor tranquilidad para el tratamiento de los temas de inter\u00e9s. Contar\u00e1 con misma cantidad de representantes, pero recupera\u2026","rel":"","context":"En \u00abPol\u00edtica\u00bb","block_context":{"text":"Pol\u00edtica","link":"https:\/\/www.hoymercedes.com.ar\/principal\/category\/politica\/"},"img":{"alt_text":"","src":"https:\/\/i0.wp.com\/www.hoymercedes.com.ar\/principal\/wp-content\/uploads\/2023\/10\/Ediles-Resultados-2023.jpg?resize=350%2C200&ssl=1","width":350,"height":200,"srcset":"https:\/\/i0.wp.com\/www.hoymercedes.com.ar\/principal\/wp-content\/uploads\/2023\/10\/Ediles-Resultados-2023.jpg?resize=350%2C200&ssl=1 1x, https:\/\/i0.wp.com\/www.hoymercedes.com.ar\/principal\/wp-content\/uploads\/2023\/10\/Ediles-Resultados-2023.jpg?resize=525%2C300&ssl=1 1.5x, https:\/\/i0.wp.com\/www.hoymercedes.com.ar\/principal\/wp-content\/uploads\/2023\/10\/Ediles-Resultados-2023.jpg?resize=700%2C400&ssl=1 2x, https:\/\/i0.wp.com\/www.hoymercedes.com.ar\/principal\/wp-content\/uploads\/2023\/10\/Ediles-Resultados-2023.jpg?resize=1050%2C600&ssl=1 3x"},"classes":[]},{"id":31821,"url":"https:\/\/www.hoymercedes.com.ar\/principal\/2014\/04\/14\/torta-frita-beatriz-picone-mejor-tortera-del-ano\/","url_meta":{"origin":83611,"position":5},"title":"Torta Frita: Beatriz Picone mejor tortera del a\u00f1o","author":"hoymercedes","date":"14 abril, 2014","format":false,"excerpt":"Durante la tarde del domingo, ya con mejor clima que la jornada anterior, se llev\u00f3 a cabo la jornada fina final de la Fiesta Provincial de la Torta Frita donde se reconocieron a los Veteranos y Ca\u00eddos de Malvinas de nuestra ciudad sobre el escenario mayor del predio del ex\u2026","rel":"","context":"En \u00abMunicipio\u00bb","block_context":{"text":"Municipio","link":"https:\/\/www.hoymercedes.com.ar\/principal\/category\/municipio\/"},"img":{"alt_text":"","src":"https:\/\/i0.wp.com\/www.hoymercedes.com.ar\/principal\/wp-content\/uploads\/2014\/04\/FiestaTortaFrita.13.2014DSCN2963-150x150.jpg?resize=350%2C200&ssl=1","width":350,"height":200,"srcset":"https:\/\/i0.wp.com\/www.hoymercedes.com.ar\/principal\/wp-content\/uploads\/2014\/04\/FiestaTortaFrita.13.2014DSCN2963-150x150.jpg?resize=350%2C200&ssl=1 1x, https:\/\/i0.wp.com\/www.hoymercedes.com.ar\/principal\/wp-content\/uploads\/2014\/04\/FiestaTortaFrita.13.2014DSCN2963-150x150.jpg?resize=525%2C300&ssl=1 1.5x"},"classes":[]}],"_links":{"self":[{"href":"https:\/\/www.hoymercedes.com.ar\/principal\/wp-json\/wp\/v2\/posts\/83611","targetHints":{"allow":["GET"]}}],"collection":[{"href":"https:\/\/www.hoymercedes.com.ar\/principal\/wp-json\/wp\/v2\/posts"}],"about":[{"href":"https:\/\/www.hoymercedes.com.ar\/principal\/wp-json\/wp\/v2\/types\/post"}],"author":[{"embeddable":true,"href":"https:\/\/www.hoymercedes.com.ar\/principal\/wp-json\/wp\/v2\/users\/1"}],"replies":[{"embeddable":true,"href":"https:\/\/www.hoymercedes.com.ar\/principal\/wp-json\/wp\/v2\/comments?post=83611"}],"version-history":[{"count":0,"href":"https:\/\/www.hoymercedes.com.ar\/principal\/wp-json\/wp\/v2\/posts\/83611\/revisions"}],"wp:featuredmedia":[{"embeddable":true,"href":"https:\/\/www.hoymercedes.com.ar\/principal\/wp-json\/wp\/v2\/media\/83615"}],"wp:attachment":[{"href":"https:\/\/www.hoymercedes.com.ar\/principal\/wp-json\/wp\/v2\/media?parent=83611"}],"wp:term":[{"taxonomy":"category","embeddable":true,"href":"https:\/\/www.hoymercedes.com.ar\/principal\/wp-json\/wp\/v2\/categories?post=83611"},{"taxonomy":"post_tag","embeddable":true,"href":"https:\/\/www.hoymercedes.com.ar\/principal\/wp-json\/wp\/v2\/tags?post=83611"}],"curies":[{"name":"wp","href":"https:\/\/api.w.org\/{rel}","templated":true}]}}