{"id":83622,"date":"2018-11-08T07:30:32","date_gmt":"2018-11-08T10:30:32","guid":{"rendered":"http:\/\/www.hoymercedes.com.ar\/principal\/?p=83622"},"modified":"2018-11-07T22:51:56","modified_gmt":"2018-11-08T01:51:56","slug":"83622","status":"publish","type":"post","link":"https:\/\/www.hoymercedes.com.ar\/principal\/2018\/11\/08\/83622\/","title":{"rendered":"Romina Fern\u00e1ndez particip\u00f3 de un torneo en Ushuaia"},"content":{"rendered":"<p>Del jueves 1 al s\u00e1bado 3 de noviembre, en Ushuaia (Tierra del Fuego), se concret\u00f3 la novena edici\u00f3n del Torneo Facundo Rivas, un certamen enfocado en el Deporte Adaptado para verse\u00a0 disciplinas como la nataci\u00f3n, boccia, atletismo, b\u00e1squet 3\u00d73 y goalball en el Polideportivo Municipal de la ciudad sure\u00f1a, la m\u00e1s al sur del continente.<\/p>\n<p><img loading=\"lazy\" decoding=\"async\" data-attachment-id=\"83623\" data-permalink=\"https:\/\/www.hoymercedes.com.ar\/principal\/2018\/11\/08\/83622\/atletismo-usuhaia\/#main\" data-orig-file=\"https:\/\/www.hoymercedes.com.ar\/principal\/wp-content\/uploads\/2018\/11\/Atletismo-Usuhaia.jpg\" data-orig-size=\"1024,768\" data-comments-opened=\"0\" data-image-meta=\"{&quot;aperture&quot;:&quot;0&quot;,&quot;credit&quot;:&quot;&quot;,&quot;camera&quot;:&quot;&quot;,&quot;caption&quot;:&quot;&quot;,&quot;created_timestamp&quot;:&quot;0&quot;,&quot;copyright&quot;:&quot;&quot;,&quot;focal_length&quot;:&quot;0&quot;,&quot;iso&quot;:&quot;0&quot;,&quot;shutter_speed&quot;:&quot;0&quot;,&quot;title&quot;:&quot;&quot;,&quot;orientation&quot;:&quot;0&quot;}\" data-image-title=\"Atletismo Usuhaia\" data-image-description=\"\" data-image-caption=\"\" data-large-file=\"https:\/\/www.hoymercedes.com.ar\/principal\/wp-content\/uploads\/2018\/11\/Atletismo-Usuhaia.jpg\" class=\"size-medium wp-image-83623 aligncenter\" src=\"https:\/\/www.hoymercedes.com.ar\/principal\/wp-content\/uploads\/2018\/11\/Atletismo-Usuhaia-630x473.jpg\" alt=\"\" width=\"630\" height=\"473\" srcset=\"https:\/\/www.hoymercedes.com.ar\/principal\/wp-content\/uploads\/2018\/11\/Atletismo-Usuhaia-630x473.jpg 630w, https:\/\/www.hoymercedes.com.ar\/principal\/wp-content\/uploads\/2018\/11\/Atletismo-Usuhaia-150x113.jpg 150w, https:\/\/www.hoymercedes.com.ar\/principal\/wp-content\/uploads\/2018\/11\/Atletismo-Usuhaia.jpg 1024w\" sizes=\"auto, (max-width: 630px) 100vw, 630px\" \/><\/p>\n<p>La profesora Daniel Libares viaj\u00f3 hasta all\u00ed con dos de sus alumnos, una es la integrante de la Selecci\u00f3n Argentina Paraol\u00edmpica, la mercedina Romina Fern\u00e1ndez que adem\u00e1s de estar en el torneo fue parte de entrenamientos.<\/p>\n<p>Romina se plante\u00f3 superar marcas propias, \u00a0si bien no tuvo otras participantes dentro de su categor\u00eda en el lanzamiento de la clava registr\u00f3 14 metros 26 cent\u00edmetros. Ya bala su mejor lanzamiento fue de 4 metros 52 cent\u00edmetros, \u00a0mientras que el \u00faltimo d\u00eda del torneo hubo lanzamiento del disco.<\/p>\n<p><img loading=\"lazy\" decoding=\"async\" data-attachment-id=\"83624\" data-permalink=\"https:\/\/www.hoymercedes.com.ar\/principal\/2018\/11\/08\/83622\/atletismo-usuhaia-jpg-2\/#main\" data-orig-file=\"https:\/\/www.hoymercedes.com.ar\/principal\/wp-content\/uploads\/2018\/11\/Atletismo-Usuhaia.jpg-2.jpg\" data-orig-size=\"1280,768\" data-comments-opened=\"0\" data-image-meta=\"{&quot;aperture&quot;:&quot;0&quot;,&quot;credit&quot;:&quot;&quot;,&quot;camera&quot;:&quot;&quot;,&quot;caption&quot;:&quot;&quot;,&quot;created_timestamp&quot;:&quot;0&quot;,&quot;copyright&quot;:&quot;&quot;,&quot;focal_length&quot;:&quot;0&quot;,&quot;iso&quot;:&quot;0&quot;,&quot;shutter_speed&quot;:&quot;0&quot;,&quot;title&quot;:&quot;&quot;,&quot;orientation&quot;:&quot;0&quot;}\" data-image-title=\"Atletismo Usuhaia.jpg 2\" data-image-description=\"\" data-image-caption=\"\" data-large-file=\"https:\/\/www.hoymercedes.com.ar\/principal\/wp-content\/uploads\/2018\/11\/Atletismo-Usuhaia.jpg-2-1024x614.jpg\" class=\"size-medium wp-image-83624 aligncenter\" src=\"https:\/\/www.hoymercedes.com.ar\/principal\/wp-content\/uploads\/2018\/11\/Atletismo-Usuhaia.jpg-2-630x378.jpg\" alt=\"\" width=\"630\" height=\"378\" srcset=\"https:\/\/www.hoymercedes.com.ar\/principal\/wp-content\/uploads\/2018\/11\/Atletismo-Usuhaia.jpg-2-630x378.jpg 630w, https:\/\/www.hoymercedes.com.ar\/principal\/wp-content\/uploads\/2018\/11\/Atletismo-Usuhaia.jpg-2-150x90.jpg 150w, https:\/\/www.hoymercedes.com.ar\/principal\/wp-content\/uploads\/2018\/11\/Atletismo-Usuhaia.jpg-2-1024x614.jpg 1024w, https:\/\/www.hoymercedes.com.ar\/principal\/wp-content\/uploads\/2018\/11\/Atletismo-Usuhaia.jpg-2-750x450.jpg 750w, https:\/\/www.hoymercedes.com.ar\/principal\/wp-content\/uploads\/2018\/11\/Atletismo-Usuhaia.jpg-2.jpg 1280w\" sizes=\"auto, (max-width: 630px) 100vw, 630px\" \/><\/p>\n<p><strong>Convencional<\/strong><br \/>\nEn Tierra del Fuego tambi\u00e9n hubo lugar para las pruebas atl\u00e9ticas de deportistas convencionales, el velocista \u201cPilo\u201d Mar\u00edn gan\u00f3 en los 100 metros y fue tercero en los 400 llanos.<\/p>\n","protected":false},"excerpt":{"rendered":"<p>Del jueves 1 al s\u00e1bado 3 de noviembre, en Ushuaia (Tierra del Fuego), se concret\u00f3 la novena edici\u00f3n del Torneo &#8230; <a title=\"Romina Fern\u00e1ndez particip\u00f3 de un torneo en Ushuaia\" class=\"read-more\" href=\"https:\/\/www.hoymercedes.com.ar\/principal\/2018\/11\/08\/83622\/\" aria-label=\"Leer m\u00e1s sobre Romina Fern\u00e1ndez particip\u00f3 de un torneo en Ushuaia\">Leer m\u00e1s<\/a><\/p>\n","protected":false},"author":1,"featured_media":83623,"comment_status":"closed","ping_status":"open","sticky":false,"template":"","format":"standard","meta":{"_monsterinsights_skip_tracking":false,"_monsterinsights_sitenote_active":false,"_monsterinsights_sitenote_note":"","_monsterinsights_sitenote_category":0,"jetpack_post_was_ever_published":false,"_jetpack_newsletter_access":"","_jetpack_dont_email_post_to_subs":false,"_jetpack_newsletter_tier_id":0,"_jetpack_memberships_contains_paywalled_content":false,"_jetpack_memberships_contains_paid_content":false,"footnotes":"","jetpack_publicize_message":"","jetpack_publicize_feature_enabled":true,"jetpack_social_post_already_shared":true,"jetpack_social_options":{"image_generator_settings":{"template":"highway","default_image_id":0,"font":"","enabled":false},"version":2},"_wpas_customize_per_network":false},"categories":[21],"tags":[12550,204,11135,11519],"class_list":["post-83622","post","type-post","status-publish","format-standard","has-post-thumbnail","hentry","category-deportes","tag-atletismo-adaptado","tag-deportes-2","tag-romina-fernandez","tag-torneo-nacional","generate-columns","tablet-grid-50","mobile-grid-100","grid-parent","grid-50"],"jetpack_publicize_connections":[],"jetpack_featured_media_url":"https:\/\/www.hoymercedes.com.ar\/principal\/wp-content\/uploads\/2018\/11\/Atletismo-Usuhaia.jpg","wps_subtitle":"Atletismo Adaptado","jetpack_sharing_enabled":true,"jetpack-related-posts":[{"id":174892,"url":"https:\/\/www.hoymercedes.com.ar\/principal\/2024\/04\/16\/atletismo-buenas-marcas-para-romina-fernandez\/","url_meta":{"origin":83622,"position":0},"title":"Atletismo: Buenas marcas para Romina Fern\u00e1ndez","author":"hoymercedes","date":"16 abril, 2024","format":false,"excerpt":"La atleta mercedina particip\u00f3 del Open Patag\u00f3nico de Neuqu\u00e9n como parte de la competencia en lanzamiento de clava. En la primera entrada consigui\u00f3 una marca de 20, 31 metros, las cual super\u00f3 en las segunda presentaci\u00f3n. Durante los \u00faltimo d\u00edas, la atleta paral\u00edmpica mercedina Romina Fern\u00e1ndez particip\u00f3 del certamen Open\u2026","rel":"","context":"En \u00abDeportes\u00bb","block_context":{"text":"Deportes","link":"https:\/\/www.hoymercedes.com.ar\/principal\/category\/deportes\/"},"img":{"alt_text":"","src":"https:\/\/i0.wp.com\/www.hoymercedes.com.ar\/principal\/wp-content\/uploads\/2024\/04\/romina-15-04.jpg?resize=350%2C200&ssl=1","width":350,"height":200,"srcset":"https:\/\/i0.wp.com\/www.hoymercedes.com.ar\/principal\/wp-content\/uploads\/2024\/04\/romina-15-04.jpg?resize=350%2C200&ssl=1 1x, https:\/\/i0.wp.com\/www.hoymercedes.com.ar\/principal\/wp-content\/uploads\/2024\/04\/romina-15-04.jpg?resize=525%2C300&ssl=1 1.5x"},"classes":[]},{"id":126035,"url":"https:\/\/www.hoymercedes.com.ar\/principal\/2021\/03\/09\/romina-fernandez-compitio-en-azul-y-logro-buenos-registros\/","url_meta":{"origin":83622,"position":1},"title":"Romina Fern\u00e1ndez compiti\u00f3 en Azul y logr\u00f3 buenos registros","author":"hoymercedes","date":"9 marzo, 2021","format":false,"excerpt":"La deportista paral\u00edmpica, que cont\u00f3 con el apoyo de la Municipalidad de Mercedes, alcanz\u00f3 los 5 metros con 39 cent\u00edmetros en lanzamiento de bala y consigui\u00f3 su mejor marca. \u00a0 Tras pasar una semana de entrenamiento en el CENARD de\u00a0Buenos Aires, el pasado domingo, la mercedina Romina Fern\u00e1ndez particip\u00f3 del\u2026","rel":"","context":"En \u00abDeportes\u00bb","block_context":{"text":"Deportes","link":"https:\/\/www.hoymercedes.com.ar\/principal\/category\/deportes\/"},"img":{"alt_text":"","src":"https:\/\/i0.wp.com\/www.hoymercedes.com.ar\/principal\/wp-content\/uploads\/2021\/03\/romina-fernandez.jpg?resize=350%2C200&ssl=1","width":350,"height":200,"srcset":"https:\/\/i0.wp.com\/www.hoymercedes.com.ar\/principal\/wp-content\/uploads\/2021\/03\/romina-fernandez.jpg?resize=350%2C200&ssl=1 1x, https:\/\/i0.wp.com\/www.hoymercedes.com.ar\/principal\/wp-content\/uploads\/2021\/03\/romina-fernandez.jpg?resize=525%2C300&ssl=1 1.5x"},"classes":[]},{"id":164341,"url":"https:\/\/www.hoymercedes.com.ar\/principal\/2023\/07\/09\/atletismo-septimo-puesto-para-romina-fernandez-en-paris\/","url_meta":{"origin":83622,"position":2},"title":"Atletismo: S\u00e9ptimo puesto para Romina Fern\u00e1ndez en Par\u00eds","author":"hoymercedes","date":"9 julio, 2023","format":false,"excerpt":"Romina Fern\u00e1ndez debut\u00f3 en el Campeonato Mundial de Para Atletismo que comenz\u00f3 este s\u00e1bado. En la ma\u00f1ana del domingo, la mercedina hizo su debut en lanzamiento de clava y el pr\u00f3ximo viernes 14 har\u00e1 su presentaci\u00f3n en lanzamiento de bala. Del 8 al 17 de julio, el Campeonato Mundial de\u2026","rel":"","context":"En \u00abDeportes\u00bb","block_context":{"text":"Deportes","link":"https:\/\/www.hoymercedes.com.ar\/principal\/category\/deportes\/"},"img":{"alt_text":"","src":"https:\/\/i0.wp.com\/www.hoymercedes.com.ar\/principal\/wp-content\/uploads\/2023\/07\/IMG-20230709-WA0007_copy_800x533.jpg?resize=350%2C200&ssl=1","width":350,"height":200,"srcset":"https:\/\/i0.wp.com\/www.hoymercedes.com.ar\/principal\/wp-content\/uploads\/2023\/07\/IMG-20230709-WA0007_copy_800x533.jpg?resize=350%2C200&ssl=1 1x, https:\/\/i0.wp.com\/www.hoymercedes.com.ar\/principal\/wp-content\/uploads\/2023\/07\/IMG-20230709-WA0007_copy_800x533.jpg?resize=525%2C300&ssl=1 1.5x, https:\/\/i0.wp.com\/www.hoymercedes.com.ar\/principal\/wp-content\/uploads\/2023\/07\/IMG-20230709-WA0007_copy_800x533.jpg?resize=700%2C400&ssl=1 2x"},"classes":[]},{"id":175750,"url":"https:\/\/www.hoymercedes.com.ar\/principal\/2024\/05\/18\/romina-fernandez-se-luce-en-el-mundial-de-japon\/","url_meta":{"origin":83622,"position":3},"title":"Romina Fern\u00e1ndez se luce en el Mundial de Jap\u00f3n","author":"hoymercedes","date":"18 mayo, 2024","format":false,"excerpt":"En la jornada dle viernes, en Kobe (Jap\u00f3n), la mercedina Romina Fern\u00e1ndez cumpli\u00f3 con una destacada actuaci\u00f3n en el 11\u00b0 Mundial de Para Atletismo. Como es habitual la atleta local particip\u00f3 en el lanzamiento de la clava en la categor\u00eda F 32, registrando su mejor marca personal y quedando muy\u2026","rel":"","context":"En \u00abDeportes\u00bb","block_context":{"text":"Deportes","link":"https:\/\/www.hoymercedes.com.ar\/principal\/category\/deportes\/"},"img":{"alt_text":"","src":"https:\/\/i0.wp.com\/www.hoymercedes.com.ar\/principal\/wp-content\/uploads\/2024\/05\/FB_IMG_1716037128815.jpg?resize=350%2C200&ssl=1","width":350,"height":200,"srcset":"https:\/\/i0.wp.com\/www.hoymercedes.com.ar\/principal\/wp-content\/uploads\/2024\/05\/FB_IMG_1716037128815.jpg?resize=350%2C200&ssl=1 1x, https:\/\/i0.wp.com\/www.hoymercedes.com.ar\/principal\/wp-content\/uploads\/2024\/05\/FB_IMG_1716037128815.jpg?resize=525%2C300&ssl=1 1.5x"},"classes":[]},{"id":129494,"url":"https:\/\/www.hoymercedes.com.ar\/principal\/2021\/05\/04\/nuevo-record-para-romina-fernandez-en-lanzamiento-de-clava\/","url_meta":{"origin":83622,"position":4},"title":"Nuevo r\u00e9cord para Romina Fern\u00e1ndez en lanzamiento de clava","author":"hoymercedes","date":"4 mayo, 2021","format":false,"excerpt":"La deportista paral\u00edmpica mercedina, Romina Fern\u00e1ndez, logr\u00f3 un nuevo r\u00e9cord en el lanzamiento de clava. Con este resultado se encuentra ubicada en el Top 3 del mundo y a la espera de la cantidad de plazas que le otorguen a la Argentina de cara a los Juegos Paral\u00edmpicos de Tokio\u2026","rel":"","context":"En \u00abDeportes\u00bb","block_context":{"text":"Deportes","link":"https:\/\/www.hoymercedes.com.ar\/principal\/category\/deportes\/"},"img":{"alt_text":"","src":"https:\/\/i0.wp.com\/www.hoymercedes.com.ar\/principal\/wp-content\/uploads\/2021\/05\/04-RominaFernandez.jpeg?resize=350%2C200&ssl=1","width":350,"height":200,"srcset":"https:\/\/i0.wp.com\/www.hoymercedes.com.ar\/principal\/wp-content\/uploads\/2021\/05\/04-RominaFernandez.jpeg?resize=350%2C200&ssl=1 1x, https:\/\/i0.wp.com\/www.hoymercedes.com.ar\/principal\/wp-content\/uploads\/2021\/05\/04-RominaFernandez.jpeg?resize=525%2C300&ssl=1 1.5x, https:\/\/i0.wp.com\/www.hoymercedes.com.ar\/principal\/wp-content\/uploads\/2021\/05\/04-RominaFernandez.jpeg?resize=700%2C400&ssl=1 2x"},"classes":[]},{"id":149401,"url":"https:\/\/www.hoymercedes.com.ar\/principal\/2022\/06\/13\/atletismo-romina-fernandez-se-destaca-en-europa\/","url_meta":{"origin":83622,"position":5},"title":"Atletismo: Romina Fern\u00e1ndez se destaca en Europa\u00a0","author":"hoymercedes","date":"13 junio, 2022","format":false,"excerpt":"En el marco de su gira, Romina Fern\u00e1ndez particip\u00f3 en el Grand Prix de Par\u00eds qued\u00e1ndose con la tercera colocaci\u00f3n en lanzamiento de clava. En bala, logr\u00f3 superar su propio r\u00e9cord americano pero qued\u00f3 ubicad en la cuarta posici\u00f3n. Como parte de su gira por Europa, Romina Fern\u00e1ndez contin\u00faa sumando\u2026","rel":"","context":"En \u00abDeportes\u00bb","block_context":{"text":"Deportes","link":"https:\/\/www.hoymercedes.com.ar\/principal\/category\/deportes\/"},"img":{"alt_text":"","src":"https:\/\/i0.wp.com\/www.hoymercedes.com.ar\/principal\/wp-content\/uploads\/2022\/06\/Romina-1306.jpeg?resize=350%2C200&ssl=1","width":350,"height":200,"srcset":"https:\/\/i0.wp.com\/www.hoymercedes.com.ar\/principal\/wp-content\/uploads\/2022\/06\/Romina-1306.jpeg?resize=350%2C200&ssl=1 1x, https:\/\/i0.wp.com\/www.hoymercedes.com.ar\/principal\/wp-content\/uploads\/2022\/06\/Romina-1306.jpeg?resize=525%2C300&ssl=1 1.5x, https:\/\/i0.wp.com\/www.hoymercedes.com.ar\/principal\/wp-content\/uploads\/2022\/06\/Romina-1306.jpeg?resize=700%2C400&ssl=1 2x"},"classes":[]}],"_links":{"self":[{"href":"https:\/\/www.hoymercedes.com.ar\/principal\/wp-json\/wp\/v2\/posts\/83622","targetHints":{"allow":["GET"]}}],"collection":[{"href":"https:\/\/www.hoymercedes.com.ar\/principal\/wp-json\/wp\/v2\/posts"}],"about":[{"href":"https:\/\/www.hoymercedes.com.ar\/principal\/wp-json\/wp\/v2\/types\/post"}],"author":[{"embeddable":true,"href":"https:\/\/www.hoymercedes.com.ar\/principal\/wp-json\/wp\/v2\/users\/1"}],"replies":[{"embeddable":true,"href":"https:\/\/www.hoymercedes.com.ar\/principal\/wp-json\/wp\/v2\/comments?post=83622"}],"version-history":[{"count":0,"href":"https:\/\/www.hoymercedes.com.ar\/principal\/wp-json\/wp\/v2\/posts\/83622\/revisions"}],"wp:featuredmedia":[{"embeddable":true,"href":"https:\/\/www.hoymercedes.com.ar\/principal\/wp-json\/wp\/v2\/media\/83623"}],"wp:attachment":[{"href":"https:\/\/www.hoymercedes.com.ar\/principal\/wp-json\/wp\/v2\/media?parent=83622"}],"wp:term":[{"taxonomy":"category","embeddable":true,"href":"https:\/\/www.hoymercedes.com.ar\/principal\/wp-json\/wp\/v2\/categories?post=83622"},{"taxonomy":"post_tag","embeddable":true,"href":"https:\/\/www.hoymercedes.com.ar\/principal\/wp-json\/wp\/v2\/tags?post=83622"}],"curies":[{"name":"wp","href":"https:\/\/api.w.org\/{rel}","templated":true}]}}