{"id":83637,"date":"2018-11-06T09:45:30","date_gmt":"2018-11-06T12:45:30","guid":{"rendered":"http:\/\/www.hoymercedes.com.ar\/principal\/?p=83637"},"modified":"2018-11-06T09:05:10","modified_gmt":"2018-11-06T12:05:10","slug":"lo-que-deberia-haber-sido-una-jornada-solidaria-termina-con-un-hecho-malintencionado","status":"publish","type":"post","link":"https:\/\/www.hoymercedes.com.ar\/principal\/2018\/11\/06\/lo-que-deberia-haber-sido-una-jornada-solidaria-termina-con-un-hecho-malintencionado\/","title":{"rendered":"\u00abLo que deber\u00eda haber sido una jornada solidaria, termina con un hecho malintencionado\u00bb"},"content":{"rendered":"<p>Por Concejal Jos\u00e9 Mar\u00eda Comesa\u00f1a &#8211;\u00a0El d\u00eda viernes 3 de noviembre, por la noche se realiz\u00f3 la cena para recaudar fondos para la guardia pedi\u00e1trica del Hospital Blas Dubarry, a la que asist\u00ed como ciudadano, adem\u00e1s de haber sido parte del mismo durante 20 a\u00f1os.\u00a0Arrib\u00e9 al Club estudiantes alrededor de las 21 horas y dej\u00e9 el auto estacionado en la calle 33 entre 12 y 14 (frente a la plaza Belgrano).<\/p>\n<p>Luego de la cena, unas horas\u00a0despu\u00e9s, me encuentro con el veh\u00edculo rayado a la altura del capot y las puertas, con un aparente elemento punzante. Lamentablemente no hab\u00eda ninguna c\u00e1mara que haya registrado el momento.<\/p>\n<p>Adem\u00e1s de hacer la denuncia correspondiente en la fiscal\u00eda de nuestra localidad, quiero expresar el descontento una vez m\u00e1s, y el repudio del acto vand\u00e1lico del que fui v\u00edctima.<\/p>\n<p>Este hecho me causa una profunda tristeza, no por los da\u00f1os materiales sino por la violencia que se torna moneda corriente, lamentablemente en nuestra sociedad. Lo que deber\u00eda haber sido una jornada solidaria totalmente positiva para todos los Mercedinos, termina con un hecho que a las claras, fue malintencionado hacia mi persona, ya que es el \u00fanico auto que apareci\u00f3 en esas condiciones.<\/p>\n<p>Si los ciudadanos despu\u00e9s de las agresiones sufridas durante la sesi\u00f3n en donde se trataba el Pacto Fiscal, no aprendimos que la violencia no es el camino ni la soluci\u00f3n, \u00bfqu\u00e9 otro hecho necesitamos para darnos cuenta? Podemos estar de un lado o del otro, militar banderas pol\u00edticas distintas, pero lo que debemos dejar de permitir es que la\u00a0violencia sea moneda corriente en nuestra sociedad.<\/p>\n<p>Una vez m\u00e1s, instalando el miedo y a trav\u00e9s de las agresiones, vuelven a burlar la democracia\u201d.<\/p>\n<p class=\"jetpack-slideshow-noscript robots-nocontent\">El pase de diapositivas requiere JavaScript.<\/p><div id=\"gallery-83637-1-slideshow\" class=\"jetpack-slideshow-window jetpack-slideshow jetpack-slideshow-black\" data-trans=\"fade\" data-autostart=\"1\" data-gallery=\"[{&quot;src&quot;:&quot;https:\\\/\\\/www.hoymercedes.com.ar\\\/principal\\\/wp-content\\\/uploads\\\/2018\\\/11\\\/06-comesa\\u00f1a-auto-1-630x473.jpg&quot;,&quot;id&quot;:&quot;83638&quot;,&quot;title&quot;:&quot;06 comesa\\u00f1a auto 1&quot;,&quot;alt&quot;:&quot;&quot;,&quot;caption&quot;:&quot;&quot;,&quot;itemprop&quot;:&quot;image&quot;},{&quot;src&quot;:&quot;https:\\\/\\\/www.hoymercedes.com.ar\\\/principal\\\/wp-content\\\/uploads\\\/2018\\\/11\\\/06-comesa\\u00f1a-auto-630x419.jpg&quot;,&quot;id&quot;:&quot;83639&quot;,&quot;title&quot;:&quot;06 comesa\\u00f1a auto&quot;,&quot;alt&quot;:&quot;&quot;,&quot;caption&quot;:&quot;&quot;,&quot;itemprop&quot;:&quot;image&quot;}]\" itemscope itemtype=\"https:\/\/schema.org\/ImageGallery\"><\/div>\n","protected":false},"excerpt":{"rendered":"<p>Por Concejal Jos\u00e9 Mar\u00eda Comesa\u00f1a &#8211;\u00a0El d\u00eda viernes 3 de noviembre, por la noche se realiz\u00f3 la cena para recaudar &#8230; <a title=\"\u00abLo que deber\u00eda haber sido una jornada solidaria, termina con un hecho malintencionado\u00bb\" class=\"read-more\" href=\"https:\/\/www.hoymercedes.com.ar\/principal\/2018\/11\/06\/lo-que-deberia-haber-sido-una-jornada-solidaria-termina-con-un-hecho-malintencionado\/\" aria-label=\"Leer m\u00e1s sobre \u00abLo que deber\u00eda haber sido una jornada solidaria, termina con un hecho malintencionado\u00bb\">Leer m\u00e1s<\/a><\/p>\n","protected":false},"author":1,"featured_media":78718,"comment_status":"closed","ping_status":"open","sticky":false,"template":"","format":"standard","meta":{"_monsterinsights_skip_tracking":false,"_monsterinsights_sitenote_active":false,"_monsterinsights_sitenote_note":"","_monsterinsights_sitenote_category":0,"jetpack_post_was_ever_published":false,"_jetpack_newsletter_access":"","_jetpack_dont_email_post_to_subs":false,"_jetpack_newsletter_tier_id":0,"_jetpack_memberships_contains_paywalled_content":false,"_jetpack_memberships_contains_paid_content":false,"footnotes":"","jetpack_publicize_message":"","jetpack_publicize_feature_enabled":true,"jetpack_social_post_already_shared":true,"jetpack_social_options":{"image_generator_settings":{"template":"highway","default_image_id":0,"font":"","enabled":false},"version":2},"_wpas_customize_per_network":false},"categories":[5],"tags":[3509,13999,14000,5319],"class_list":["post-83637","post","type-post","status-publish","format-standard","has-post-thumbnail","hentry","category-politica","tag-agresion","tag-concejal-comesana","tag-denuncia-publica","tag-politica-2","generate-columns","tablet-grid-50","mobile-grid-100","grid-parent","grid-50"],"jetpack_publicize_connections":[],"jetpack_featured_media_url":"https:\/\/www.hoymercedes.com.ar\/principal\/wp-content\/uploads\/2018\/07\/17-seson-comesana.jpg","wps_subtitle":"Denuncia p\u00fablica","jetpack_sharing_enabled":true,"_links":{"self":[{"href":"https:\/\/www.hoymercedes.com.ar\/principal\/wp-json\/wp\/v2\/posts\/83637","targetHints":{"allow":["GET"]}}],"collection":[{"href":"https:\/\/www.hoymercedes.com.ar\/principal\/wp-json\/wp\/v2\/posts"}],"about":[{"href":"https:\/\/www.hoymercedes.com.ar\/principal\/wp-json\/wp\/v2\/types\/post"}],"author":[{"embeddable":true,"href":"https:\/\/www.hoymercedes.com.ar\/principal\/wp-json\/wp\/v2\/users\/1"}],"replies":[{"embeddable":true,"href":"https:\/\/www.hoymercedes.com.ar\/principal\/wp-json\/wp\/v2\/comments?post=83637"}],"version-history":[{"count":0,"href":"https:\/\/www.hoymercedes.com.ar\/principal\/wp-json\/wp\/v2\/posts\/83637\/revisions"}],"wp:featuredmedia":[{"embeddable":true,"href":"https:\/\/www.hoymercedes.com.ar\/principal\/wp-json\/wp\/v2\/media\/78718"}],"wp:attachment":[{"href":"https:\/\/www.hoymercedes.com.ar\/principal\/wp-json\/wp\/v2\/media?parent=83637"}],"wp:term":[{"taxonomy":"category","embeddable":true,"href":"https:\/\/www.hoymercedes.com.ar\/principal\/wp-json\/wp\/v2\/categories?post=83637"},{"taxonomy":"post_tag","embeddable":true,"href":"https:\/\/www.hoymercedes.com.ar\/principal\/wp-json\/wp\/v2\/tags?post=83637"}],"curies":[{"name":"wp","href":"https:\/\/api.w.org\/{rel}","templated":true}]}}