{"id":83641,"date":"2018-11-06T10:30:38","date_gmt":"2018-11-06T13:30:38","guid":{"rendered":"http:\/\/www.hoymercedes.com.ar\/principal\/?p=83641"},"modified":"2018-11-06T09:14:27","modified_gmt":"2018-11-06T12:14:27","slug":"miercoles-7-farmacias-cerradas-por-la-manana-por-movilizacion-a-capital-federal","status":"publish","type":"post","link":"https:\/\/www.hoymercedes.com.ar\/principal\/2018\/11\/06\/miercoles-7-farmacias-cerradas-por-la-manana-por-movilizacion-a-capital-federal\/","title":{"rendered":"Mi\u00e9rcoles 7: farmacias cerradas por la ma\u00f1ana por movilizaci\u00f3n a Capital Federal"},"content":{"rendered":"<p>El Colegio de Farmac\u00e9utico de Mercedes informa a la comunidad que en la ma\u00f1ana del mi\u00e9rcoles 7 de noviembre, las farmacias permanecer\u00e1n cerradas, quedando el servicio de guardia para la atenci\u00f3n de los vecinos (Eduardo Telesca, Tejedor y Palma). Los farmac\u00e9uticos mercedinos junto a los bonaerenses se movilizar\u00e1n al Palacio de Tribunales (Plaza Lavalle \u2013 CABA) en defensa de la salud p\u00fablica.<\/p>\n<p>\u201cLa participaci\u00f3n y el compromiso de todos son claves para que respeten las leyes\u201d, expresaron desde el Colegio de Farmaceuticos local.<\/p>\n<p>Este mi\u00e9rcoles 7 de noviembre se realizar\u00e1 la primera Audiencia P\u00fablica en la Corte Suprema de Justicia sobre el Caso Farmacity. Una semana m\u00e1s tarde, el 14 se realizar\u00e1 una segunda instancia y luego los Jueces de la Corte podr\u00e1n emitir su sentencia para que la cadena de Farmacias ingrese o no al territorio bonaerense.<\/p>\n<p>Es en defensa de la constitucionalidad de los art\u00edculos 3 y 14 de la ley de la ley 10.606 de la provincia de Buenos Aires, que regula desde 1985 la propiedad de los establecimientos farmac\u00e9uticos.<\/p>\n<p>&nbsp;<\/p>\n","protected":false},"excerpt":{"rendered":"<p>El Colegio de Farmac\u00e9utico de Mercedes informa a la comunidad que en la ma\u00f1ana del mi\u00e9rcoles 7 de noviembre, las &#8230; <a title=\"Mi\u00e9rcoles 7: farmacias cerradas por la ma\u00f1ana por movilizaci\u00f3n a Capital Federal\" class=\"read-more\" href=\"https:\/\/www.hoymercedes.com.ar\/principal\/2018\/11\/06\/miercoles-7-farmacias-cerradas-por-la-manana-por-movilizacion-a-capital-federal\/\" aria-label=\"Leer m\u00e1s sobre Mi\u00e9rcoles 7: farmacias cerradas por la ma\u00f1ana por movilizaci\u00f3n a Capital Federal\">Leer m\u00e1s<\/a><\/p>\n","protected":false},"author":1,"featured_media":83642,"comment_status":"closed","ping_status":"open","sticky":false,"template":"","format":"standard","meta":{"_monsterinsights_skip_tracking":false,"_monsterinsights_sitenote_active":false,"_monsterinsights_sitenote_note":"","_monsterinsights_sitenote_category":0,"jetpack_post_was_ever_published":false,"_jetpack_newsletter_access":"","_jetpack_dont_email_post_to_subs":false,"_jetpack_newsletter_tier_id":0,"_jetpack_memberships_contains_paywalled_content":false,"_jetpack_memberships_contains_paid_content":false,"footnotes":"","jetpack_publicize_message":"","jetpack_publicize_feature_enabled":true,"jetpack_social_post_already_shared":true,"jetpack_social_options":{"image_generator_settings":{"template":"highway","default_image_id":0,"font":"","enabled":false},"version":2},"_wpas_customize_per_network":false},"categories":[8],"tags":[10357,14001,9256,100],"class_list":["post-83641","post","type-post","status-publish","format-standard","has-post-thumbnail","hentry","category-sociedad","tag-farmacias","tag-farmacias-de-turno","tag-movilizacion","tag-reclamo","generate-columns","tablet-grid-50","mobile-grid-100","grid-parent","grid-50"],"jetpack_publicize_connections":[],"jetpack_featured_media_url":"https:\/\/www.hoymercedes.com.ar\/principal\/wp-content\/uploads\/2018\/11\/06-famarcias.jpg","wps_subtitle":"Quedar\u00e1n las de turno","jetpack_sharing_enabled":true,"_links":{"self":[{"href":"https:\/\/www.hoymercedes.com.ar\/principal\/wp-json\/wp\/v2\/posts\/83641","targetHints":{"allow":["GET"]}}],"collection":[{"href":"https:\/\/www.hoymercedes.com.ar\/principal\/wp-json\/wp\/v2\/posts"}],"about":[{"href":"https:\/\/www.hoymercedes.com.ar\/principal\/wp-json\/wp\/v2\/types\/post"}],"author":[{"embeddable":true,"href":"https:\/\/www.hoymercedes.com.ar\/principal\/wp-json\/wp\/v2\/users\/1"}],"replies":[{"embeddable":true,"href":"https:\/\/www.hoymercedes.com.ar\/principal\/wp-json\/wp\/v2\/comments?post=83641"}],"version-history":[{"count":0,"href":"https:\/\/www.hoymercedes.com.ar\/principal\/wp-json\/wp\/v2\/posts\/83641\/revisions"}],"wp:featuredmedia":[{"embeddable":true,"href":"https:\/\/www.hoymercedes.com.ar\/principal\/wp-json\/wp\/v2\/media\/83642"}],"wp:attachment":[{"href":"https:\/\/www.hoymercedes.com.ar\/principal\/wp-json\/wp\/v2\/media?parent=83641"}],"wp:term":[{"taxonomy":"category","embeddable":true,"href":"https:\/\/www.hoymercedes.com.ar\/principal\/wp-json\/wp\/v2\/categories?post=83641"},{"taxonomy":"post_tag","embeddable":true,"href":"https:\/\/www.hoymercedes.com.ar\/principal\/wp-json\/wp\/v2\/tags?post=83641"}],"curies":[{"name":"wp","href":"https:\/\/api.w.org\/{rel}","templated":true}]}}