{"id":83648,"date":"2018-11-06T15:09:36","date_gmt":"2018-11-06T18:09:36","guid":{"rendered":"http:\/\/www.hoymercedes.com.ar\/principal\/?p=83648"},"modified":"2018-11-06T15:09:36","modified_gmt":"2018-11-06T18:09:36","slug":"marcela-cueto-seleccionada-en-el-salon-de-pintura-de-lujan","status":"publish","type":"post","link":"https:\/\/www.hoymercedes.com.ar\/principal\/2018\/11\/06\/marcela-cueto-seleccionada-en-el-salon-de-pintura-de-lujan\/","title":{"rendered":"Marcela Cueto seleccionada en el Sal\u00f3n de Pintura de Luj\u00e1n"},"content":{"rendered":"<p>El pasado viernes 2\u00a0 se realiz\u00f3 la selecci\u00f3n y premiaci\u00f3n de obras para el XL Sal\u00f3n Nacional de Pintura\u00a0\u201cFern\u00e1n F\u00e9lix de Amador\u201d de Luj\u00e1n. La artista pl\u00e1stica mercedina Marcela Cueto fue seleccionada para la exposici\u00f3n que se inaugura el s\u00e1bado 17 de noviembre.<\/p>\n<figure id=\"attachment_83649\" aria-describedby=\"caption-attachment-83649\" style=\"width: 620px\" class=\"wp-caption aligncenter\"><img loading=\"lazy\" decoding=\"async\" data-attachment-id=\"83649\" data-permalink=\"https:\/\/www.hoymercedes.com.ar\/principal\/2018\/11\/06\/marcela-cueto-seleccionada-en-el-salon-de-pintura-de-lujan\/06-marcela-cueto\/#main\" data-orig-file=\"https:\/\/www.hoymercedes.com.ar\/principal\/wp-content\/uploads\/2018\/11\/06-marcela-cueto.jpg\" data-orig-size=\"750,498\" data-comments-opened=\"0\" data-image-meta=\"{&quot;aperture&quot;:&quot;0&quot;,&quot;credit&quot;:&quot;&quot;,&quot;camera&quot;:&quot;&quot;,&quot;caption&quot;:&quot;&quot;,&quot;created_timestamp&quot;:&quot;0&quot;,&quot;copyright&quot;:&quot;&quot;,&quot;focal_length&quot;:&quot;0&quot;,&quot;iso&quot;:&quot;0&quot;,&quot;shutter_speed&quot;:&quot;0&quot;,&quot;title&quot;:&quot;&quot;,&quot;orientation&quot;:&quot;0&quot;}\" data-image-title=\"06 marcela cueto\" data-image-description=\"\" data-image-caption=\"&lt;p&gt;Art.L\u2019Olympia Noire ,obra seleccionada en el LX Sal\u00f3n nacional de pintura de Lujan Fernan F\u00e9lix de Amador&lt;\/p&gt;\n\" data-large-file=\"https:\/\/www.hoymercedes.com.ar\/principal\/wp-content\/uploads\/2018\/11\/06-marcela-cueto.jpg\" class=\"size-medium wp-image-83649\" src=\"https:\/\/www.hoymercedes.com.ar\/principal\/wp-content\/uploads\/2018\/11\/06-marcela-cueto-630x418.jpg\" alt=\"\" width=\"630\" height=\"418\" srcset=\"https:\/\/www.hoymercedes.com.ar\/principal\/wp-content\/uploads\/2018\/11\/06-marcela-cueto-630x418.jpg 630w, https:\/\/www.hoymercedes.com.ar\/principal\/wp-content\/uploads\/2018\/11\/06-marcela-cueto-150x100.jpg 150w, https:\/\/www.hoymercedes.com.ar\/principal\/wp-content\/uploads\/2018\/11\/06-marcela-cueto.jpg 750w\" sizes=\"auto, (max-width: 630px) 100vw, 630px\" \/><figcaption id=\"caption-attachment-83649\" class=\"wp-caption-text\">Art.L\u2019Olympia Noire ,obra seleccionada en el LX Sal\u00f3n nacional de pintura de Lujan Fernan F\u00e9lix de Amador<\/figcaption><\/figure>\n<p>El Jurado compuesto por los artistas, M\u00f3nica Caputo, N\u00e9stor Goyanes y Rub\u00e9n Borr\u00e9 actuaron sobre un total de 156 obra para seleccionar las que ser\u00e1n exhibidas desde mediados de noviembre. En total 48 obras fueron las seleccionadas. Los premios principales se dieron a conocer por el Museo de Luj\u00e1n:<\/p>\n<p>\u2022 Primer Premio Adquisici\u00f3n $ 25.000 \u2013 \u201cMunicipio de Luj\u00e1n\u201d:\u00a0Artista: Ricardo Ajler.\u00a0Obra: N\u00ba 119.\u00a0T\u00edtulo: \u201cEl General Oto\u00f1o\u201d.\u00a0Dimensiones: 200 x 150 cm.\u00a0Procedimiento: Oleo<\/p>\n<p>\u2022 Segundo Premio No Adquisici\u00f3n \u201cMunicipio de Luj\u00e1n\u201d:\u00a0Artista: Lapo Chirich.\u00a0Obra: N\u00ba 14.\u00a0T\u00edtulo: \u201cSerie soledades Prisi\u00f3n\u201d.\u00a0Dimensiones: 150 x 150 cm.\u00a0Procedimiento: T. Mixta<\/p>\n<p>\u2022 Menci\u00f3n Especial del Jurado:\u00a0Artista: Mar\u00eda Leticia Miglioranza.\u00a0Obra: N\u00ba 58.\u00a0T\u00edtulo: \u201cEl silencio del alma\u201d.\u00a0Dimensiones: 140 x 190 cm.\u00a0Procedimiento: Acr\u00edlico<\/p>\n<p>\u2022 Seis Menciones Honor\u00edficas Medallas \u2013 Diploma \u2013 \u201cAsociaci\u00f3n Amigos del Museo de Bellas Artes\u201d:\u00a0Gustavo Boggia (N\u00b0 143);\u00a0Daniel Vidal (N\u00b0 126);\u00a0Mariano Gabriel Piantoni (N\u00b0 83);\u00a0Francisco Freixas (N\u00b0 48);\u00a0H\u00e9ctor Ra\u00fal Romero (N\u00b0 122) y\u00a0Osvaldo Rodr\u00edguez (N\u00b0 71)<\/p>\n<p>\u2022 Premio Adquisici\u00f3n al Artista Local. $ 10.000,00 \u2013 \u201cAsociaci\u00f3n Amigos del Museo de Bellas Artes\u201d:\u00a0Artista: Nicol\u00e1s Filippoli.\u00a0Obra: N\u00b0 3.\u00a0T\u00edtulo: \u201cPirueta y giro\u201d.\u00a0Dimensiones: 200 x 100 cm.\u00a0Procedimiento: \u00d3leo<\/p>\n<p><strong>Seleccionados XL Sal\u00f3n Nacional de Pintura \u201cFern\u00e1n F\u00e9lix de Amador\u201d<\/strong><\/p>\n<p>\u2022 Emilio Guillermo Lockett -\u201cSin t\u00edtulo\u201d \u2013 T. Mixta \u2013 180 x1 90 cm. (N\u00b0 1)<br \/>\n\u2022 Mariano Llaneza \u201cNostalgia del presente\u201d \u2013 \u00d3leo \u2013 100 x 150 cm. (N\u00b0 2)<br \/>\n\u2022 Roc\u00edo La Vega \u201cPrincipio en rojo \u2013 T. Mixta \u2013 120 x 100 cm. (N\u00b0 4)<br \/>\n\u2022 Marcela Cueto \u201cOlympia Noir\u00e9\u201d \u2013 d\u00edptico \u2013 \u00f3leo 121 x 180 cm. (N\u00b0 10)<br \/>\n\u2022 Mar\u00eda Sol Baranda \u201cAltibajos 5\u201d \u2013 Acr\u00edlico \u2013 100 x 100 cm. (N\u00b0 25)<br \/>\n\u2022 Zully Melo \u201cTango en la ciudad\u201d \u2013 T. Mixta \u2013 88 x 110 cm. (N\u00b0 29)<br \/>\n\u2022 Carla Cerchiara \u201ctransiciones\u201d \u2013 Acr\u00edlico \u2013 100 x 100 cm. (N\u00b0 35)<br \/>\n\u2022 Marcelo Pravato \u201cReset tauromakio\u201d \u2013 Acr\u00edlico \u2013 100 x 150 cm. (N\u00b0 42)<br \/>\n\u2022 Mario A. Restaino \u201cIm\u00e1genes del naufragio\u201d \u2013 T. Mixta \u2013 120 x 100 cm. (N\u00b0 46)<br \/>\n\u2022 Mar\u00eda Silvia Torres \u201cNo juego m\u00e1s\u201d \u2013 Oleo \u2013 140 x 140 cm. (N\u00b0 47)<br \/>\n\u2022 Josefina Madariaga \u201cLa ni\u00f1a de cabello Blanco\u201d \u2013 \u00d3leo \u2013 180 x 120 cm. (N\u00b0 52)<br \/>\n\u2022 Graciela Lucia L\u00f3pez \u201cFuga en color y geometr\u00eda\u201d \u2013 Acr\u00edlico \u2013 150 x 110 cm. (N\u00b0 54)<br \/>\n\u2022 Marcelo Evangelista \u201cPaisaje interior 2 de agosto\u201d \u2013 Acr\u00edlico \u2013 113 x 150cm. (N\u00b0 56)<br \/>\n\u2022 Gabriela Lamicq \u201cSi Me Matas, Me Hago La muerta\u2026 Yo Me Muero Por Vivir\u201d \u2013 Acr\u00edlico \u2013 150 x 150 cm. (N\u00b0 63)<br \/>\n\u2022 Nicol\u00e1s Distefano \u201cCon su pasado a cuesta\u201d \u2013 T. Mixta \u2013 122 X 101 cm. (N\u00b0 66)<br \/>\n\u2022 Gabriela Olivieri \u201cRecodos Fluviales\u201d \u2013 Acr\u00edlico \u2013 150 x 150 cm. (N\u00b0 72)<br \/>\n\u2022 Juli\u00e1n Mat\u00edas Cervini \u201cFuerzas expresivas\u201d \u2013 T. Mixta \u2013 140 x 140 cm. (N\u00b0 77)<br \/>\n\u2022 Laura C\u00f3rdoba \u201cLos p\u00e1jaros queman el viento en los cabellos de la mujer solitaria\u201d \u2013 T. Mixta \u2013 100 x 100 cm. (N\u00b0 79)<br \/>\n\u2022 Daniel Castro Cuccini \u201cSin palabras\u201d (\u2026\u2026.) \u2013 T. Mixta \u2013 120 x 100 cm. (N\u00b0 85)<br \/>\n\u2022 Ra\u00fal Pastor Ramos \u201cArmon\u00eda\u201d \u2013 T. Mixta \u2013 100 x 100 cm. (N\u00b0 86)<br \/>\n\u2022 Horacio Cacciabue \u201cLos Dromanos\u201d \u2013 Acr\u00edlico \u2013 140 x 193 cm. (N\u00b0 90)<br \/>\n\u2022 Diego Ib\u00e1\u00f1ez \u201cIndiana\u201d \u2013 Acr\u00edlico \u2013 140 x 170 cm. (N\u00b0 91)<br \/>\n\u2022 Rosana Quagliariello \u201cDeconstrucci\u00f3n\u201d \u2013 T. Mixta \u2013 120 x 100 cm. (N\u00b0 99)<br \/>\n\u2022 Francisco Zucchi \u201cLos caprichos del enigma\u201d \u2013 T. Mixta \u2013 120 x 130 cm. (N\u00b0 102)<br \/>\n\u2022 Rodrigo Higuero \u201cInvierno Azul\u201d \u2013 Oleo \u2013 100 x 100 cm. (N\u00b0 105)<br \/>\n\u2022 Juan Ram\u00f3n Rojas \u201cRueda pirca\u201d \u2013 T. Mixta \u2013 120 x 120 cm. (N\u00b0 107)<br \/>\n\u2022 Alicia Rapoport \u201cCaminante\u201d \u2013 Acr\u00edlico \u2013 150 x 200 cm. (N\u00b0 113)<br \/>\n\u2022 Cristina Minacori \u201cPensamientos aplastados\u201d \u2013 T. Mixta \u2013 180 x 150 cm. (N\u00b0 114)<br \/>\n\u2022 Jorge Sigal \u201cTres Cuadros\u201d \u2013 Acr\u00edlico \u2013 150 x 100 cm. (N\u00b0 116)<br \/>\n\u2022 Gustavo Sigal \u201cen lo oscuro\u201d \u2013 Oleo \u2013 100 x 120 cm. (N\u00b0 131)<br \/>\n\u2022 Alejandro Chekherdemian \u201cRio Manzanares\u201d \u2013 Oleo \u2013 125 x 125 cm. (N\u00b0 134)<br \/>\n\u2022 Nilda Cristina Coviella Burzaco \u201cEl Agua\u201d \u2013 T. Mixta \u2013 97 x 130 cm. (N\u00b0 138)<br \/>\n\u2022 Ana Erman \u201cCaminando por el bosque\u201d \u2013 D\u00edptico \u2013 150 x 170 cm. (N\u00b0 139)<br \/>\n\u2022 Nelly Arauz \u201cExtravagancia de los sue\u00f1os\u201d \u2013 T. Mixta \u2013 100 x 140 cm. (N\u00b0 140)<br \/>\n\u2022 Hugo Enrique Dinzelbacher \u201cSecuencia\u201d \u2013 T. Mixta \u2013 150 x 150 cm. (N\u00b0 150)<br \/>\n\u2022 Carlos Eduardo Vera \u201cCastillos en el aire II\u201d \u2013 T. Mixta \u2013 100 x 160 cm. (N\u00b0 153)<br \/>\n\u2022 Francisco Hern\u00e1ndez \u201cCostumbres Argentinas N\u00b0 5\u201d \u2013 T. Mixta \u2013 130 x 170 cm. (N\u00b0 154)<br \/>\n\u2022 Elsa Elena Espeleta Basail \u201cNi una menos\u201d \u2013 Oleo \u2013 150 x 100 cm. (N\u00b0 155)<\/p>\n<p>El Museo agradece a todos los artistas que participaron enviando sus obras; entendiendo, que al aceptar intervenir en un concurso de estas magnitudes, se saben las reglas de juego que corresponden al mismo, por tal motivo, s\u00f3lo nos queda invitarlos a participar de la inauguraci\u00f3n la cual como hemos dicho, tendr\u00e1 lugar el pr\u00f3ximo s\u00e1bado 17 de noviembre de 2018 a las 20:00 horas.-<\/p>\n<p>Para mayor informaci\u00f3n Ingresar al sitio Web:\u00a0www.lujan.gov.ar\u00a0\u2013 e-mail: bellasartes@lujan.gov.ar \u2013 Telef\u00f3nicamente: 02323 \u2013 420755.-<\/p>\n<p>&nbsp;<\/p>\n","protected":false},"excerpt":{"rendered":"<p>El pasado viernes 2\u00a0 se realiz\u00f3 la selecci\u00f3n y premiaci\u00f3n de obras para el XL Sal\u00f3n Nacional de Pintura\u00a0\u201cFern\u00e1n F\u00e9lix &#8230; <a title=\"Marcela Cueto seleccionada en el Sal\u00f3n de Pintura de Luj\u00e1n\" class=\"read-more\" href=\"https:\/\/www.hoymercedes.com.ar\/principal\/2018\/11\/06\/marcela-cueto-seleccionada-en-el-salon-de-pintura-de-lujan\/\" aria-label=\"Leer m\u00e1s sobre Marcela Cueto seleccionada en el Sal\u00f3n de Pintura de Luj\u00e1n\">Leer m\u00e1s<\/a><\/p>\n","protected":false},"author":1,"featured_media":83649,"comment_status":"closed","ping_status":"open","sticky":false,"template":"","format":"standard","meta":{"_monsterinsights_skip_tracking":false,"_monsterinsights_sitenote_active":false,"_monsterinsights_sitenote_note":"","_monsterinsights_sitenote_category":0,"jetpack_post_was_ever_published":false,"_jetpack_newsletter_access":"","_jetpack_dont_email_post_to_subs":false,"_jetpack_newsletter_tier_id":0,"_jetpack_memberships_contains_paywalled_content":false,"_jetpack_memberships_contains_paid_content":false,"footnotes":"","jetpack_publicize_message":"","jetpack_publicize_feature_enabled":true,"jetpack_social_post_already_shared":true,"jetpack_social_options":{"image_generator_settings":{"template":"highway","default_image_id":0,"font":"","enabled":false},"version":2},"_wpas_customize_per_network":false},"categories":[104],"tags":[7805,5434,10,11334],"class_list":["post-83648","post","type-post","status-publish","format-standard","has-post-thumbnail","hentry","category-cultura","tag-cultura","tag-marcela-cueto","tag-mercedes","tag-salon-de-pintura-de-lujan","generate-columns","tablet-grid-50","mobile-grid-100","grid-parent","grid-50"],"jetpack_publicize_connections":[],"jetpack_featured_media_url":"https:\/\/www.hoymercedes.com.ar\/principal\/wp-content\/uploads\/2018\/11\/06-marcela-cueto.jpg","wps_subtitle":"Exposici\u00f3n desde el 17 de noviembre","jetpack_sharing_enabled":true,"_links":{"self":[{"href":"https:\/\/www.hoymercedes.com.ar\/principal\/wp-json\/wp\/v2\/posts\/83648","targetHints":{"allow":["GET"]}}],"collection":[{"href":"https:\/\/www.hoymercedes.com.ar\/principal\/wp-json\/wp\/v2\/posts"}],"about":[{"href":"https:\/\/www.hoymercedes.com.ar\/principal\/wp-json\/wp\/v2\/types\/post"}],"author":[{"embeddable":true,"href":"https:\/\/www.hoymercedes.com.ar\/principal\/wp-json\/wp\/v2\/users\/1"}],"replies":[{"embeddable":true,"href":"https:\/\/www.hoymercedes.com.ar\/principal\/wp-json\/wp\/v2\/comments?post=83648"}],"version-history":[{"count":0,"href":"https:\/\/www.hoymercedes.com.ar\/principal\/wp-json\/wp\/v2\/posts\/83648\/revisions"}],"wp:featuredmedia":[{"embeddable":true,"href":"https:\/\/www.hoymercedes.com.ar\/principal\/wp-json\/wp\/v2\/media\/83649"}],"wp:attachment":[{"href":"https:\/\/www.hoymercedes.com.ar\/principal\/wp-json\/wp\/v2\/media?parent=83648"}],"wp:term":[{"taxonomy":"category","embeddable":true,"href":"https:\/\/www.hoymercedes.com.ar\/principal\/wp-json\/wp\/v2\/categories?post=83648"},{"taxonomy":"post_tag","embeddable":true,"href":"https:\/\/www.hoymercedes.com.ar\/principal\/wp-json\/wp\/v2\/tags?post=83648"}],"curies":[{"name":"wp","href":"https:\/\/api.w.org\/{rel}","templated":true}]}}