{"id":8365,"date":"2011-10-18T23:00:50","date_gmt":"2011-10-18T23:00:50","guid":{"rendered":"http:\/\/www.hoymercedes.com.ar\/principal\/?p=8365"},"modified":"2011-10-18T23:01:17","modified_gmt":"2011-10-18T23:01:17","slug":"segunda-etapa-de-remodelacion-de-carteleria","status":"publish","type":"post","link":"https:\/\/www.hoymercedes.com.ar\/principal\/2011\/10\/18\/segunda-etapa-de-remodelacion-de-carteleria\/","title":{"rendered":"Segunda etapa de remodelaci\u00f3n de carteler\u00eda"},"content":{"rendered":"<p style=\"text-align: center;\"><a href=\"https:\/\/www.hoymercedes.com.ar\/principal\/wp-content\/uploads\/2011\/10\/Iluminaci\u00f3n-Carteler\u00eda.jpg\"><img loading=\"lazy\" decoding=\"async\" data-attachment-id=\"8367\" data-permalink=\"https:\/\/www.hoymercedes.com.ar\/principal\/2011\/10\/18\/segunda-etapa-de-remodelacion-de-carteleria\/iluminacion-carteleria\/#main\" data-orig-file=\"https:\/\/www.hoymercedes.com.ar\/principal\/wp-content\/uploads\/2011\/10\/Iluminaci\u00f3n-Carteler\u00eda.jpg\" data-orig-size=\"800,600\" data-comments-opened=\"1\" data-image-meta=\"{&quot;aperture&quot;:&quot;0&quot;,&quot;credit&quot;:&quot;&quot;,&quot;camera&quot;:&quot;&quot;,&quot;caption&quot;:&quot;&quot;,&quot;created_timestamp&quot;:&quot;0&quot;,&quot;copyright&quot;:&quot;&quot;,&quot;focal_length&quot;:&quot;0&quot;,&quot;iso&quot;:&quot;0&quot;,&quot;shutter_speed&quot;:&quot;0&quot;,&quot;title&quot;:&quot;&quot;}\" data-image-title=\"Iluminaci\u00f3n-Carteler\u00eda\" data-image-description=\"\" data-image-caption=\"\" data-large-file=\"https:\/\/www.hoymercedes.com.ar\/principal\/wp-content\/uploads\/2011\/10\/Iluminaci\u00f3n-Carteler\u00eda.jpg\" class=\"aligncenter size-full wp-image-8367\" title=\"Iluminaci\u00f3n-Carteler\u00eda\" src=\"https:\/\/www.hoymercedes.com.ar\/principal\/wp-content\/uploads\/2011\/10\/Iluminaci\u00f3n-Carteler\u00eda.jpg\" alt=\"\" width=\"612\" height=\"450\" \/><\/a><\/p>\n<p>Dentro del plan integral de mejoras de la se\u00f1al\u00e9tica, estructuras e informaci\u00f3n tur\u00edstica de la ciudad se ha comenzado a colocar la iluminaci\u00f3n a los nuevos carteles presentados d\u00edas atr\u00e1s.<\/p>\n<p>Las grandes estructuras, modernas y dise\u00f1adas especialmente en forma conjunta con la \u201cAsociaci\u00f3n Empresaria Hotelera Gastron\u00f3mica de la Ciudad de La Plata y su zona de influencia\u201d fueron presentados oficialmente durante las \u00faltimas semanas, pero, en esta ocasi\u00f3n, se ha empezado a trabajar en la \u00faltima etapa de su constituci\u00f3n que la iluminaci\u00f3n.<\/p>\n<p>A cargo del personal municipal el primero con iluminaci\u00f3n ha sido el ubicado en la Terminal siendo el segundo en recibir la mejora el colocado en Plaza San Mart\u00edn.<\/p>\n<p>Esta acci\u00f3n dar\u00eda fin a la mejora dentro del servicio de atenci\u00f3n al visitante en t\u00e9rminos de carteler\u00eca, mapas e informaci\u00f3n est\u00e1tica.<\/p>\n<p><span style=\"color: #888888;\">Fuente: DirTur<\/span><\/p>\n","protected":false},"excerpt":{"rendered":"<p>Dentro del plan integral de mejoras de la se\u00f1al\u00e9tica, estructuras e informaci\u00f3n tur\u00edstica de la ciudad se ha comenzado a &#8230; <a title=\"Segunda etapa de remodelaci\u00f3n de carteler\u00eda\" class=\"read-more\" href=\"https:\/\/www.hoymercedes.com.ar\/principal\/2011\/10\/18\/segunda-etapa-de-remodelacion-de-carteleria\/\" aria-label=\"Leer m\u00e1s sobre Segunda etapa de remodelaci\u00f3n de carteler\u00eda\">Leer m\u00e1s<\/a><\/p>\n","protected":false},"author":1,"featured_media":0,"comment_status":"open","ping_status":"open","sticky":false,"template":"","format":"standard","meta":{"_monsterinsights_skip_tracking":false,"_monsterinsights_sitenote_active":false,"_monsterinsights_sitenote_note":"","_monsterinsights_sitenote_category":0,"jetpack_post_was_ever_published":false,"_jetpack_newsletter_access":"","_jetpack_dont_email_post_to_subs":false,"_jetpack_newsletter_tier_id":0,"_jetpack_memberships_contains_paywalled_content":false,"_jetpack_memberships_contains_paid_content":false,"footnotes":"","jetpack_publicize_message":"","jetpack_publicize_feature_enabled":true,"jetpack_social_post_already_shared":false,"jetpack_social_options":{"image_generator_settings":{"template":"highway","default_image_id":0,"font":"","enabled":false},"version":2},"_wpas_customize_per_network":false},"categories":[30],"tags":[986,10],"class_list":["post-8365","post","type-post","status-publish","format-standard","hentry","category-municipio","tag-direccion-de-turismo","tag-mercedes","generate-columns","tablet-grid-50","mobile-grid-100","grid-parent","grid-50"],"jetpack_publicize_connections":[],"jetpack_featured_media_url":"","wps_subtitle":"","jetpack_sharing_enabled":true,"_links":{"self":[{"href":"https:\/\/www.hoymercedes.com.ar\/principal\/wp-json\/wp\/v2\/posts\/8365","targetHints":{"allow":["GET"]}}],"collection":[{"href":"https:\/\/www.hoymercedes.com.ar\/principal\/wp-json\/wp\/v2\/posts"}],"about":[{"href":"https:\/\/www.hoymercedes.com.ar\/principal\/wp-json\/wp\/v2\/types\/post"}],"author":[{"embeddable":true,"href":"https:\/\/www.hoymercedes.com.ar\/principal\/wp-json\/wp\/v2\/users\/1"}],"replies":[{"embeddable":true,"href":"https:\/\/www.hoymercedes.com.ar\/principal\/wp-json\/wp\/v2\/comments?post=8365"}],"version-history":[{"count":0,"href":"https:\/\/www.hoymercedes.com.ar\/principal\/wp-json\/wp\/v2\/posts\/8365\/revisions"}],"wp:attachment":[{"href":"https:\/\/www.hoymercedes.com.ar\/principal\/wp-json\/wp\/v2\/media?parent=8365"}],"wp:term":[{"taxonomy":"category","embeddable":true,"href":"https:\/\/www.hoymercedes.com.ar\/principal\/wp-json\/wp\/v2\/categories?post=8365"},{"taxonomy":"post_tag","embeddable":true,"href":"https:\/\/www.hoymercedes.com.ar\/principal\/wp-json\/wp\/v2\/tags?post=8365"}],"curies":[{"name":"wp","href":"https:\/\/api.w.org\/{rel}","templated":true}]}}