{"id":83652,"date":"2018-11-06T16:40:57","date_gmt":"2018-11-06T19:40:57","guid":{"rendered":"http:\/\/www.hoymercedes.com.ar\/principal\/?p=83652"},"modified":"2018-11-06T15:33:32","modified_gmt":"2018-11-06T18:33:32","slug":"el-diputado-selva-encabezo-reconocimiento-a-la-fundacion-boca-social","status":"publish","type":"post","link":"https:\/\/www.hoymercedes.com.ar\/principal\/2018\/11\/06\/el-diputado-selva-encabezo-reconocimiento-a-la-fundacion-boca-social\/","title":{"rendered":"El Diputado Selva encabez\u00f3 reconocimiento a la Fundaci\u00f3n Boca Social"},"content":{"rendered":"<p>El Diputado Nacional Carlos Selva (UNA) encabez\u00f3 el acto de reconocimiento a la Fundaci\u00f3n Boca Social por su labor en el desarrollo y promoci\u00f3n de oportunidades para la familia en su conjunto y la generaci\u00f3n de igualdad de oportunidades, inclusi\u00f3n e integraci\u00f3n social. El acto realizado en la tarde del lunes, cont\u00f3 con la presencia del Club Boca Junior Daniel Angelici.<\/p>\n<figure id=\"attachment_83653\" aria-describedby=\"caption-attachment-83653\" style=\"width: 620px\" class=\"wp-caption aligncenter\"><img loading=\"lazy\" decoding=\"async\" data-attachment-id=\"83653\" data-permalink=\"https:\/\/www.hoymercedes.com.ar\/principal\/2018\/11\/06\/el-diputado-selva-encabezo-reconocimiento-a-la-fundacion-boca-social\/06-selva-bjr\/#main\" data-orig-file=\"https:\/\/www.hoymercedes.com.ar\/principal\/wp-content\/uploads\/2018\/11\/06-Selva-BJr.jpg\" data-orig-size=\"801,535\" data-comments-opened=\"0\" data-image-meta=\"{&quot;aperture&quot;:&quot;0&quot;,&quot;credit&quot;:&quot;&quot;,&quot;camera&quot;:&quot;&quot;,&quot;caption&quot;:&quot;&quot;,&quot;created_timestamp&quot;:&quot;0&quot;,&quot;copyright&quot;:&quot;&quot;,&quot;focal_length&quot;:&quot;0&quot;,&quot;iso&quot;:&quot;0&quot;,&quot;shutter_speed&quot;:&quot;0&quot;,&quot;title&quot;:&quot;&quot;,&quot;orientation&quot;:&quot;0&quot;}\" data-image-title=\"06 Selva BJr\" data-image-description=\"\" data-image-caption=\"\" data-large-file=\"https:\/\/www.hoymercedes.com.ar\/principal\/wp-content\/uploads\/2018\/11\/06-Selva-BJr.jpg\" class=\"wp-image-83653 size-medium\" src=\"https:\/\/www.hoymercedes.com.ar\/principal\/wp-content\/uploads\/2018\/11\/06-Selva-BJr-630x421.jpg\" alt=\"\" width=\"630\" height=\"421\" srcset=\"https:\/\/www.hoymercedes.com.ar\/principal\/wp-content\/uploads\/2018\/11\/06-Selva-BJr-630x421.jpg 630w, https:\/\/www.hoymercedes.com.ar\/principal\/wp-content\/uploads\/2018\/11\/06-Selva-BJr-150x100.jpg 150w, https:\/\/www.hoymercedes.com.ar\/principal\/wp-content\/uploads\/2018\/11\/06-Selva-BJr.jpg 801w\" sizes=\"auto, (max-width: 630px) 100vw, 630px\" \/><figcaption id=\"caption-attachment-83653\" class=\"wp-caption-text\">El Diputado Selva entrega el reconocimiento al presidente del Club Boca Junior<\/figcaption><\/figure>\n<p>La Declaraci\u00f3n de\u00a0inter\u00e9s por parte de la C\u00e1mara de Diputados a la actividad llevada adelante por la Fundaci\u00f3n Boca Social es por su trabajo en materia de desarrollo y promoci\u00f3n de oportunidades para la familia en su conjunto, gestionando campa\u00f1as y proyectos con el objeto de generar igualdad de oportunidades, promoviendo la integraci\u00f3n e inclusi\u00f3n de los miembros de comunidad a trav\u00e9s de diversos programas que abarcan diferentes disciplinas (Adolescencia, Armando Escuelas, Boca Inclusivo, Boca Senior, Boca x los Chicos, Liga del Potrero, Orquesta Xeneize, UPA La Boca).<\/p>\n<p><img loading=\"lazy\" decoding=\"async\" data-attachment-id=\"83654\" data-permalink=\"https:\/\/www.hoymercedes.com.ar\/principal\/2018\/11\/06\/el-diputado-selva-encabezo-reconocimiento-a-la-fundacion-boca-social\/06-selva-bjr2\/#main\" data-orig-file=\"https:\/\/www.hoymercedes.com.ar\/principal\/wp-content\/uploads\/2018\/11\/06-Selva-BJr2.jpg\" data-orig-size=\"801,535\" data-comments-opened=\"0\" data-image-meta=\"{&quot;aperture&quot;:&quot;0&quot;,&quot;credit&quot;:&quot;&quot;,&quot;camera&quot;:&quot;&quot;,&quot;caption&quot;:&quot;&quot;,&quot;created_timestamp&quot;:&quot;0&quot;,&quot;copyright&quot;:&quot;&quot;,&quot;focal_length&quot;:&quot;0&quot;,&quot;iso&quot;:&quot;0&quot;,&quot;shutter_speed&quot;:&quot;0&quot;,&quot;title&quot;:&quot;&quot;,&quot;orientation&quot;:&quot;0&quot;}\" data-image-title=\"06 Selva BJr2\" data-image-description=\"\" data-image-caption=\"\" data-large-file=\"https:\/\/www.hoymercedes.com.ar\/principal\/wp-content\/uploads\/2018\/11\/06-Selva-BJr2.jpg\" class=\"alignnone size-medium wp-image-83654 aligncenter\" src=\"https:\/\/www.hoymercedes.com.ar\/principal\/wp-content\/uploads\/2018\/11\/06-Selva-BJr2-630x421.jpg\" alt=\"\" width=\"630\" height=\"421\" srcset=\"https:\/\/www.hoymercedes.com.ar\/principal\/wp-content\/uploads\/2018\/11\/06-Selva-BJr2-630x421.jpg 630w, https:\/\/www.hoymercedes.com.ar\/principal\/wp-content\/uploads\/2018\/11\/06-Selva-BJr2-150x100.jpg 150w, https:\/\/www.hoymercedes.com.ar\/principal\/wp-content\/uploads\/2018\/11\/06-Selva-BJr2.jpg 801w\" sizes=\"auto, (max-width: 630px) 100vw, 630px\" \/><\/p>\n<p>\u00abLa Fundaci\u00f3n del Club Atl\u00e9tico Boca Juniors trabaja en materia de desarrollo y promoci\u00f3n de oportunidades para la familia en su conjunto y, con profesionalismo y responsabilidad, traza proyectos con el objetivo de transformar positivamente la realidad de las familias de su barrio. Para ello, la Fundaci\u00f3n ha instrumentado diversos ejes de trabajo trazando objetivos precisos en procura de alcanzar las metas para la que fue creada; as\u00ed, cabe destacar algunos programas tales como:<\/p>\n<ul>\n<li>ADOLESCENCIA: fomenta la inclusi\u00f3n social a trav\u00e9s de pr\u00e1cticas deportivas, recreativas y culturales promoviendo el pleno goce de los derechos de los adolescentes;<\/li>\n<li>ARMANDO ESCUELAS: se trata \u00e9ste de un programa federal que consiste en colaborar con recursos materiales e institucionales a varias escuelas rurales del interior del pa\u00eds;<\/li>\n<li>BOCA INCLUSIVO: promueve la incorporaci\u00f3n de personas con discapacidades a actividades deportivas y recreativas;<\/li>\n<li>BOCA SENIOR: consiste en la realizaci\u00f3n de la pr\u00e1ctica de ejercicios f\u00edsicos, cognitivos, as\u00ed como tambi\u00e9n a la estimulaci\u00f3n de la vinculaci\u00f3n social de los adultos mayores;<\/li>\n<li>BOCA X LOS CHICOS: facilita la inclusi\u00f3n social de chicos de 6 a 12 a\u00f1os en situaci\u00f3n de vulnerabilidad a trav\u00e9s de actividades deportivas, brindando a su vez acompa\u00f1amiento escolar en comedores del barrio;<\/li>\n<li>LIGA DEL POTRERO: es un programa en el cual, por medio de una competencia de f\u00fatbol cuyo objetivo es integrar, involucra a equipos de villas y barrios de la Ciudad y de la Provincia de Buenos Aires;<\/li>\n<li>ORQUESTA XENEIZE: acerca elementos culturales a poblaci\u00f3n infantil y pre-adolescente y, asimismo, genera un espacio de contenci\u00f3n a trav\u00e9s de la m\u00fasica. Promueve el desarrollo, la disciplina y la estimulaci\u00f3n a trav\u00e9s del aprendizaje de un instrumento musical y del canto realizando, inclusive, presentaciones en diferentes eventos;<\/li>\n<li>UPA LA BOCA: es el primer centro del barrio abierto a las familias. A trav\u00e9s de diferentes talleres y de actividades l\u00fadicas, facilita el fortalecimiento del v\u00ednculo mam\u00e1-beb\u00e9 y promueve la estimulaci\u00f3n temprana de los ni\u00f1os. T<\/li>\n<li>Tambi\u00e9n cuenta con servicios de defensor\u00eda.<\/li>\n<\/ul>\n<p>As\u00ed, claramente, Boca Social se focaliza hacia la b\u00fasqueda de una mejor interrelaci\u00f3n e integraci\u00f3n de la comunidad, prevaleciendo su inter\u00e9s en los ni\u00f1os, adolescentes y aquellos grupos que se perciben m\u00e1s vulnerables, actividad que resulta ejemplificadora para otras instituciones que de igual manera pueden contribuir a trav\u00e9s de las distintas disciplinas que desarrollen.<\/p>\n<blockquote class=\"twitter-tweet\" data-width=\"550\" data-dnt=\"true\">\n<p lang=\"es\" dir=\"ltr\">Gracias <a href=\"https:\/\/twitter.com\/TanoAngeIici?ref_src=twsrc%5Etfw\" target=\"_blank\" rel=\"noopener\">@TanoAngeIici<\/a> por tus palabras y reitero mi reconocimiento al trabajo que con mucho esfuerzo realizan todos los d\u00edas quienes forman parte de <a href=\"https:\/\/twitter.com\/BOCASocialcabj?ref_src=twsrc%5Etfw\" target=\"_blank\" rel=\"noopener\">@BOCASocialcabj<\/a> .<a href=\"https:\/\/twitter.com\/BocaJrsOficial?ref_src=twsrc%5Etfw\" target=\"_blank\" rel=\"noopener\">@BocaJrsOficial<\/a> <a href=\"https:\/\/t.co\/9bS5leWxDk\">pic.twitter.com\/9bS5leWxDk<\/a><\/p>\n<p>&mdash; Carlos Selva (@_CarlosSelva) <a href=\"https:\/\/twitter.com\/_CarlosSelva\/status\/1059580704571428864?ref_src=twsrc%5Etfw\" target=\"_blank\" rel=\"noopener\">November 5, 2018<\/a><\/p><\/blockquote>\n<p><script async src=\"https:\/\/platform.twitter.com\/widgets.js\" charset=\"utf-8\"><\/script><\/p>\n<p>&nbsp;<\/p>\n","protected":false},"excerpt":{"rendered":"<p>El Diputado Nacional Carlos Selva (UNA) encabez\u00f3 el acto de reconocimiento a la Fundaci\u00f3n Boca Social por su labor en &#8230; <a title=\"El Diputado Selva encabez\u00f3 reconocimiento a la Fundaci\u00f3n Boca Social\" class=\"read-more\" href=\"https:\/\/www.hoymercedes.com.ar\/principal\/2018\/11\/06\/el-diputado-selva-encabezo-reconocimiento-a-la-fundacion-boca-social\/\" aria-label=\"Leer m\u00e1s sobre El Diputado Selva encabez\u00f3 reconocimiento a la Fundaci\u00f3n Boca Social\">Leer m\u00e1s<\/a><\/p>\n","protected":false},"author":1,"featured_media":83654,"comment_status":"closed","ping_status":"open","sticky":false,"template":"","format":"standard","meta":{"_monsterinsights_skip_tracking":false,"_monsterinsights_sitenote_active":false,"_monsterinsights_sitenote_note":"","_monsterinsights_sitenote_category":0,"jetpack_post_was_ever_published":false,"_jetpack_newsletter_access":"","_jetpack_dont_email_post_to_subs":false,"_jetpack_newsletter_tier_id":0,"_jetpack_memberships_contains_paywalled_content":false,"_jetpack_memberships_contains_paid_content":false,"footnotes":"","jetpack_publicize_message":"","jetpack_publicize_feature_enabled":true,"jetpack_social_post_already_shared":true,"jetpack_social_options":{"image_generator_settings":{"template":"highway","default_image_id":0,"font":"","enabled":false},"version":2},"_wpas_customize_per_network":false},"categories":[5210],"tags":[13055,14007,14006],"class_list":["post-83652","post","type-post","status-publish","format-standard","has-post-thumbnail","hentry","category-politica-nacional","tag-carlose-selva","tag-declaracion-de-interes-legislativo","tag-fundacion-boca-junior","generate-columns","tablet-grid-50","mobile-grid-100","grid-parent","grid-50"],"jetpack_publicize_connections":[],"jetpack_featured_media_url":"https:\/\/www.hoymercedes.com.ar\/principal\/wp-content\/uploads\/2018\/11\/06-Selva-BJr2.jpg","wps_subtitle":"En la C\u00e1mara de Diputados","jetpack_sharing_enabled":true,"_links":{"self":[{"href":"https:\/\/www.hoymercedes.com.ar\/principal\/wp-json\/wp\/v2\/posts\/83652","targetHints":{"allow":["GET"]}}],"collection":[{"href":"https:\/\/www.hoymercedes.com.ar\/principal\/wp-json\/wp\/v2\/posts"}],"about":[{"href":"https:\/\/www.hoymercedes.com.ar\/principal\/wp-json\/wp\/v2\/types\/post"}],"author":[{"embeddable":true,"href":"https:\/\/www.hoymercedes.com.ar\/principal\/wp-json\/wp\/v2\/users\/1"}],"replies":[{"embeddable":true,"href":"https:\/\/www.hoymercedes.com.ar\/principal\/wp-json\/wp\/v2\/comments?post=83652"}],"version-history":[{"count":0,"href":"https:\/\/www.hoymercedes.com.ar\/principal\/wp-json\/wp\/v2\/posts\/83652\/revisions"}],"wp:featuredmedia":[{"embeddable":true,"href":"https:\/\/www.hoymercedes.com.ar\/principal\/wp-json\/wp\/v2\/media\/83654"}],"wp:attachment":[{"href":"https:\/\/www.hoymercedes.com.ar\/principal\/wp-json\/wp\/v2\/media?parent=83652"}],"wp:term":[{"taxonomy":"category","embeddable":true,"href":"https:\/\/www.hoymercedes.com.ar\/principal\/wp-json\/wp\/v2\/categories?post=83652"},{"taxonomy":"post_tag","embeddable":true,"href":"https:\/\/www.hoymercedes.com.ar\/principal\/wp-json\/wp\/v2\/tags?post=83652"}],"curies":[{"name":"wp","href":"https:\/\/api.w.org\/{rel}","templated":true}]}}