{"id":83676,"date":"2018-11-09T11:26:53","date_gmt":"2018-11-09T14:26:53","guid":{"rendered":"http:\/\/www.hoymercedes.com.ar\/principal\/?p=83676"},"modified":"2018-11-07T14:53:13","modified_gmt":"2018-11-07T17:53:13","slug":"velez-alcanzo-la-punta-en-la-primera-division-del-futbol-femenino","status":"publish","type":"post","link":"https:\/\/www.hoymercedes.com.ar\/principal\/2018\/11\/09\/velez-alcanzo-la-punta-en-la-primera-division-del-futbol-femenino\/","title":{"rendered":"V\u00e9lez alcanz\u00f3 la punta en la Primera Divisi\u00f3n del F\u00fatbol Femenino"},"content":{"rendered":"<p>En forma completa se jug\u00f3 la sexta fecha del torneo de Primera Divisi\u00f3n del F\u00fatbol Femenino de la Liga Mercedina que dej\u00f3 como \u00fanico l\u00edder a V\u00e9lez luego de que venciera a Comunicaciones por la m\u00ednima, resultado que le bast\u00f3 para superar a El Front\u00f3n, quien dej\u00f3 puntos anteriormente. Las del barrio El Molino tienen puntaje ideal y es por eso que, al emparejarse la cantidad de partidos disputados, quedaron como \u00fanicas punteras.<\/p>\n<p>En cuanto al resto, los de arriba vencieron a los de abajo, ya que Mercedes gole\u00f3 a Uni\u00f3n y Estudiantes a Programa Envi\u00f3n y ALFA super\u00f3 a AMEFIP Barrio San Mart\u00edn. La brecha entre los cuatro primeros respecto a los otros cinco equipos ahora es de cuatro puntos, ya que Estudiantes lleg\u00f3 a once y ALFA tiene 7.<\/p>\n<p><strong>AMEFIP: -1-;<\/strong>\u00a0Anal\u00eda Maidana<br \/>\n<strong>ALFA: -2-;<\/strong>\u00a0Patricia Barzola, Milagros Gandrolio<\/p>\n<p><strong>VELEZ SARSFIELD: -1-;\u00a0<\/strong>Magdalena Ru\u00edz<br \/>\n<strong>COMUNICACIONES: -0-<\/strong><\/p>\n<p><strong>MERCEDES: -3-;<\/strong>\u00a0Agustina Zunino (3)<br \/>\n<strong>UNION: -0-<\/strong><\/p>\n<p><strong>PROGRAMA ENVION: -1-;<\/strong>\u00a0Antonela Sicca<br \/>\n<strong>ESTUDIANTES: -2-;<\/strong>\u00a0Guillermina Crivella, Claudio Zu\u00f1iga<\/p>\n<p><em><strong>Pr\u00f3xima fecha:\u00a0<\/strong><\/em><br \/>\nUni\u00f3n Vs. Comunicaciones<br \/>\nV\u00e9lez Vs. Estudiantes<br \/>\nEnvi\u00f3n Vs. Alfa<br \/>\nAMEFIP Vs. El Front\u00f3n<br \/>\n<em><strong>Libre:<\/strong><\/em>\u00a0Mercedes<\/p>\n<p><img loading=\"lazy\" decoding=\"async\" data-attachment-id=\"83677\" data-permalink=\"https:\/\/www.hoymercedes.com.ar\/principal\/2018\/11\/09\/velez-alcanzo-la-punta-en-la-primera-division-del-futbol-femenino\/primera-169\/#main\" data-orig-file=\"https:\/\/www.hoymercedes.com.ar\/principal\/wp-content\/uploads\/2018\/11\/PRIMERA-2.png\" data-orig-size=\"422,235\" data-comments-opened=\"0\" data-image-meta=\"{&quot;aperture&quot;:&quot;0&quot;,&quot;credit&quot;:&quot;&quot;,&quot;camera&quot;:&quot;&quot;,&quot;caption&quot;:&quot;&quot;,&quot;created_timestamp&quot;:&quot;0&quot;,&quot;copyright&quot;:&quot;&quot;,&quot;focal_length&quot;:&quot;0&quot;,&quot;iso&quot;:&quot;0&quot;,&quot;shutter_speed&quot;:&quot;0&quot;,&quot;title&quot;:&quot;&quot;,&quot;orientation&quot;:&quot;0&quot;}\" data-image-title=\"PRIMERA\" data-image-description=\"\" data-image-caption=\"\" data-large-file=\"https:\/\/www.hoymercedes.com.ar\/principal\/wp-content\/uploads\/2018\/11\/PRIMERA-2.png\" class=\"size-full wp-image-83677 aligncenter\" src=\"https:\/\/www.hoymercedes.com.ar\/principal\/wp-content\/uploads\/2018\/11\/PRIMERA-2.png\" alt=\"\" width=\"422\" height=\"235\" srcset=\"https:\/\/www.hoymercedes.com.ar\/principal\/wp-content\/uploads\/2018\/11\/PRIMERA-2.png 422w, https:\/\/www.hoymercedes.com.ar\/principal\/wp-content\/uploads\/2018\/11\/PRIMERA-2-150x84.png 150w\" sizes=\"auto, (max-width: 422px) 100vw, 422px\" \/> <img loading=\"lazy\" decoding=\"async\" data-attachment-id=\"83678\" data-permalink=\"https:\/\/www.hoymercedes.com.ar\/principal\/2018\/11\/09\/velez-alcanzo-la-punta-en-la-primera-division-del-futbol-femenino\/goles-primera-15\/#main\" data-orig-file=\"https:\/\/www.hoymercedes.com.ar\/principal\/wp-content\/uploads\/2018\/11\/Goles-Primera.png\" data-orig-size=\"303,450\" data-comments-opened=\"0\" data-image-meta=\"{&quot;aperture&quot;:&quot;0&quot;,&quot;credit&quot;:&quot;&quot;,&quot;camera&quot;:&quot;&quot;,&quot;caption&quot;:&quot;&quot;,&quot;created_timestamp&quot;:&quot;0&quot;,&quot;copyright&quot;:&quot;&quot;,&quot;focal_length&quot;:&quot;0&quot;,&quot;iso&quot;:&quot;0&quot;,&quot;shutter_speed&quot;:&quot;0&quot;,&quot;title&quot;:&quot;&quot;,&quot;orientation&quot;:&quot;0&quot;}\" data-image-title=\"Goles Primera\" data-image-description=\"\" data-image-caption=\"\" data-large-file=\"https:\/\/www.hoymercedes.com.ar\/principal\/wp-content\/uploads\/2018\/11\/Goles-Primera.png\" class=\"size-medium wp-image-83678 aligncenter\" src=\"https:\/\/www.hoymercedes.com.ar\/principal\/wp-content\/uploads\/2018\/11\/Goles-Primera.png\" alt=\"\" width=\"303\" height=\"450\" srcset=\"https:\/\/www.hoymercedes.com.ar\/principal\/wp-content\/uploads\/2018\/11\/Goles-Primera.png 303w, https:\/\/www.hoymercedes.com.ar\/principal\/wp-content\/uploads\/2018\/11\/Goles-Primera-101x150.png 101w\" sizes=\"auto, (max-width: 303px) 100vw, 303px\" \/><\/p>\n","protected":false},"excerpt":{"rendered":"<p>En forma completa se jug\u00f3 la sexta fecha del torneo de Primera Divisi\u00f3n del F\u00fatbol Femenino de la Liga Mercedina &#8230; <a title=\"V\u00e9lez alcanz\u00f3 la punta en la Primera Divisi\u00f3n del F\u00fatbol Femenino\" class=\"read-more\" href=\"https:\/\/www.hoymercedes.com.ar\/principal\/2018\/11\/09\/velez-alcanzo-la-punta-en-la-primera-division-del-futbol-femenino\/\" aria-label=\"Leer m\u00e1s sobre V\u00e9lez alcanz\u00f3 la punta en la Primera Divisi\u00f3n del F\u00fatbol Femenino\">Leer m\u00e1s<\/a><\/p>\n","protected":false},"author":1,"featured_media":83677,"comment_status":"closed","ping_status":"open","sticky":false,"template":"","format":"standard","meta":{"_monsterinsights_skip_tracking":false,"_monsterinsights_sitenote_active":false,"_monsterinsights_sitenote_note":"","_monsterinsights_sitenote_category":0,"jetpack_post_was_ever_published":false,"_jetpack_newsletter_access":"","_jetpack_dont_email_post_to_subs":false,"_jetpack_newsletter_tier_id":0,"_jetpack_memberships_contains_paywalled_content":false,"_jetpack_memberships_contains_paid_content":false,"footnotes":"","jetpack_publicize_message":"","jetpack_publicize_feature_enabled":true,"jetpack_social_post_already_shared":true,"jetpack_social_options":{"image_generator_settings":{"template":"highway","default_image_id":0,"font":"","enabled":false},"version":2},"_wpas_customize_per_network":false},"categories":[21],"tags":[204,1003,1901,8996],"class_list":["post-83676","post","type-post","status-publish","format-standard","has-post-thumbnail","hentry","category-deportes","tag-deportes-2","tag-futbol","tag-liga-mercedina","tag-primera-division","generate-columns","tablet-grid-50","mobile-grid-100","grid-parent","grid-50"],"jetpack_publicize_connections":[],"jetpack_featured_media_url":"https:\/\/www.hoymercedes.com.ar\/principal\/wp-content\/uploads\/2018\/11\/PRIMERA-2.png","wps_subtitle":"Liga Mercedina","jetpack_sharing_enabled":true,"jetpack-related-posts":[{"id":80938,"url":"https:\/\/www.hoymercedes.com.ar\/principal\/2018\/09\/13\/amefip-barrio-san-martin-debuto-en-el-futbol-femenino\/","url_meta":{"origin":83676,"position":0},"title":"AMEFIP Barrio San Mart\u00edn debut\u00f3 en el F\u00fatbol Femenino","author":"hoymercedes","date":"13 septiembre, 2018","format":false,"excerpt":"Comenz\u00f3 este fin de semana el segundo semestre del F\u00fatbol Femenino de la Liga Mercedina que tuvo como cancha \u00fanica para el desarrollo de Primera e Inferiores la de V\u00e9lez. Un buen marco de p\u00fablico se hizo presente en la jornada de s\u00e1bado, que tuvo a AMEFIP San Mart\u00edn como\u2026","rel":"","context":"En \u00abDeportes\u00bb","block_context":{"text":"Deportes","link":"https:\/\/www.hoymercedes.com.ar\/principal\/category\/deportes\/"},"img":{"alt_text":"","src":"https:\/\/i0.wp.com\/www.hoymercedes.com.ar\/principal\/wp-content\/uploads\/2018\/09\/AMEFIP-Femenino-Primera-CL-2018.jpg?resize=350%2C200&ssl=1","width":350,"height":200,"srcset":"https:\/\/i0.wp.com\/www.hoymercedes.com.ar\/principal\/wp-content\/uploads\/2018\/09\/AMEFIP-Femenino-Primera-CL-2018.jpg?resize=350%2C200&ssl=1 1x, https:\/\/i0.wp.com\/www.hoymercedes.com.ar\/principal\/wp-content\/uploads\/2018\/09\/AMEFIP-Femenino-Primera-CL-2018.jpg?resize=525%2C300&ssl=1 1.5x, https:\/\/i0.wp.com\/www.hoymercedes.com.ar\/principal\/wp-content\/uploads\/2018\/09\/AMEFIP-Femenino-Primera-CL-2018.jpg?resize=700%2C400&ssl=1 2x"},"classes":[]},{"id":91765,"url":"https:\/\/www.hoymercedes.com.ar\/principal\/2019\/04\/24\/sub-16-y-primera-division-tuvieron-su-segunda-fecha-en-el-femenino\/","url_meta":{"origin":83676,"position":1},"title":"Sub 16 y Primera Divisi\u00f3n tuvieron su segunda fecha en el Femenino","author":"hoymercedes","date":"24 abril, 2019","format":false,"excerpt":"Entre viernes y s\u00e1bado se jug\u00f3 la segunda fecha del F\u00fatbol Femenino de la Liga Mercedina en las dos categor\u00edas mayores, mientras que la Sub 12 tuvo descanso. El viernes, en cancha de V\u00e9lez, hubo pocos goles, pero sirvieron para que Envi\u00f3n, ALFA y Los Carteros sean los que est\u00e9n\u2026","rel":"","context":"En \u00abDeportes\u00bb","block_context":{"text":"Deportes","link":"https:\/\/www.hoymercedes.com.ar\/principal\/category\/deportes\/"},"img":{"alt_text":"","src":"https:\/\/i0.wp.com\/www.hoymercedes.com.ar\/principal\/wp-content\/uploads\/2019\/04\/POS-FEM-INF-1.png?resize=350%2C200&ssl=1","width":350,"height":200},"classes":[]},{"id":93346,"url":"https:\/\/www.hoymercedes.com.ar\/principal\/2019\/05\/20\/alfa-es-el-mejor-en-las-tres-categorias-del-futbol-femenino\/","url_meta":{"origin":83676,"position":2},"title":"ALFA es el mejor en las tres categor\u00edas del F\u00fatbol Femenino","author":"hoymercedes","date":"20 mayo, 2019","format":false,"excerpt":"El conjunto de Olivera manda en las tres categor\u00edas del F\u00fatbol Femenino de la Liga Mercedina y lo hace en soledad, ya que es puntero en Primera Divisi\u00f3n, con una ventaja de tres unidades sobre El Front\u00f3n de San Andr\u00e9s de Giles, mientras que en Sub 12 aventaja por la\u2026","rel":"","context":"En \u00abDeportes\u00bb","block_context":{"text":"Deportes","link":"https:\/\/www.hoymercedes.com.ar\/principal\/category\/deportes\/"},"img":{"alt_text":"","src":"https:\/\/i0.wp.com\/www.hoymercedes.com.ar\/principal\/wp-content\/uploads\/2019\/05\/POS-FEM-PRI-2.png?resize=350%2C200&ssl=1","width":350,"height":200},"classes":[]},{"id":82902,"url":"https:\/\/www.hoymercedes.com.ar\/principal\/2018\/10\/24\/velez-goleo-y-aprovecho-el-empate-de-el-fronton-ante-estudiantes\/","url_meta":{"origin":83676,"position":3},"title":"V\u00e9lez gole\u00f3 y aprovech\u00f3 el empate de El Front\u00f3n ante Estudiantes","author":"hoymercedes","date":"24 octubre, 2018","format":false,"excerpt":"En San Andr\u00e9s de Giles se jug\u00f3 la cuarta fecha del torneo de Primera Divisi\u00f3n de F\u00fatbol Femenino de la Liga Mercedina de F\u00fatbol en la que el local no pudo continuar con su puntaje ideal ya que empat\u00f3 con Estudiantes y eso fue aprovechado por V\u00e9lez, que gole\u00f3 a\u2026","rel":"","context":"En \u00abDeportes\u00bb","block_context":{"text":"Deportes","link":"https:\/\/www.hoymercedes.com.ar\/principal\/category\/deportes\/"},"img":{"alt_text":"","src":"https:\/\/i0.wp.com\/www.hoymercedes.com.ar\/principal\/wp-content\/uploads\/2018\/10\/PRIMERA-3.png?resize=350%2C200&ssl=1","width":350,"height":200},"classes":[]},{"id":85004,"url":"https:\/\/www.hoymercedes.com.ar\/principal\/2018\/12\/06\/comienza-el-reducido-en-la-primera-del-futbol-femenino\/","url_meta":{"origin":83676,"position":4},"title":"Comienza el Reducido en la Primera del F\u00fatbol Femenino","author":"hoymercedes","date":"6 diciembre, 2018","format":false,"excerpt":"Se jugaron el fin de semana las \u00faltimas dos fechas de la etapa de grupo del torneo de Primera Divisi\u00f3n de F\u00fatbol Femenino para darle paso al Reducido en busca de un nuevo campe\u00f3n de la categor\u00eda. En cancha de Uni\u00f3n se jug\u00f3 la ante\u00faltima jornada y en Mercedes, la\u2026","rel":"","context":"En \u00abDeportes\u00bb","block_context":{"text":"Deportes","link":"https:\/\/www.hoymercedes.com.ar\/principal\/category\/deportes\/"},"img":{"alt_text":"","src":"https:\/\/i0.wp.com\/www.hoymercedes.com.ar\/principal\/wp-content\/uploads\/2018\/12\/13-15.png?resize=350%2C200&ssl=1","width":350,"height":200},"classes":[]},{"id":81370,"url":"https:\/\/www.hoymercedes.com.ar\/principal\/2018\/09\/21\/el-fronton-y-velez-son-los-lideres-en-la-primera-del-futbol-femenino\/","url_meta":{"origin":83676,"position":5},"title":"El Front\u00f3n y V\u00e9lez son los l\u00edderes en la Primera del F\u00fatbol Femenino","author":"hoymercedes","date":"21 septiembre, 2018","format":false,"excerpt":"Se jug\u00f3 la segunda fecha del torneo de Primera Divisi\u00f3n del F\u00fatbol Femenino en cancha de Comunicaciones. Las inferiores, por la lluvia del fin de semana, no pudieron salir a la cancha. A continuaci\u00f3n, la s\u00edntesis de la fecha y el fixture de Sub 12 y Sub 16 completo. Club\u2026","rel":"","context":"En \u00abDeportes\u00bb","block_context":{"text":"Deportes","link":"https:\/\/www.hoymercedes.com.ar\/principal\/category\/deportes\/"},"img":{"alt_text":"","src":"https:\/\/i0.wp.com\/www.hoymercedes.com.ar\/principal\/wp-content\/uploads\/2018\/09\/FUTBOL-FEMENINO-VELEZ-PRIMERA.jpg?resize=350%2C200&ssl=1","width":350,"height":200,"srcset":"https:\/\/i0.wp.com\/www.hoymercedes.com.ar\/principal\/wp-content\/uploads\/2018\/09\/FUTBOL-FEMENINO-VELEZ-PRIMERA.jpg?resize=350%2C200&ssl=1 1x, https:\/\/i0.wp.com\/www.hoymercedes.com.ar\/principal\/wp-content\/uploads\/2018\/09\/FUTBOL-FEMENINO-VELEZ-PRIMERA.jpg?resize=525%2C300&ssl=1 1.5x, https:\/\/i0.wp.com\/www.hoymercedes.com.ar\/principal\/wp-content\/uploads\/2018\/09\/FUTBOL-FEMENINO-VELEZ-PRIMERA.jpg?resize=700%2C400&ssl=1 2x"},"classes":[]}],"_links":{"self":[{"href":"https:\/\/www.hoymercedes.com.ar\/principal\/wp-json\/wp\/v2\/posts\/83676","targetHints":{"allow":["GET"]}}],"collection":[{"href":"https:\/\/www.hoymercedes.com.ar\/principal\/wp-json\/wp\/v2\/posts"}],"about":[{"href":"https:\/\/www.hoymercedes.com.ar\/principal\/wp-json\/wp\/v2\/types\/post"}],"author":[{"embeddable":true,"href":"https:\/\/www.hoymercedes.com.ar\/principal\/wp-json\/wp\/v2\/users\/1"}],"replies":[{"embeddable":true,"href":"https:\/\/www.hoymercedes.com.ar\/principal\/wp-json\/wp\/v2\/comments?post=83676"}],"version-history":[{"count":0,"href":"https:\/\/www.hoymercedes.com.ar\/principal\/wp-json\/wp\/v2\/posts\/83676\/revisions"}],"wp:featuredmedia":[{"embeddable":true,"href":"https:\/\/www.hoymercedes.com.ar\/principal\/wp-json\/wp\/v2\/media\/83677"}],"wp:attachment":[{"href":"https:\/\/www.hoymercedes.com.ar\/principal\/wp-json\/wp\/v2\/media?parent=83676"}],"wp:term":[{"taxonomy":"category","embeddable":true,"href":"https:\/\/www.hoymercedes.com.ar\/principal\/wp-json\/wp\/v2\/categories?post=83676"},{"taxonomy":"post_tag","embeddable":true,"href":"https:\/\/www.hoymercedes.com.ar\/principal\/wp-json\/wp\/v2\/tags?post=83676"}],"curies":[{"name":"wp","href":"https:\/\/api.w.org\/{rel}","templated":true}]}}