{"id":83680,"date":"2018-11-09T13:45:06","date_gmt":"2018-11-09T16:45:06","guid":{"rendered":"http:\/\/www.hoymercedes.com.ar\/principal\/?p=83680"},"modified":"2018-11-07T14:50:32","modified_gmt":"2018-11-07T17:50:32","slug":"83680","status":"publish","type":"post","link":"https:\/\/www.hoymercedes.com.ar\/principal\/2018\/11\/09\/83680\/","title":{"rendered":"La SRRM se qued\u00f3 con la Copa de Clubes del CEDO"},"content":{"rendered":"<p>La \u00faltima fecha del Campeonato Escuelas del Oeste se realiz\u00f3 este domingo en las instalaciones de la Sociedad Rural Regional Mercedes, derecho que se gan\u00f3 por ser el mejor de todos en la tabla General a falta de una fecha para el final del torneo. \u00c9stos fueron los resultados y las posiciones finales del certamen.<\/p>\n<p><img loading=\"lazy\" decoding=\"async\" data-attachment-id=\"83681\" data-permalink=\"https:\/\/www.hoymercedes.com.ar\/principal\/2018\/11\/09\/83680\/whatsapp-image-2018-11-06-at-22-26-26\/#main\" data-orig-file=\"https:\/\/www.hoymercedes.com.ar\/principal\/wp-content\/uploads\/2018\/11\/WhatsApp-Image-2018-11-06-at-22.26.26.jpeg\" data-orig-size=\"1280,960\" data-comments-opened=\"0\" data-image-meta=\"{&quot;aperture&quot;:&quot;0&quot;,&quot;credit&quot;:&quot;&quot;,&quot;camera&quot;:&quot;&quot;,&quot;caption&quot;:&quot;&quot;,&quot;created_timestamp&quot;:&quot;0&quot;,&quot;copyright&quot;:&quot;&quot;,&quot;focal_length&quot;:&quot;0&quot;,&quot;iso&quot;:&quot;0&quot;,&quot;shutter_speed&quot;:&quot;0&quot;,&quot;title&quot;:&quot;&quot;,&quot;orientation&quot;:&quot;0&quot;}\" data-image-title=\"WhatsApp Image 2018-11-06 at 22.26.26\" data-image-description=\"\" data-image-caption=\"\" data-large-file=\"https:\/\/www.hoymercedes.com.ar\/principal\/wp-content\/uploads\/2018\/11\/WhatsApp-Image-2018-11-06-at-22.26.26-1024x768.jpeg\" class=\"size-medium wp-image-83681 aligncenter\" src=\"https:\/\/www.hoymercedes.com.ar\/principal\/wp-content\/uploads\/2018\/11\/WhatsApp-Image-2018-11-06-at-22.26.26-630x473.jpeg\" alt=\"\" width=\"630\" height=\"473\" srcset=\"https:\/\/www.hoymercedes.com.ar\/principal\/wp-content\/uploads\/2018\/11\/WhatsApp-Image-2018-11-06-at-22.26.26-630x473.jpeg 630w, https:\/\/www.hoymercedes.com.ar\/principal\/wp-content\/uploads\/2018\/11\/WhatsApp-Image-2018-11-06-at-22.26.26-150x113.jpeg 150w, https:\/\/www.hoymercedes.com.ar\/principal\/wp-content\/uploads\/2018\/11\/WhatsApp-Image-2018-11-06-at-22.26.26-1024x768.jpeg 1024w, https:\/\/www.hoymercedes.com.ar\/principal\/wp-content\/uploads\/2018\/11\/WhatsApp-Image-2018-11-06-at-22.26.26.jpeg 1280w\" sizes=\"auto, (max-width: 630px) 100vw, 630px\" \/><\/p>\n<p>En 30 cm:<br \/>\n4. Martina Romero con Domin\u00f3 de SRMercedes.<br \/>\n6. Valentina Gagliardi Bastida con Ulises de Sociedad Rural Mercedes.<br \/>\n7. Emilia Cogorno con Domin\u00f3 de SRmercedes<br \/>\n9. Milagros Benito Hern\u00e1ndez con La Fe Ruda de la SRM.<\/p>\n<p>Prueba 50 cm.<br \/>\n2. Ana Dest\u00e9fano Testa con Olaf.<\/p>\n<p>Prueba 70 cm.<br \/>\n1era Ailin Heidel con Dulce. SRM<\/p>\n<p>Prueba 80 cm.<br \/>\n3. Tomas Rond\u00f3n con Olaf.<\/p>\n<p>Prueba 90 cm.<br \/>\n2. Evangelina Adaro con TH Patagonica SRM.<\/p>\n<p>Finalizada la ultima prueba se entregaron los premios del Campeonato Escuelas Hipicas del Oeste 2018.<\/p>\n<p><img loading=\"lazy\" decoding=\"async\" data-attachment-id=\"83682\" data-permalink=\"https:\/\/www.hoymercedes.com.ar\/principal\/2018\/11\/09\/83680\/whatsapp-image-2018-11-06-at-22-26-10\/#main\" data-orig-file=\"https:\/\/www.hoymercedes.com.ar\/principal\/wp-content\/uploads\/2018\/11\/WhatsApp-Image-2018-11-06-at-22.26.10.jpeg\" data-orig-size=\"580,1121\" data-comments-opened=\"0\" data-image-meta=\"{&quot;aperture&quot;:&quot;0&quot;,&quot;credit&quot;:&quot;&quot;,&quot;camera&quot;:&quot;&quot;,&quot;caption&quot;:&quot;&quot;,&quot;created_timestamp&quot;:&quot;0&quot;,&quot;copyright&quot;:&quot;&quot;,&quot;focal_length&quot;:&quot;0&quot;,&quot;iso&quot;:&quot;0&quot;,&quot;shutter_speed&quot;:&quot;0&quot;,&quot;title&quot;:&quot;&quot;,&quot;orientation&quot;:&quot;0&quot;}\" data-image-title=\"WhatsApp Image 2018-11-06 at 22.26.10\" data-image-description=\"\" data-image-caption=\"\" data-large-file=\"https:\/\/www.hoymercedes.com.ar\/principal\/wp-content\/uploads\/2018\/11\/WhatsApp-Image-2018-11-06-at-22.26.10-530x1024.jpeg\" class=\"size-medium wp-image-83682 aligncenter\" src=\"https:\/\/www.hoymercedes.com.ar\/principal\/wp-content\/uploads\/2018\/11\/WhatsApp-Image-2018-11-06-at-22.26.10-321x620.jpeg\" alt=\"\" width=\"321\" height=\"620\" srcset=\"https:\/\/www.hoymercedes.com.ar\/principal\/wp-content\/uploads\/2018\/11\/WhatsApp-Image-2018-11-06-at-22.26.10-321x620.jpeg 321w, https:\/\/www.hoymercedes.com.ar\/principal\/wp-content\/uploads\/2018\/11\/WhatsApp-Image-2018-11-06-at-22.26.10-78x150.jpeg 78w, https:\/\/www.hoymercedes.com.ar\/principal\/wp-content\/uploads\/2018\/11\/WhatsApp-Image-2018-11-06-at-22.26.10-530x1024.jpeg 530w, https:\/\/www.hoymercedes.com.ar\/principal\/wp-content\/uploads\/2018\/11\/WhatsApp-Image-2018-11-06-at-22.26.10.jpeg 580w\" sizes=\"auto, (max-width: 321px) 100vw, 321px\" \/><\/p>\n","protected":false},"excerpt":{"rendered":"<p>La \u00faltima fecha del Campeonato Escuelas del Oeste se realiz\u00f3 este domingo en las instalaciones de la Sociedad Rural Regional &#8230; <a title=\"La SRRM se qued\u00f3 con la Copa de Clubes del CEDO\" class=\"read-more\" href=\"https:\/\/www.hoymercedes.com.ar\/principal\/2018\/11\/09\/83680\/\" aria-label=\"Leer m\u00e1s sobre La SRRM se qued\u00f3 con la Copa de Clubes del CEDO\">Leer m\u00e1s<\/a><\/p>\n","protected":false},"author":1,"featured_media":83681,"comment_status":"closed","ping_status":"open","sticky":false,"template":"","format":"standard","meta":{"_monsterinsights_skip_tracking":false,"_monsterinsights_sitenote_active":false,"_monsterinsights_sitenote_note":"","_monsterinsights_sitenote_category":0,"jetpack_post_was_ever_published":false,"_jetpack_newsletter_access":"","_jetpack_dont_email_post_to_subs":false,"_jetpack_newsletter_tier_id":0,"_jetpack_memberships_contains_paywalled_content":false,"_jetpack_memberships_contains_paid_content":false,"footnotes":"","jetpack_publicize_message":"","jetpack_publicize_feature_enabled":true,"jetpack_social_post_already_shared":true,"jetpack_social_options":{"image_generator_settings":{"template":"highway","default_image_id":0,"font":"","enabled":false},"version":2},"_wpas_customize_per_network":false},"categories":[21],"tags":[10900,12147,204,1821,9751],"class_list":["post-83680","post","type-post","status-publish","format-standard","has-post-thumbnail","hentry","category-deportes","tag-cedo","tag-copa-de-clubes","tag-deportes-2","tag-equitacion","tag-srrm","generate-columns","tablet-grid-50","mobile-grid-100","grid-parent","grid-50"],"jetpack_publicize_connections":[],"jetpack_featured_media_url":"https:\/\/www.hoymercedes.com.ar\/principal\/wp-content\/uploads\/2018\/11\/WhatsApp-Image-2018-11-06-at-22.26.26.jpeg","wps_subtitle":"Equitaci\u00f3n","jetpack_sharing_enabled":true,"jetpack-related-posts":[{"id":90201,"url":"https:\/\/www.hoymercedes.com.ar\/principal\/2019\/03\/27\/en-la-sociedad-rural-se-realizo-un-concurso-hipico\/","url_meta":{"origin":83680,"position":0},"title":"En la Sociedad Rural se realiz\u00f3 un concurso h\u00edpico","author":"hoymercedes","date":"27 marzo, 2019","format":false,"excerpt":"El domimgo 24 se llev\u00f3 a cabo en las instalaciones de la Sociedad Rural Mercedes un importante Concurso Hipico y Encuentro de Equinoterapia. En horas de la ma\u00f1ana se realizaron recorridos sobre obstaculos de 70, 80, 90 cent\u00edmetros, 1 metro y 1.10 metro de altura, donde participaron binomios de La\u2026","rel":"","context":"En \u00abDeportes\u00bb","block_context":{"text":"Deportes","link":"https:\/\/www.hoymercedes.com.ar\/principal\/category\/deportes\/"},"img":{"alt_text":"","src":"https:\/\/i0.wp.com\/www.hoymercedes.com.ar\/principal\/wp-content\/uploads\/2019\/03\/WhatsApp-Image-2019-03-24-at-19.28.37.jpeg?resize=350%2C200&ssl=1","width":350,"height":200,"srcset":"https:\/\/i0.wp.com\/www.hoymercedes.com.ar\/principal\/wp-content\/uploads\/2019\/03\/WhatsApp-Image-2019-03-24-at-19.28.37.jpeg?resize=350%2C200&ssl=1 1x, https:\/\/i0.wp.com\/www.hoymercedes.com.ar\/principal\/wp-content\/uploads\/2019\/03\/WhatsApp-Image-2019-03-24-at-19.28.37.jpeg?resize=525%2C300&ssl=1 1.5x, https:\/\/i0.wp.com\/www.hoymercedes.com.ar\/principal\/wp-content\/uploads\/2019\/03\/WhatsApp-Image-2019-03-24-at-19.28.37.jpeg?resize=700%2C400&ssl=1 2x"},"classes":[]},{"id":102317,"url":"https:\/\/www.hoymercedes.com.ar\/principal\/2019\/11\/15\/se-realizo-un-concurso-hipico-en-la-sociedad-rural\/","url_meta":{"origin":83680,"position":1},"title":"Se realiz\u00f3 un concurso h\u00edpico en la Sociedad Rural","author":"hoymercedes","date":"15 noviembre, 2019","format":false,"excerpt":"Se realiz\u00f3 el pasado domingo el Concurso H\u00edpico de la Secci\u00f3n H\u00edpica de la Sociedad Rural Mercedes con un gran n\u00famero de binomios en pista de Despertares de Suipacha, Bragado, H\u00edpico Jacarand\u00e1, Do\u00f1a Amalia, H\u00edpico La Favorita de Moreno y de la Secci\u00f3n H\u00edpica de la Sociedad Rural Mercedes. En\u2026","rel":"","context":"En \u00abDeportes\u00bb","block_context":{"text":"Deportes","link":"https:\/\/www.hoymercedes.com.ar\/principal\/category\/deportes\/"},"img":{"alt_text":"","src":"https:\/\/i0.wp.com\/www.hoymercedes.com.ar\/principal\/wp-content\/uploads\/2019\/11\/WhatsApp-Image-2019-11-10-at-14.41.22.jpeg?resize=350%2C200&ssl=1","width":350,"height":200,"srcset":"https:\/\/i0.wp.com\/www.hoymercedes.com.ar\/principal\/wp-content\/uploads\/2019\/11\/WhatsApp-Image-2019-11-10-at-14.41.22.jpeg?resize=350%2C200&ssl=1 1x, https:\/\/i0.wp.com\/www.hoymercedes.com.ar\/principal\/wp-content\/uploads\/2019\/11\/WhatsApp-Image-2019-11-10-at-14.41.22.jpeg?resize=525%2C300&ssl=1 1.5x, https:\/\/i0.wp.com\/www.hoymercedes.com.ar\/principal\/wp-content\/uploads\/2019\/11\/WhatsApp-Image-2019-11-10-at-14.41.22.jpeg?resize=700%2C400&ssl=1 2x"},"classes":[]},{"id":82624,"url":"https:\/\/www.hoymercedes.com.ar\/principal\/2018\/10\/19\/variada-competencia-para-la-sociedad-rural-y-maria-silvina\/","url_meta":{"origin":83680,"position":2},"title":"Variada competencia para la Sociedad Rural y Maria Silvina","author":"hoymercedes","date":"19 octubre, 2018","format":false,"excerpt":"Organizado por la Secci\u00f3n H\u00edpica en el marco de la Expo Rural, se realiz\u00f3 el 6 de octubre con una importante cantidad de p\u00fablico y binomios de Prado Verde de Jun\u00edn, La Teresa, Mar\u00eda Silvina, Country Ping\u00fcinos y alumnos de la Rural, se realiz\u00f3 con \u00e9xito este tradicional encuentro. En\u2026","rel":"","context":"En \u00abDeportes\u00bb","block_context":{"text":"Deportes","link":"https:\/\/www.hoymercedes.com.ar\/principal\/category\/deportes\/"},"img":{"alt_text":"","src":"https:\/\/i0.wp.com\/www.hoymercedes.com.ar\/principal\/wp-content\/uploads\/2018\/10\/SRRM-en-Mercedes.jpg?resize=350%2C200&ssl=1","width":350,"height":200,"srcset":"https:\/\/i0.wp.com\/www.hoymercedes.com.ar\/principal\/wp-content\/uploads\/2018\/10\/SRRM-en-Mercedes.jpg?resize=350%2C200&ssl=1 1x, https:\/\/i0.wp.com\/www.hoymercedes.com.ar\/principal\/wp-content\/uploads\/2018\/10\/SRRM-en-Mercedes.jpg?resize=525%2C300&ssl=1 1.5x, https:\/\/i0.wp.com\/www.hoymercedes.com.ar\/principal\/wp-content\/uploads\/2018\/10\/SRRM-en-Mercedes.jpg?resize=700%2C400&ssl=1 2x"},"classes":[]},{"id":55152,"url":"https:\/\/www.hoymercedes.com.ar\/principal\/2016\/09\/27\/se-realizo-una-nueva-fecha-del-cedo\/","url_meta":{"origin":83680,"position":3},"title":"Se realiz\u00f3 una nueva fecha del CEdO","author":"hoymercedes","date":"27 septiembre, 2016","format":false,"excerpt":"Con la jornada de la Exposici\u00f3n Rural que se realiz\u00f3 durante este fin de semana, se llev\u00f3 a cabo una nueva fecha del Campeonato Escuelas del Oeste en el que participaron una gran cantidad de binomios de la zona con los siguientes resultados: Paso obligado: recibieron cucarda: Amanda Cabrera, Santina\u2026","rel":"","context":"En \u00abDeportes\u00bb","block_context":{"text":"Deportes","link":"https:\/\/www.hoymercedes.com.ar\/principal\/category\/deportes\/"},"img":{"alt_text":"","src":"https:\/\/i0.wp.com\/www.hoymercedes.com.ar\/principal\/wp-content\/uploads\/2016\/09\/srrm-equitacion.jpg?resize=350%2C200&ssl=1","width":350,"height":200,"srcset":"https:\/\/i0.wp.com\/www.hoymercedes.com.ar\/principal\/wp-content\/uploads\/2016\/09\/srrm-equitacion.jpg?resize=350%2C200&ssl=1 1x, https:\/\/i0.wp.com\/www.hoymercedes.com.ar\/principal\/wp-content\/uploads\/2016\/09\/srrm-equitacion.jpg?resize=525%2C300&ssl=1 1.5x"},"classes":[]},{"id":80713,"url":"https:\/\/www.hoymercedes.com.ar\/principal\/2018\/09\/09\/en-vagues-se-realizo-la-cuarta-fecha-de-cehdo\/","url_meta":{"origin":83680,"position":4},"title":"En Vagues se realiz\u00f3 la cuarta fecha de CEHdO","author":"hoymercedes","date":"9 septiembre, 2018","format":false,"excerpt":"El pasado domingo 26 de agosto se realiz\u00f3 en las instalaciones del Encuentro de Vagues la cuarta fecha del Campeonato Escuelas H\u00edpicas del Oeste.\u00a0Se hicieron presentes jinetes y amazonas de los clubes h\u00edpicos locales. Sociedad Rural En la prueba de Paso obligado recibi\u00f3 premio Julieta Ramos Garc\u00eda. En 30 cm\u2026","rel":"","context":"En \u00abDeportes\u00bb","block_context":{"text":"Deportes","link":"https:\/\/www.hoymercedes.com.ar\/principal\/category\/deportes\/"},"img":{"alt_text":"","src":"https:\/\/i0.wp.com\/www.hoymercedes.com.ar\/principal\/wp-content\/uploads\/2018\/09\/CEDHO-4-fecha.jpg?resize=350%2C200","width":350,"height":200},"classes":[]},{"id":67586,"url":"https:\/\/www.hoymercedes.com.ar\/principal\/2017\/09\/26\/se-realizara-un-concurso-hipico-en-la-expo-rural-mercedes\/","url_meta":{"origin":83680,"position":5},"title":"Se realizar\u00e1 un concurso h\u00edpico en la Expo Rural Mercedes","author":"hoymercedes","date":"26 septiembre, 2017","format":false,"excerpt":"El s\u00e1bado 7 se llevar\u00e1 a cabo en el marco de la 71\u00b0 Expo Rural Mercedes 2017 el Concurso H\u00edpico Regional organizado por la Secci\u00f3n H\u00edpica de dicha entidad. Esta ya tradicional competencia, reunir\u00e1 en pista a jinetes y amazonas de diferentes clubes de Mercedes y la zona, quienes participar\u00e1n\u2026","rel":"","context":"En \u00abDeportes\u00bb","block_context":{"text":"Deportes","link":"https:\/\/www.hoymercedes.com.ar\/principal\/category\/deportes\/"},"img":{"alt_text":"","src":"https:\/\/i0.wp.com\/www.hoymercedes.com.ar\/principal\/wp-content\/uploads\/2017\/09\/PREMIOS-PASO-OBLIGADO.jpg?resize=350%2C200&ssl=1","width":350,"height":200,"srcset":"https:\/\/i0.wp.com\/www.hoymercedes.com.ar\/principal\/wp-content\/uploads\/2017\/09\/PREMIOS-PASO-OBLIGADO.jpg?resize=350%2C200&ssl=1 1x, https:\/\/i0.wp.com\/www.hoymercedes.com.ar\/principal\/wp-content\/uploads\/2017\/09\/PREMIOS-PASO-OBLIGADO.jpg?resize=525%2C300&ssl=1 1.5x, https:\/\/i0.wp.com\/www.hoymercedes.com.ar\/principal\/wp-content\/uploads\/2017\/09\/PREMIOS-PASO-OBLIGADO.jpg?resize=700%2C400&ssl=1 2x"},"classes":[]}],"_links":{"self":[{"href":"https:\/\/www.hoymercedes.com.ar\/principal\/wp-json\/wp\/v2\/posts\/83680","targetHints":{"allow":["GET"]}}],"collection":[{"href":"https:\/\/www.hoymercedes.com.ar\/principal\/wp-json\/wp\/v2\/posts"}],"about":[{"href":"https:\/\/www.hoymercedes.com.ar\/principal\/wp-json\/wp\/v2\/types\/post"}],"author":[{"embeddable":true,"href":"https:\/\/www.hoymercedes.com.ar\/principal\/wp-json\/wp\/v2\/users\/1"}],"replies":[{"embeddable":true,"href":"https:\/\/www.hoymercedes.com.ar\/principal\/wp-json\/wp\/v2\/comments?post=83680"}],"version-history":[{"count":0,"href":"https:\/\/www.hoymercedes.com.ar\/principal\/wp-json\/wp\/v2\/posts\/83680\/revisions"}],"wp:featuredmedia":[{"embeddable":true,"href":"https:\/\/www.hoymercedes.com.ar\/principal\/wp-json\/wp\/v2\/media\/83681"}],"wp:attachment":[{"href":"https:\/\/www.hoymercedes.com.ar\/principal\/wp-json\/wp\/v2\/media?parent=83680"}],"wp:term":[{"taxonomy":"category","embeddable":true,"href":"https:\/\/www.hoymercedes.com.ar\/principal\/wp-json\/wp\/v2\/categories?post=83680"},{"taxonomy":"post_tag","embeddable":true,"href":"https:\/\/www.hoymercedes.com.ar\/principal\/wp-json\/wp\/v2\/tags?post=83680"}],"curies":[{"name":"wp","href":"https:\/\/api.w.org\/{rel}","templated":true}]}}