{"id":83685,"date":"2018-11-09T15:06:27","date_gmt":"2018-11-09T18:06:27","guid":{"rendered":"http:\/\/www.hoymercedes.com.ar\/principal\/?p=83685"},"modified":"2018-11-07T14:49:40","modified_gmt":"2018-11-07T17:49:40","slug":"comenzo-el-torneo-comercial-de-basquet-en-club-estudiantes","status":"publish","type":"post","link":"https:\/\/www.hoymercedes.com.ar\/principal\/2018\/11\/09\/comenzo-el-torneo-comercial-de-basquet-en-club-estudiantes\/","title":{"rendered":"Comenz\u00f3 el torneo comercial de b\u00e1squet en Club Estudiantes"},"content":{"rendered":"<p>Volvi\u00f3 a jugarse el torneo comercial de fin de a\u00f1o en la cancha del Club Estudiantes, un certamen que mezcla a jugadores que pasaron por Quilmes y Estudiantes y algunos que est\u00e1n algo retirados de la actividad y otros que est\u00e1n comenzando. Cinco equipos se disputar\u00e1n el t\u00edtulo y dos de ellos ya tienen una victoria en su haber.<\/p>\n<p><img loading=\"lazy\" decoding=\"async\" data-attachment-id=\"83686\" data-permalink=\"https:\/\/www.hoymercedes.com.ar\/principal\/2018\/11\/09\/comenzo-el-torneo-comercial-de-basquet-en-club-estudiantes\/drink-team-2018\/#main\" data-orig-file=\"https:\/\/www.hoymercedes.com.ar\/principal\/wp-content\/uploads\/2018\/11\/Drink-Team-2018.jpg\" data-orig-size=\"713,713\" data-comments-opened=\"0\" data-image-meta=\"{&quot;aperture&quot;:&quot;0&quot;,&quot;credit&quot;:&quot;&quot;,&quot;camera&quot;:&quot;&quot;,&quot;caption&quot;:&quot;&quot;,&quot;created_timestamp&quot;:&quot;0&quot;,&quot;copyright&quot;:&quot;&quot;,&quot;focal_length&quot;:&quot;0&quot;,&quot;iso&quot;:&quot;0&quot;,&quot;shutter_speed&quot;:&quot;0&quot;,&quot;title&quot;:&quot;&quot;,&quot;orientation&quot;:&quot;0&quot;}\" data-image-title=\"Drink Team 2018\" data-image-description=\"\" data-image-caption=\"\" data-large-file=\"https:\/\/www.hoymercedes.com.ar\/principal\/wp-content\/uploads\/2018\/11\/Drink-Team-2018.jpg\" class=\"size-medium wp-image-83686 aligncenter\" src=\"https:\/\/www.hoymercedes.com.ar\/principal\/wp-content\/uploads\/2018\/11\/Drink-Team-2018-620x620.jpg\" alt=\"\" width=\"620\" height=\"620\" srcset=\"https:\/\/www.hoymercedes.com.ar\/principal\/wp-content\/uploads\/2018\/11\/Drink-Team-2018-620x620.jpg 620w, https:\/\/www.hoymercedes.com.ar\/principal\/wp-content\/uploads\/2018\/11\/Drink-Team-2018-150x150.jpg 150w, https:\/\/www.hoymercedes.com.ar\/principal\/wp-content\/uploads\/2018\/11\/Drink-Team-2018.jpg 713w\" sizes=\"auto, (max-width: 620px) 100vw, 620px\" \/><\/p>\n<p>Drink Team venci\u00f3 a Fecha Libre 69 a 64. Rodrigo Colicigno con 24 puntos y Mat\u00edas Zumpano con 19 fueron los goleadores en el ganador, mientras que Tom\u00e1s Lam\u00f3nica con 21 fue el que m\u00e1s puntos hizo en el perdedor. El otro encuentro fue el de Rookies 65 &#8211; La Bandita 40. Para el ganador los goleadores fueron Ciro Cosentino y Valent\u00edn Mustoni con 14 puntos y en el derrotado, con 8, Iv\u00e1n Gallo y Jorge Siri.<\/p>\n<p>&nbsp;<\/p>\n","protected":false},"excerpt":{"rendered":"<p>Volvi\u00f3 a jugarse el torneo comercial de fin de a\u00f1o en la cancha del Club Estudiantes, un certamen que mezcla &#8230; <a title=\"Comenz\u00f3 el torneo comercial de b\u00e1squet en Club Estudiantes\" class=\"read-more\" href=\"https:\/\/www.hoymercedes.com.ar\/principal\/2018\/11\/09\/comenzo-el-torneo-comercial-de-basquet-en-club-estudiantes\/\" aria-label=\"Leer m\u00e1s sobre Comenz\u00f3 el torneo comercial de b\u00e1squet en Club Estudiantes\">Leer m\u00e1s<\/a><\/p>\n","protected":false},"author":1,"featured_media":83686,"comment_status":"closed","ping_status":"open","sticky":false,"template":"","format":"standard","meta":{"_monsterinsights_skip_tracking":false,"_monsterinsights_sitenote_active":false,"_monsterinsights_sitenote_note":"","_monsterinsights_sitenote_category":0,"jetpack_post_was_ever_published":false,"_jetpack_newsletter_access":"","_jetpack_dont_email_post_to_subs":false,"_jetpack_newsletter_tier_id":0,"_jetpack_memberships_contains_paywalled_content":false,"_jetpack_memberships_contains_paid_content":false,"footnotes":"","jetpack_publicize_message":"","jetpack_publicize_feature_enabled":true,"jetpack_social_post_already_shared":true,"jetpack_social_options":{"image_generator_settings":{"template":"highway","default_image_id":0,"font":"","enabled":false},"version":2},"_wpas_customize_per_network":false},"categories":[21],"tags":[1058,3388,204,14010],"class_list":["post-83685","post","type-post","status-publish","format-standard","has-post-thumbnail","hentry","category-deportes","tag-basquet","tag-club-estudiantes","tag-deportes-2","tag-torneo-comercial","generate-columns","tablet-grid-50","mobile-grid-100","grid-parent","grid-50"],"jetpack_publicize_connections":[],"jetpack_featured_media_url":"https:\/\/www.hoymercedes.com.ar\/principal\/wp-content\/uploads\/2018\/11\/Drink-Team-2018.jpg","wps_subtitle":"","jetpack_sharing_enabled":true,"jetpack-related-posts":[{"id":161938,"url":"https:\/\/www.hoymercedes.com.ar\/principal\/2023\/05\/09\/basquet-estudiantes-se-llevo-un-buen-resultado-ante-dorrego\/","url_meta":{"origin":83685,"position":0},"title":"B\u00e1squet: Estudiantes se llev\u00f3 un buen\u00a0resultado ante Dorrego","author":"hoymercedes","date":"9 mayo, 2023","format":false,"excerpt":"Por el torneo organizado por la Asociaci\u00f3n Mercedina de B\u00e1squet el Club Estudiantes viaj\u00f3 a Navarro para enfrentar a sus pares del Club Dorrego por la fecha 3. Escuelita y Pre Mini: Santino, Vicente, Antonio, Rafael, Perseo, Juan, Joaquin, Violeta Tahiel, Amadeo, Thiago, Milo, Valentino, Isaias, Lorenzo, Olivia. La jornada\u2026","rel":"","context":"En \u00abDeportes\u00bb","block_context":{"text":"Deportes","link":"https:\/\/www.hoymercedes.com.ar\/principal\/category\/deportes\/"},"img":{"alt_text":"","src":"https:\/\/i0.wp.com\/www.hoymercedes.com.ar\/principal\/wp-content\/uploads\/2023\/05\/dbasquet-0805.jpg?resize=350%2C200&ssl=1","width":350,"height":200,"srcset":"https:\/\/i0.wp.com\/www.hoymercedes.com.ar\/principal\/wp-content\/uploads\/2023\/05\/dbasquet-0805.jpg?resize=350%2C200&ssl=1 1x, https:\/\/i0.wp.com\/www.hoymercedes.com.ar\/principal\/wp-content\/uploads\/2023\/05\/dbasquet-0805.jpg?resize=525%2C300&ssl=1 1.5x, https:\/\/i0.wp.com\/www.hoymercedes.com.ar\/principal\/wp-content\/uploads\/2023\/05\/dbasquet-0805.jpg?resize=700%2C400&ssl=1 2x"},"classes":[]},{"id":165473,"url":"https:\/\/www.hoymercedes.com.ar\/principal\/2023\/08\/08\/asociacion-mercedina-de-basquet-triunfo-de-estudiantes-ante-sarmiento\/","url_meta":{"origin":83685,"position":1},"title":"Asociaci\u00f3n Mercedina de B\u00e1squet: Triunfo de Estudiantes ante Sarmiento","author":"hoymercedes","date":"8 agosto, 2023","format":false,"excerpt":"El picha fue local en una nueva fecha de la Asociaci\u00f3n Mercedina de B\u00e1squet. Fue victoria para el Mini y Primera Divisi\u00f3n, mientras que en U17 el triunfo qued\u00f3 en manos de rival. Este domingo por una nueva fecha del torneo organizado por la Asociaci\u00f3n Mercedina de B\u00e1squet, el Club\u2026","rel":"","context":"En \u00abDeportes\u00bb","block_context":{"text":"Deportes","link":"https:\/\/www.hoymercedes.com.ar\/principal\/category\/deportes\/"},"img":{"alt_text":"","src":"https:\/\/i0.wp.com\/www.hoymercedes.com.ar\/principal\/wp-content\/uploads\/2023\/08\/basquet-0708.jpg?resize=350%2C200&ssl=1","width":350,"height":200,"srcset":"https:\/\/i0.wp.com\/www.hoymercedes.com.ar\/principal\/wp-content\/uploads\/2023\/08\/basquet-0708.jpg?resize=350%2C200&ssl=1 1x, https:\/\/i0.wp.com\/www.hoymercedes.com.ar\/principal\/wp-content\/uploads\/2023\/08\/basquet-0708.jpg?resize=525%2C300&ssl=1 1.5x, https:\/\/i0.wp.com\/www.hoymercedes.com.ar\/principal\/wp-content\/uploads\/2023\/08\/basquet-0708.jpg?resize=700%2C400&ssl=1 2x"},"classes":[]},{"id":169260,"url":"https:\/\/www.hoymercedes.com.ar\/principal\/2023\/11\/07\/basquet-estudiantes-recibio-a-san-carlos\/","url_meta":{"origin":83685,"position":2},"title":"Basquet: Estudiantes recibi\u00f3 a San Carlos","author":"hoymercedes","date":"7 noviembre, 2023","format":false,"excerpt":"Por una nueva fecha del torneo de la Asociaci\u00f3n Mercedina de B\u00e1squet, los equipos de Estudiantes recibieron a sus pares de San Carlos, club oriundo de la ciudad de Capit\u00e1n Sarmiento. En esta ocasi\u00f3n, la jornada comenz\u00f3 este domingo desde el mediod\u00eda donde salieron a la cancha los equipos combinados\u2026","rel":"","context":"En \u00abDeportes\u00bb","block_context":{"text":"Deportes","link":"https:\/\/www.hoymercedes.com.ar\/principal\/category\/deportes\/"},"img":{"alt_text":"","src":"https:\/\/i0.wp.com\/www.hoymercedes.com.ar\/principal\/wp-content\/uploads\/2023\/11\/estudia-0611.jpg?resize=350%2C200&ssl=1","width":350,"height":200,"srcset":"https:\/\/i0.wp.com\/www.hoymercedes.com.ar\/principal\/wp-content\/uploads\/2023\/11\/estudia-0611.jpg?resize=350%2C200&ssl=1 1x, https:\/\/i0.wp.com\/www.hoymercedes.com.ar\/principal\/wp-content\/uploads\/2023\/11\/estudia-0611.jpg?resize=525%2C300&ssl=1 1.5x, https:\/\/i0.wp.com\/www.hoymercedes.com.ar\/principal\/wp-content\/uploads\/2023\/11\/estudia-0611.jpg?resize=700%2C400&ssl=1 2x"},"classes":[]},{"id":80149,"url":"https:\/\/www.hoymercedes.com.ar\/principal\/2018\/08\/23\/estudiantes-organizo-un-torneo-comercial-de-basquet\/","url_meta":{"origin":83685,"position":3},"title":"Estudiantes organiz\u00f3 un torneo comercial de b\u00e1squet","author":"hoymercedes","date":"23 agosto, 2018","format":false,"excerpt":"Como desde hac\u00eda algunos a\u00f1os no ocurr\u00eda, el Club Estudiantes organiz\u00f3 un torneo Comercial de B\u00e1squet que tendr\u00e1 la participaci\u00f3n de entre cinco o seis equipos, que jugar\u00e1n todos contra todos y luego habr\u00e1 un PlayOff entre los primeros cuatro. La fecha estimada de inicio del mismo ser\u00e1 el s\u00e1bado\u2026","rel":"","context":"En \u00abDeportes\u00bb","block_context":{"text":"Deportes","link":"https:\/\/www.hoymercedes.com.ar\/principal\/category\/deportes\/"},"img":{"alt_text":"","src":"https:\/\/i0.wp.com\/www.hoymercedes.com.ar\/principal\/wp-content\/uploads\/2018\/08\/Cancha-Basquet-Estudiantes-1-2018.jpg?resize=350%2C200&ssl=1","width":350,"height":200,"srcset":"https:\/\/i0.wp.com\/www.hoymercedes.com.ar\/principal\/wp-content\/uploads\/2018\/08\/Cancha-Basquet-Estudiantes-1-2018.jpg?resize=350%2C200&ssl=1 1x, https:\/\/i0.wp.com\/www.hoymercedes.com.ar\/principal\/wp-content\/uploads\/2018\/08\/Cancha-Basquet-Estudiantes-1-2018.jpg?resize=525%2C300&ssl=1 1.5x, https:\/\/i0.wp.com\/www.hoymercedes.com.ar\/principal\/wp-content\/uploads\/2018\/08\/Cancha-Basquet-Estudiantes-1-2018.jpg?resize=700%2C400&ssl=1 2x"},"classes":[]},{"id":136521,"url":"https:\/\/www.hoymercedes.com.ar\/principal\/2021\/09\/04\/basquet-femenino-y-masculino-el-17-de-septiembre-empiezan-los-torneos\/","url_meta":{"origin":83685,"position":4},"title":"Basquet Femenino y Masculino: el 17 de septiembre empiezan los torneos","author":"hoymercedes","date":"4 septiembre, 2021","format":false,"excerpt":"La Asociaci\u00f3n Mercedina de Basquet anunci\u00f3 el torneo presentaci\u00f3n de la Primera Divisi\u00f3n, tanto femenino como masculino. Ambos torneos comenzar\u00e1n el fin de semana del 17 de septiembre. En el torneo de basquet femenino competir\u00e1n cinco equipos, mientras que en el basquet masculino ser\u00e1n ocho equipos en dos zonas. En\u2026","rel":"","context":"En \u00abDeportes\u00bb","block_context":{"text":"Deportes","link":"https:\/\/www.hoymercedes.com.ar\/principal\/category\/deportes\/"},"img":{"alt_text":"","src":"https:\/\/i0.wp.com\/www.hoymercedes.com.ar\/principal\/wp-content\/uploads\/2021\/09\/04-basquet-femenino-6.jpg?resize=350%2C200&ssl=1","width":350,"height":200,"srcset":"https:\/\/i0.wp.com\/www.hoymercedes.com.ar\/principal\/wp-content\/uploads\/2021\/09\/04-basquet-femenino-6.jpg?resize=350%2C200&ssl=1 1x, https:\/\/i0.wp.com\/www.hoymercedes.com.ar\/principal\/wp-content\/uploads\/2021\/09\/04-basquet-femenino-6.jpg?resize=525%2C300&ssl=1 1.5x, https:\/\/i0.wp.com\/www.hoymercedes.com.ar\/principal\/wp-content\/uploads\/2021\/09\/04-basquet-femenino-6.jpg?resize=700%2C400&ssl=1 2x"},"classes":[]},{"id":137596,"url":"https:\/\/www.hoymercedes.com.ar\/principal\/2021\/09\/20\/asociacion-mercedina-de-basquetbol-la-naranja-volvio-a-picar-en-mercedes\/","url_meta":{"origin":83685,"position":5},"title":"Asociaci\u00f3n Mercedina de Basquetbol: la naranja volvi\u00f3 a picar en Mercedes","author":"hoymercedes","date":"20 septiembre, 2021","format":false,"excerpt":"\u00a0Se puso en marcha la primera fecha de la Liga Mercedina de B\u00e1squet. En varones ganaron Quilmes, Ateneo y Estudiantes, mientras que las chicas del \u201cpincha\u201d perdieron por la m\u00ednima en el debut.\u00a0 Este domingo por la noche se disput\u00f3 la primera fecha de la Liga Mercedina de B\u00e1squet, organizada\u2026","rel":"","context":"En \u00abDeportes\u00bb","block_context":{"text":"Deportes","link":"https:\/\/www.hoymercedes.com.ar\/principal\/category\/deportes\/"},"img":{"alt_text":"","src":"https:\/\/i0.wp.com\/www.hoymercedes.com.ar\/principal\/wp-content\/uploads\/2021\/09\/WhatsApp-Image-2021-09-20-at-19.59.36.jpeg?resize=350%2C200&ssl=1","width":350,"height":200,"srcset":"https:\/\/i0.wp.com\/www.hoymercedes.com.ar\/principal\/wp-content\/uploads\/2021\/09\/WhatsApp-Image-2021-09-20-at-19.59.36.jpeg?resize=350%2C200&ssl=1 1x, https:\/\/i0.wp.com\/www.hoymercedes.com.ar\/principal\/wp-content\/uploads\/2021\/09\/WhatsApp-Image-2021-09-20-at-19.59.36.jpeg?resize=525%2C300&ssl=1 1.5x, https:\/\/i0.wp.com\/www.hoymercedes.com.ar\/principal\/wp-content\/uploads\/2021\/09\/WhatsApp-Image-2021-09-20-at-19.59.36.jpeg?resize=700%2C400&ssl=1 2x"},"classes":[]}],"_links":{"self":[{"href":"https:\/\/www.hoymercedes.com.ar\/principal\/wp-json\/wp\/v2\/posts\/83685","targetHints":{"allow":["GET"]}}],"collection":[{"href":"https:\/\/www.hoymercedes.com.ar\/principal\/wp-json\/wp\/v2\/posts"}],"about":[{"href":"https:\/\/www.hoymercedes.com.ar\/principal\/wp-json\/wp\/v2\/types\/post"}],"author":[{"embeddable":true,"href":"https:\/\/www.hoymercedes.com.ar\/principal\/wp-json\/wp\/v2\/users\/1"}],"replies":[{"embeddable":true,"href":"https:\/\/www.hoymercedes.com.ar\/principal\/wp-json\/wp\/v2\/comments?post=83685"}],"version-history":[{"count":0,"href":"https:\/\/www.hoymercedes.com.ar\/principal\/wp-json\/wp\/v2\/posts\/83685\/revisions"}],"wp:featuredmedia":[{"embeddable":true,"href":"https:\/\/www.hoymercedes.com.ar\/principal\/wp-json\/wp\/v2\/media\/83686"}],"wp:attachment":[{"href":"https:\/\/www.hoymercedes.com.ar\/principal\/wp-json\/wp\/v2\/media?parent=83685"}],"wp:term":[{"taxonomy":"category","embeddable":true,"href":"https:\/\/www.hoymercedes.com.ar\/principal\/wp-json\/wp\/v2\/categories?post=83685"},{"taxonomy":"post_tag","embeddable":true,"href":"https:\/\/www.hoymercedes.com.ar\/principal\/wp-json\/wp\/v2\/tags?post=83685"}],"curies":[{"name":"wp","href":"https:\/\/api.w.org\/{rel}","templated":true}]}}