{"id":83713,"date":"2018-11-08T08:40:46","date_gmt":"2018-11-08T11:40:46","guid":{"rendered":"http:\/\/www.hoymercedes.com.ar\/principal\/?p=83713"},"modified":"2018-11-07T22:52:21","modified_gmt":"2018-11-08T01:52:21","slug":"comienza-ciclo-rap-en-el-galpon","status":"publish","type":"post","link":"https:\/\/www.hoymercedes.com.ar\/principal\/2018\/11\/08\/comienza-ciclo-rap-en-el-galpon\/","title":{"rendered":"Comienza ciclo \u00abRap en el Galp\u00f3n\u00bb"},"content":{"rendered":"<p>Este viernes 9 de noviembre habr\u00e1 rap en La Trocha. El \u00e1rea de Juventud de la Municipalidad de Mercedes invita a ser parte de una propuesta musical de un g\u00e9nero que no para de crecer en la ciudad, donde cada d\u00eda son m\u00e1s los j\u00f3venes que se animan a expresarse a trav\u00e9s del rap.\u00a0Ser\u00e1 desde las 17 horas y habr\u00e1 \u201cbatallas de Freestyle\u201d<\/p>\n<p>\u201cDesde la Municipalidad, queremos que el g\u00e9nero del Rap se escuche fuerte en nuestra ciudad porque es una de las voces que los j\u00f3venes m\u00e1s siguen en la actualidad y es importante ellos tengan su lugar, tal como lo tienen otros g\u00e9neros, como el rock, tango, cumbia, y folklore\u201d narraron desde Desarrollo Social, secretar\u00eda de donde depende el \u00e1rea que conduce Eugenia C\u00f3dega.<\/p>\n<p>La invitaci\u00f3n es libre, p\u00fablica y gratuita.<\/p>\n","protected":false},"excerpt":{"rendered":"<p>Este viernes 9 de noviembre habr\u00e1 rap en La Trocha. El \u00e1rea de Juventud de la Municipalidad de Mercedes invita &#8230; <a title=\"Comienza ciclo \u00abRap en el Galp\u00f3n\u00bb\" class=\"read-more\" href=\"https:\/\/www.hoymercedes.com.ar\/principal\/2018\/11\/08\/comienza-ciclo-rap-en-el-galpon\/\" aria-label=\"Leer m\u00e1s sobre Comienza ciclo \u00abRap en el Galp\u00f3n\u00bb\">Leer m\u00e1s<\/a><\/p>\n","protected":false},"author":1,"featured_media":83714,"comment_status":"closed","ping_status":"open","sticky":false,"template":"","format":"standard","meta":{"_monsterinsights_skip_tracking":false,"_monsterinsights_sitenote_active":false,"_monsterinsights_sitenote_note":"","_monsterinsights_sitenote_category":0,"jetpack_post_was_ever_published":false,"_jetpack_newsletter_access":"","_jetpack_dont_email_post_to_subs":false,"_jetpack_newsletter_tier_id":0,"_jetpack_memberships_contains_paywalled_content":false,"_jetpack_memberships_contains_paid_content":false,"footnotes":"","jetpack_publicize_message":"","jetpack_publicize_feature_enabled":true,"jetpack_social_post_already_shared":true,"jetpack_social_options":{"image_generator_settings":{"template":"highway","default_image_id":0,"font":"","enabled":false},"version":2},"_wpas_customize_per_network":false},"categories":[104],"tags":[7805,14015,14016],"class_list":["post-83713","post","type-post","status-publish","format-standard","has-post-thumbnail","hentry","category-cultura","tag-cultura","tag-direccion-de-juventud","tag-rap-en-el-galpon","generate-columns","tablet-grid-50","mobile-grid-100","grid-parent","grid-50"],"jetpack_publicize_connections":[],"jetpack_featured_media_url":"https:\/\/www.hoymercedes.com.ar\/principal\/wp-content\/uploads\/2018\/11\/08-rock-galpon.jpg","wps_subtitle":"","jetpack_sharing_enabled":true,"_links":{"self":[{"href":"https:\/\/www.hoymercedes.com.ar\/principal\/wp-json\/wp\/v2\/posts\/83713","targetHints":{"allow":["GET"]}}],"collection":[{"href":"https:\/\/www.hoymercedes.com.ar\/principal\/wp-json\/wp\/v2\/posts"}],"about":[{"href":"https:\/\/www.hoymercedes.com.ar\/principal\/wp-json\/wp\/v2\/types\/post"}],"author":[{"embeddable":true,"href":"https:\/\/www.hoymercedes.com.ar\/principal\/wp-json\/wp\/v2\/users\/1"}],"replies":[{"embeddable":true,"href":"https:\/\/www.hoymercedes.com.ar\/principal\/wp-json\/wp\/v2\/comments?post=83713"}],"version-history":[{"count":0,"href":"https:\/\/www.hoymercedes.com.ar\/principal\/wp-json\/wp\/v2\/posts\/83713\/revisions"}],"wp:featuredmedia":[{"embeddable":true,"href":"https:\/\/www.hoymercedes.com.ar\/principal\/wp-json\/wp\/v2\/media\/83714"}],"wp:attachment":[{"href":"https:\/\/www.hoymercedes.com.ar\/principal\/wp-json\/wp\/v2\/media?parent=83713"}],"wp:term":[{"taxonomy":"category","embeddable":true,"href":"https:\/\/www.hoymercedes.com.ar\/principal\/wp-json\/wp\/v2\/categories?post=83713"},{"taxonomy":"post_tag","embeddable":true,"href":"https:\/\/www.hoymercedes.com.ar\/principal\/wp-json\/wp\/v2\/tags?post=83713"}],"curies":[{"name":"wp","href":"https:\/\/api.w.org\/{rel}","templated":true}]}}