{"id":83719,"date":"2018-11-08T06:27:02","date_gmt":"2018-11-08T09:27:02","guid":{"rendered":"http:\/\/www.hoymercedes.com.ar\/principal\/?p=83719"},"modified":"2018-11-07T16:37:34","modified_gmt":"2018-11-07T19:37:34","slug":"por-asueto-municipal-dependencias-comunales-estaran-cerradas-el-viernes","status":"publish","type":"post","link":"https:\/\/www.hoymercedes.com.ar\/principal\/2018\/11\/08\/por-asueto-municipal-dependencias-comunales-estaran-cerradas-el-viernes\/","title":{"rendered":"Por asueto municipal dependencias comunales estar\u00e1n cerradas el viernes"},"content":{"rendered":"<p>El 8 de noviembre se celebra el D\u00eda del Empleado Municipal. Esto motiv\u00f3 que la Municipalidad de Mercedes determinase un asueto administrativo para el d\u00eda viernes 9 de noviembre y que los empleados tengan un d\u00eda no laborable y as\u00ed un fin de semana largo.<\/p>\n<p>Los vecinos deben saber que todas las dependencias municipales estar\u00e1n cerradas, as\u00ed como organismos que tienen empleados que dependen de la Comuna como la Casa del Ni\u00f1o y la oficina local de IOMA.<\/p>\n<p>Cabe recordar que el 8 de\u00a0noviembre\u00a0de 1959 se constitu\u00eda la Confederaci\u00f3n de Obreros y Empleados Municipales de la Rep\u00fablica Argentina, COEMA, organizaci\u00f3n sindical que agrupa a todas las Federaciones de Trabajadores Municipales de las Provincias Argentinas.<\/p>\n<p>Por tal motivo se festeja el D\u00eda del Trabajador Municipal Argentino. La\u00a0COEMA naci\u00f3 en el seno de la revoluci\u00f3n sindical durante la presidencia de\u00a0Arturo Frondizi\u00a0y con las\u00a062 Organizaciones como base, teniendo como fin organizar y unificar a todas las federaciones, sindicatos y uniones municipales de la Argentina.<\/p>\n<p>&nbsp;<\/p>\n","protected":false},"excerpt":{"rendered":"<p>El 8 de noviembre se celebra el D\u00eda del Empleado Municipal. Esto motiv\u00f3 que la Municipalidad de Mercedes determinase un &#8230; <a title=\"Por asueto municipal dependencias comunales estar\u00e1n cerradas el viernes\" class=\"read-more\" href=\"https:\/\/www.hoymercedes.com.ar\/principal\/2018\/11\/08\/por-asueto-municipal-dependencias-comunales-estaran-cerradas-el-viernes\/\" aria-label=\"Leer m\u00e1s sobre Por asueto municipal dependencias comunales estar\u00e1n cerradas el viernes\">Leer m\u00e1s<\/a><\/p>\n","protected":false},"author":1,"featured_media":83720,"comment_status":"closed","ping_status":"open","sticky":false,"template":"","format":"standard","meta":{"_monsterinsights_skip_tracking":false,"_monsterinsights_sitenote_active":false,"_monsterinsights_sitenote_note":"","_monsterinsights_sitenote_category":0,"jetpack_post_was_ever_published":false,"_jetpack_newsletter_access":"","_jetpack_dont_email_post_to_subs":false,"_jetpack_newsletter_tier_id":0,"_jetpack_memberships_contains_paywalled_content":false,"_jetpack_memberships_contains_paid_content":false,"footnotes":"","jetpack_publicize_message":"","jetpack_publicize_feature_enabled":true,"jetpack_social_post_already_shared":true,"jetpack_social_options":{"image_generator_settings":{"template":"highway","default_image_id":0,"font":"","enabled":false},"version":2},"_wpas_customize_per_network":false},"categories":[30],"tags":[14017,14018,10,244],"class_list":["post-83719","post","type-post","status-publish","format-standard","has-post-thumbnail","hentry","category-municipio","tag-asueto-administrativo","tag-dia-del-empleado-municipal","tag-mercedes","tag-municipio-2","generate-columns","tablet-grid-50","mobile-grid-100","grid-parent","grid-50"],"jetpack_publicize_connections":[],"jetpack_featured_media_url":"https:\/\/www.hoymercedes.com.ar\/principal\/wp-content\/uploads\/2018\/11\/08-asueto-munic.jpg","wps_subtitle":"Celebrando el d\u00eda del trabajador municipal","jetpack_sharing_enabled":true,"_links":{"self":[{"href":"https:\/\/www.hoymercedes.com.ar\/principal\/wp-json\/wp\/v2\/posts\/83719","targetHints":{"allow":["GET"]}}],"collection":[{"href":"https:\/\/www.hoymercedes.com.ar\/principal\/wp-json\/wp\/v2\/posts"}],"about":[{"href":"https:\/\/www.hoymercedes.com.ar\/principal\/wp-json\/wp\/v2\/types\/post"}],"author":[{"embeddable":true,"href":"https:\/\/www.hoymercedes.com.ar\/principal\/wp-json\/wp\/v2\/users\/1"}],"replies":[{"embeddable":true,"href":"https:\/\/www.hoymercedes.com.ar\/principal\/wp-json\/wp\/v2\/comments?post=83719"}],"version-history":[{"count":0,"href":"https:\/\/www.hoymercedes.com.ar\/principal\/wp-json\/wp\/v2\/posts\/83719\/revisions"}],"wp:featuredmedia":[{"embeddable":true,"href":"https:\/\/www.hoymercedes.com.ar\/principal\/wp-json\/wp\/v2\/media\/83720"}],"wp:attachment":[{"href":"https:\/\/www.hoymercedes.com.ar\/principal\/wp-json\/wp\/v2\/media?parent=83719"}],"wp:term":[{"taxonomy":"category","embeddable":true,"href":"https:\/\/www.hoymercedes.com.ar\/principal\/wp-json\/wp\/v2\/categories?post=83719"},{"taxonomy":"post_tag","embeddable":true,"href":"https:\/\/www.hoymercedes.com.ar\/principal\/wp-json\/wp\/v2\/tags?post=83719"}],"curies":[{"name":"wp","href":"https:\/\/api.w.org\/{rel}","templated":true}]}}