{"id":83722,"date":"2018-11-09T06:07:30","date_gmt":"2018-11-09T09:07:30","guid":{"rendered":"http:\/\/www.hoymercedes.com.ar\/principal\/?p=83722"},"modified":"2018-11-07T17:10:14","modified_gmt":"2018-11-07T20:10:14","slug":"recordatorio-francisco-manuel-heredia","status":"publish","type":"post","link":"https:\/\/www.hoymercedes.com.ar\/principal\/2018\/11\/09\/recordatorio-francisco-manuel-heredia\/","title":{"rendered":"Recordatorio: Francisco Manuel Heredia"},"content":{"rendered":"<p><img loading=\"lazy\" decoding=\"async\" data-attachment-id=\"37771\" data-permalink=\"https:\/\/www.hoymercedes.com.ar\/principal\/2014\/11\/15\/a-38-anos-de-la-desaparicion-de-francisco-pancho-heredia\/panchoheredia\/#main\" data-orig-file=\"https:\/\/www.hoymercedes.com.ar\/principal\/wp-content\/uploads\/2014\/11\/PanchoHeredia.jpg\" data-orig-size=\"620,925\" data-comments-opened=\"1\" data-image-meta=\"{&quot;aperture&quot;:&quot;0&quot;,&quot;credit&quot;:&quot;&quot;,&quot;camera&quot;:&quot;&quot;,&quot;caption&quot;:&quot;&quot;,&quot;created_timestamp&quot;:&quot;0&quot;,&quot;copyright&quot;:&quot;&quot;,&quot;focal_length&quot;:&quot;0&quot;,&quot;iso&quot;:&quot;0&quot;,&quot;shutter_speed&quot;:&quot;0&quot;,&quot;title&quot;:&quot;&quot;,&quot;orientation&quot;:&quot;0&quot;}\" data-image-title=\"PanchoHeredia\" data-image-description=\"\" data-image-caption=\"\" data-large-file=\"https:\/\/www.hoymercedes.com.ar\/principal\/wp-content\/uploads\/2014\/11\/PanchoHeredia.jpg\" class=\"aligncenter size-medium wp-image-37771\" src=\"https:\/\/www.hoymercedes.com.ar\/principal\/wp-content\/uploads\/2014\/11\/PanchoHeredia-415x620.jpg\" alt=\"\" width=\"415\" height=\"620\" srcset=\"https:\/\/www.hoymercedes.com.ar\/principal\/wp-content\/uploads\/2014\/11\/PanchoHeredia-415x620.jpg 415w, https:\/\/www.hoymercedes.com.ar\/principal\/wp-content\/uploads\/2014\/11\/PanchoHeredia.jpg 620w\" sizes=\"auto, (max-width: 415px) 100vw, 415px\" \/><\/p>\n<p style=\"text-align: center;\">FRANCISCO MANUEL HEREDIA<\/p>\n<p style=\"text-align: center;\">A 42 a\u00f1os de su desaparici\u00f3n<\/p>\n<p style=\"text-align: center;\">09- 11- 1976 a los 22 a\u00f1os de edad<\/p>\n<p style=\"text-align: left;\">Francisco Manuel Heredia estar\u00e1 siempre presente en la memoria y en el coraz\u00f3n de todos sus afectos. Lo recordamos como un exponente de esa destacada generaci\u00f3n de j\u00f3venes que asumiendo una militancia comprometida \u00a0supo jugarse por una causa transformadora,\u00a0 donde el ideal de su lucha pol\u00edtica super\u00f3 razones personales y se puso al servicio de una construcci\u00f3n \u00a0justa, colectiva y solidaria.<\/p>\n<p>A un nuevo aniversario de su desaparici\u00f3n, por \u00e9l y por los 30.000 compa\u00f1eros detenidos-desaparecidos y asesinados decimos \u00a1PRESENTES! No olvidamos, sostenemos la memoria, reclamamos la verdad, luchamos contra la impunidad y exigimos juicio y castigo a todos los culpables.<\/p>\n<p style=\"text-align: center;\">\n<p style=\"text-align: center;\">Memoria, Verdad y Justicia<\/p>\n<p style=\"text-align: center;\">Comisi\u00f3n Municipal por la Memoria de Mercedes<\/p>\n","protected":false},"excerpt":{"rendered":"<p>FRANCISCO MANUEL HEREDIA A 42 a\u00f1os de su desaparici\u00f3n 09- 11- 1976 a los 22 a\u00f1os de edad Francisco Manuel &#8230; <a title=\"Recordatorio: Francisco Manuel Heredia\" class=\"read-more\" href=\"https:\/\/www.hoymercedes.com.ar\/principal\/2018\/11\/09\/recordatorio-francisco-manuel-heredia\/\" aria-label=\"Leer m\u00e1s sobre Recordatorio: Francisco Manuel Heredia\">Leer m\u00e1s<\/a><\/p>\n","protected":false},"author":1,"featured_media":37771,"comment_status":"closed","ping_status":"open","sticky":false,"template":"","format":"standard","meta":{"_monsterinsights_skip_tracking":false,"_monsterinsights_sitenote_active":false,"_monsterinsights_sitenote_note":"","_monsterinsights_sitenote_category":0,"jetpack_post_was_ever_published":false,"_jetpack_newsletter_access":"","_jetpack_dont_email_post_to_subs":false,"_jetpack_newsletter_tier_id":0,"_jetpack_memberships_contains_paywalled_content":false,"_jetpack_memberships_contains_paid_content":false,"footnotes":"","jetpack_publicize_message":"","jetpack_publicize_feature_enabled":true,"jetpack_social_post_already_shared":true,"jetpack_social_options":{"image_generator_settings":{"template":"highway","default_image_id":0,"font":"","enabled":false},"version":2},"_wpas_customize_per_network":false},"categories":[8],"tags":[10337],"class_list":["post-83722","post","type-post","status-publish","format-standard","has-post-thumbnail","hentry","category-sociedad","tag-memoria-verdad-y-justicia","generate-columns","tablet-grid-50","mobile-grid-100","grid-parent","grid-50"],"jetpack_publicize_connections":[],"jetpack_featured_media_url":"https:\/\/www.hoymercedes.com.ar\/principal\/wp-content\/uploads\/2014\/11\/PanchoHeredia.jpg","wps_subtitle":"","jetpack_sharing_enabled":true,"_links":{"self":[{"href":"https:\/\/www.hoymercedes.com.ar\/principal\/wp-json\/wp\/v2\/posts\/83722","targetHints":{"allow":["GET"]}}],"collection":[{"href":"https:\/\/www.hoymercedes.com.ar\/principal\/wp-json\/wp\/v2\/posts"}],"about":[{"href":"https:\/\/www.hoymercedes.com.ar\/principal\/wp-json\/wp\/v2\/types\/post"}],"author":[{"embeddable":true,"href":"https:\/\/www.hoymercedes.com.ar\/principal\/wp-json\/wp\/v2\/users\/1"}],"replies":[{"embeddable":true,"href":"https:\/\/www.hoymercedes.com.ar\/principal\/wp-json\/wp\/v2\/comments?post=83722"}],"version-history":[{"count":0,"href":"https:\/\/www.hoymercedes.com.ar\/principal\/wp-json\/wp\/v2\/posts\/83722\/revisions"}],"wp:featuredmedia":[{"embeddable":true,"href":"https:\/\/www.hoymercedes.com.ar\/principal\/wp-json\/wp\/v2\/media\/37771"}],"wp:attachment":[{"href":"https:\/\/www.hoymercedes.com.ar\/principal\/wp-json\/wp\/v2\/media?parent=83722"}],"wp:term":[{"taxonomy":"category","embeddable":true,"href":"https:\/\/www.hoymercedes.com.ar\/principal\/wp-json\/wp\/v2\/categories?post=83722"},{"taxonomy":"post_tag","embeddable":true,"href":"https:\/\/www.hoymercedes.com.ar\/principal\/wp-json\/wp\/v2\/tags?post=83722"}],"curies":[{"name":"wp","href":"https:\/\/api.w.org\/{rel}","templated":true}]}}