{"id":83763,"date":"2018-11-09T18:24:13","date_gmt":"2018-11-09T21:24:13","guid":{"rendered":"http:\/\/www.hoymercedes.com.ar\/principal\/?p=83763"},"modified":"2018-11-10T08:41:26","modified_gmt":"2018-11-10T11:41:26","slug":"cine-argentino-en-la-unidad-penitenciaria-n-5","status":"publish","type":"post","link":"https:\/\/www.hoymercedes.com.ar\/principal\/2018\/11\/09\/cine-argentino-en-la-unidad-penitenciaria-n-5\/","title":{"rendered":"Cine Argentino en la Unidad Penitenciaria N\u00b0 5"},"content":{"rendered":"<p>En marco de lo Programas Inclusi\u00f3n y Recreaci\u00f3n para Adultos Mayores en contexto de encierro, y Cine en las C\u00e1rceles, el pasado mi\u00e9rcoles, se inici\u00f3 un nuevo ciclo de cine para los internos, dentro de la Unidad Penitenciaria N\u00b0 5 de Mercedes.<\/p>\n<p><img loading=\"lazy\" decoding=\"async\" data-attachment-id=\"83764\" data-permalink=\"https:\/\/www.hoymercedes.com.ar\/principal\/2018\/11\/09\/cine-argentino-en-la-unidad-penitenciaria-n-5\/09-cine-carcel\/#main\" data-orig-file=\"https:\/\/www.hoymercedes.com.ar\/principal\/wp-content\/uploads\/2018\/11\/09-cine-carcel.jpg\" data-orig-size=\"750,500\" data-comments-opened=\"0\" data-image-meta=\"{&quot;aperture&quot;:&quot;0&quot;,&quot;credit&quot;:&quot;&quot;,&quot;camera&quot;:&quot;&quot;,&quot;caption&quot;:&quot;&quot;,&quot;created_timestamp&quot;:&quot;0&quot;,&quot;copyright&quot;:&quot;&quot;,&quot;focal_length&quot;:&quot;0&quot;,&quot;iso&quot;:&quot;0&quot;,&quot;shutter_speed&quot;:&quot;0&quot;,&quot;title&quot;:&quot;&quot;,&quot;orientation&quot;:&quot;0&quot;}\" data-image-title=\"09 cine carcel\" data-image-description=\"\" data-image-caption=\"\" data-large-file=\"https:\/\/www.hoymercedes.com.ar\/principal\/wp-content\/uploads\/2018\/11\/09-cine-carcel.jpg\" class=\"aligncenter size-medium wp-image-83764\" src=\"https:\/\/www.hoymercedes.com.ar\/principal\/wp-content\/uploads\/2018\/11\/09-cine-carcel-630x420.jpg\" alt=\"\" width=\"630\" height=\"420\" srcset=\"https:\/\/www.hoymercedes.com.ar\/principal\/wp-content\/uploads\/2018\/11\/09-cine-carcel-630x420.jpg 630w, https:\/\/www.hoymercedes.com.ar\/principal\/wp-content\/uploads\/2018\/11\/09-cine-carcel-150x100.jpg 150w, https:\/\/www.hoymercedes.com.ar\/principal\/wp-content\/uploads\/2018\/11\/09-cine-carcel.jpg 750w\" sizes=\"auto, (max-width: 630px) 100vw, 630px\" \/><\/p>\n<p>Para ello, se ambient\u00f3 un aula y se utilizaron el proyector, la pantalla, el sonido y las pel\u00edculas recientemente donadas por el Instituto de Previsi\u00f3n Social (IPS), el Instituto Nacional de Cine y Artes Audiovisuales (INCAA) y la Direcci\u00f3n de\u00a0Vinculaci\u00f3n, Gesti\u00f3n y Planificaci\u00f3n de Pol\u00edticas Institucionales para la Reducci\u00f3n de Riesgos, la Reincidencia Delictiva y Violencia Intracarcelaria.<\/p>\n<p>En esta oportunidad se proyect\u00f3 la pel\u00edcula \u201cEl pescador\u201d con Dar\u00edo Grandineti, que trata de una persona solitaria que vive en un pueblo costero y llegan tres j\u00f3venes a poner un comercio t\u00edpico de las playas, un parador.<\/p>\n<p>Esta fue la primera, pero se prev\u00e9 que todos los mi\u00e9rcoles se proyectar\u00e1 una pel\u00edcula para que la poblaci\u00f3n de m\u00e1s de 50 a\u00f1os tenga la oportunidad de disfrutar y ver un film argentino, y durante el receso escolar se realizar\u00e1 dos veces por semana.<\/p>\n<p>Los internos demostraron gran entusiasmo y comentaron que les parec\u00eda una gran iniciativa, culminaron con una charla sobre las futuras pel\u00edculas que les gustar\u00eda ver.<\/p>\n<p>El Director de la Unidad N \u00ba 5, Prefecto Mayor Ricardo Mendez, realizo todas las gestiones para que este Ciclo de Cine llegue hasta este penal, y se mostr\u00f3 muy interesado en la continuidad del proyecto.<\/p>\n","protected":false},"excerpt":{"rendered":"<p>En marco de lo Programas Inclusi\u00f3n y Recreaci\u00f3n para Adultos Mayores en contexto de encierro, y Cine en las C\u00e1rceles, &#8230; <a title=\"Cine Argentino en la Unidad Penitenciaria N\u00b0 5\" class=\"read-more\" href=\"https:\/\/www.hoymercedes.com.ar\/principal\/2018\/11\/09\/cine-argentino-en-la-unidad-penitenciaria-n-5\/\" aria-label=\"Leer m\u00e1s sobre Cine Argentino en la Unidad Penitenciaria N\u00b0 5\">Leer m\u00e1s<\/a><\/p>\n","protected":false},"author":1,"featured_media":83764,"comment_status":"closed","ping_status":"open","sticky":false,"template":"","format":"standard","meta":{"_monsterinsights_skip_tracking":false,"_monsterinsights_sitenote_active":false,"_monsterinsights_sitenote_note":"","_monsterinsights_sitenote_category":0,"jetpack_post_was_ever_published":false,"_jetpack_newsletter_access":"","_jetpack_dont_email_post_to_subs":false,"_jetpack_newsletter_tier_id":0,"_jetpack_memberships_contains_paywalled_content":false,"_jetpack_memberships_contains_paid_content":false,"footnotes":"","jetpack_publicize_message":"","jetpack_publicize_feature_enabled":true,"jetpack_social_post_already_shared":false,"jetpack_social_options":{"image_generator_settings":{"template":"highway","default_image_id":0,"font":"","enabled":false},"version":2},"_wpas_customize_per_network":false},"categories":[8],"tags":[1011,13580,113],"class_list":["post-83763","post","type-post","status-publish","format-standard","has-post-thumbnail","hentry","category-sociedad","tag-carcel","tag-cine-argentino","tag-unidad-5","generate-columns","tablet-grid-50","mobile-grid-100","grid-parent","grid-50"],"jetpack_publicize_connections":[],"jetpack_featured_media_url":"https:\/\/www.hoymercedes.com.ar\/principal\/wp-content\/uploads\/2018\/11\/09-cine-carcel.jpg","wps_subtitle":"","jetpack_sharing_enabled":true,"_links":{"self":[{"href":"https:\/\/www.hoymercedes.com.ar\/principal\/wp-json\/wp\/v2\/posts\/83763","targetHints":{"allow":["GET"]}}],"collection":[{"href":"https:\/\/www.hoymercedes.com.ar\/principal\/wp-json\/wp\/v2\/posts"}],"about":[{"href":"https:\/\/www.hoymercedes.com.ar\/principal\/wp-json\/wp\/v2\/types\/post"}],"author":[{"embeddable":true,"href":"https:\/\/www.hoymercedes.com.ar\/principal\/wp-json\/wp\/v2\/users\/1"}],"replies":[{"embeddable":true,"href":"https:\/\/www.hoymercedes.com.ar\/principal\/wp-json\/wp\/v2\/comments?post=83763"}],"version-history":[{"count":0,"href":"https:\/\/www.hoymercedes.com.ar\/principal\/wp-json\/wp\/v2\/posts\/83763\/revisions"}],"wp:featuredmedia":[{"embeddable":true,"href":"https:\/\/www.hoymercedes.com.ar\/principal\/wp-json\/wp\/v2\/media\/83764"}],"wp:attachment":[{"href":"https:\/\/www.hoymercedes.com.ar\/principal\/wp-json\/wp\/v2\/media?parent=83763"}],"wp:term":[{"taxonomy":"category","embeddable":true,"href":"https:\/\/www.hoymercedes.com.ar\/principal\/wp-json\/wp\/v2\/categories?post=83763"},{"taxonomy":"post_tag","embeddable":true,"href":"https:\/\/www.hoymercedes.com.ar\/principal\/wp-json\/wp\/v2\/tags?post=83763"}],"curies":[{"name":"wp","href":"https:\/\/api.w.org\/{rel}","templated":true}]}}