{"id":83765,"date":"2018-11-09T09:32:29","date_gmt":"2018-11-09T12:32:29","guid":{"rendered":"http:\/\/www.hoymercedes.com.ar\/principal\/?p=83765"},"modified":"2018-11-09T15:37:43","modified_gmt":"2018-11-09T18:37:43","slug":"la-fiesta-de-la-tradicion-sera-el-23-24-y-25-de-noviembre-en-la-trocha-y-el-parque","status":"publish","type":"post","link":"https:\/\/www.hoymercedes.com.ar\/principal\/2018\/11\/09\/la-fiesta-de-la-tradicion-sera-el-23-24-y-25-de-noviembre-en-la-trocha-y-el-parque\/","title":{"rendered":"La Fiesta de la Tradici\u00f3n ser\u00e1 el 23, 24 y 25 de noviembre en La Trocha y el Parque"},"content":{"rendered":"<p>Por tercer a\u00f1o consecutivo, y ya afirm\u00e1ndose como una conmemoraci\u00f3n m\u00e1s dentro de la gran agenda festivalera de la ciudad, la Fiesta de La Tradici\u00f3n se har\u00e1 presente una vez m\u00e1s en nuestra ciudad. El Intendente Municipal Juan Ustarroz, junto al secretario de Gobierno Juan Pablo L\u00f3pez y los integrantes del grupo Amigos Pe\u00f1eros dieron a conocer las fechas de esta tercera edici\u00f3n. La misma se desarrollar\u00e1 el viernes 23, s\u00e1bado 24 y domingo 25 de noviembre. Ser\u00e1n tres d\u00edas de fiesta popular, libre y gratuita para todos los vecinos de Mercedes.<\/p>\n<p><img loading=\"lazy\" decoding=\"async\" data-attachment-id=\"83766\" data-permalink=\"https:\/\/www.hoymercedes.com.ar\/principal\/2018\/11\/09\/la-fiesta-de-la-tradicion-sera-el-23-24-y-25-de-noviembre-en-la-trocha-y-el-parque\/09-muni-tradiciion\/#main\" data-orig-file=\"https:\/\/www.hoymercedes.com.ar\/principal\/wp-content\/uploads\/2018\/11\/09-muni-tradiciion.jpg\" data-orig-size=\"750,501\" data-comments-opened=\"0\" data-image-meta=\"{&quot;aperture&quot;:&quot;0&quot;,&quot;credit&quot;:&quot;&quot;,&quot;camera&quot;:&quot;&quot;,&quot;caption&quot;:&quot;&quot;,&quot;created_timestamp&quot;:&quot;0&quot;,&quot;copyright&quot;:&quot;&quot;,&quot;focal_length&quot;:&quot;0&quot;,&quot;iso&quot;:&quot;0&quot;,&quot;shutter_speed&quot;:&quot;0&quot;,&quot;title&quot;:&quot;&quot;,&quot;orientation&quot;:&quot;0&quot;}\" data-image-title=\"09 muni tradiciion}\" data-image-description=\"\" data-image-caption=\"\" data-large-file=\"https:\/\/www.hoymercedes.com.ar\/principal\/wp-content\/uploads\/2018\/11\/09-muni-tradiciion.jpg\" class=\"aligncenter size-medium wp-image-83766\" src=\"https:\/\/www.hoymercedes.com.ar\/principal\/wp-content\/uploads\/2018\/11\/09-muni-tradiciion-630x421.jpg\" alt=\"\" width=\"630\" height=\"421\" srcset=\"https:\/\/www.hoymercedes.com.ar\/principal\/wp-content\/uploads\/2018\/11\/09-muni-tradiciion-630x421.jpg 630w, https:\/\/www.hoymercedes.com.ar\/principal\/wp-content\/uploads\/2018\/11\/09-muni-tradiciion-150x100.jpg 150w, https:\/\/www.hoymercedes.com.ar\/principal\/wp-content\/uploads\/2018\/11\/09-muni-tradiciion.jpg 750w\" sizes=\"auto, (max-width: 630px) 100vw, 630px\" \/><\/p>\n<p>En esta ocasi\u00f3n el emplazamiento se desdoblar\u00e1: la primera jornada se efectuar\u00e1 en el Centro Cultural La Trocha, mientras que las dos fechas restantes se dar\u00e1n cita en el parque Municipal Independencia (sector nuevo) aprovechando que ambos espacios fueron recuperados para todas las familias.<\/p>\n<p>El primer mandatario indic\u00f3: \u201cquiero destacar algo que para m\u00ed es muy importante, y que hace tiempo un grupo de vecinos que tiene en com\u00fan el amor por la tradici\u00f3n, se acerc\u00f3 un d\u00eda a la Municipalidad y nos hicieron llegar propuestas, no vinieron con demandas, sino a decirnos que ten\u00edan ganas de trabajar teniendo como objetivo realzar la cultura\u201d y a\u00f1adi\u00f3 \u201csu idea era generar pe\u00f1as para que la gente conozca a nuestros artistas locales y ballets que tanto esfuerzo y sacrificio hacen siempre\u201d.<\/p>\n<p>En ese sentido el jefe comunalsostuvo \u201cnos plantearon hacer una fiesta de la tradici\u00f3n para tener un espacio nuevo en la ciudad de Mercedes. Cuando vimos esas ganas, el empuje y compromiso les dijimos que s\u00ed, porque cuando las cosas se hacen de coraz\u00f3n y con ganas los buenos resultados siempre llegan\u201d.<\/p>\n<p>\u201cYa tuvimos dos fiestas excelentes y vamos por una tercera con el objetivo de que salga mejor a\u00fan, por eso convocamos a toda la comunidad a participar, que se sume y disfrute de esta gran fiesta que vino para quedarse\u201d remarc\u00f3 el intendente Ustarroz.<\/p>\n<p>Atractivos<\/p>\n<p>La fiesta contar\u00e1 con el ya acostumbrado desfile gaucho, fog\u00f3n criollo, habr\u00e1 ballet de danzas nativas y una extensa lista de artistas que le dar\u00e1n m\u00fasica y color a cada una de las jornadas. Adem\u00e1s, en esta oportunidad se suman actividades en el campo (carreras de cuero, destrezas, etc) que le dar\u00e1n un nuevo marco a la ya instaurada celebraci\u00f3n.<\/p>\n<p>El secretario de Gobierno, Juan Pablo L\u00f3pez Baggio expres\u00f3 \u201ces una alegr\u00eda poder contar con la compa\u00f1\u00eda y la organizaci\u00f3n de los Amigos Pe\u00f1eros que tanto esfuerzo ponen durante el a\u00f1o para lograr un evento de tanta calidad y tan destacado\u201d y sostuvo \u201cdesde Mercedes queremos darle nuestra impronta, con las caracter\u00edsticas que le tiene el Municipio para todos los eventos populares\u201d.<\/p>\n<p>&nbsp;<\/p>\n<p>E inform\u00f3 \u201ceste a\u00f1o lo realizaremos en un predio nuevo, muy emblem\u00e1tico de la ciudad y que contiene un paisaje y una impronta natural destacada, como lo es el Parque Municipal Independencia\u201d.<\/p>\n<p>Desarrollo<\/p>\n<p>Guillermo Vola, parte integral de la comisi\u00f3n de los Amigos Pe\u00f1eros, dijo \u201cestamos muy agradecidos con el Municipio por acompa\u00f1arnos siempre\u201d y a\u00f1adi\u00f3 \u201cesta celebraci\u00f3n naci\u00f3 por el 2016 cuando el se\u00f1or intendente nos brind\u00f3 su fuerte apoyo para poder hacer esta fiesta\u201d.<\/p>\n<p>Adem\u00e1s, adelant\u00f3 \u201ceste a\u00f1o vamos a tener actividades en el campo, y con mucho folclore, apoyando a los artistas locales, los ballets y a todos los centros tradicionalistas\u201d. Y recalc\u00f3 \u201cel gran apoyo que reciben todos estos Centros por parte del Dr. Ustarroz, esta es una gesti\u00f3n que colabora y aporta mucho a la tradici\u00f3n, al folclore, las danzas nativas, los m\u00fasicos y sobre todo al gaucho que estaba olvidado\u201d.<\/p>\n<p>Por su parte, H\u00e9ctor Lovatti, otro integrante de la comisi\u00f3n anticip\u00f3 \u201cel s\u00e1bado 24 vamos a tener carreras de cuero, destrezas y el domingo 25 haremos el desfile en la Av. 40 como ya lo venimos haciendo, as\u00ed que los esperamos a todos a pasar una jornada muy linda\u201d.<\/p>\n","protected":false},"excerpt":{"rendered":"<p>Por tercer a\u00f1o consecutivo, y ya afirm\u00e1ndose como una conmemoraci\u00f3n m\u00e1s dentro de la gran agenda festivalera de la ciudad, &#8230; <a title=\"La Fiesta de la Tradici\u00f3n ser\u00e1 el 23, 24 y 25 de noviembre en La Trocha y el Parque\" class=\"read-more\" href=\"https:\/\/www.hoymercedes.com.ar\/principal\/2018\/11\/09\/la-fiesta-de-la-tradicion-sera-el-23-24-y-25-de-noviembre-en-la-trocha-y-el-parque\/\" aria-label=\"Leer m\u00e1s sobre La Fiesta de la Tradici\u00f3n ser\u00e1 el 23, 24 y 25 de noviembre en La Trocha y el Parque\">Leer m\u00e1s<\/a><\/p>\n","protected":false},"author":1,"featured_media":83766,"comment_status":"closed","ping_status":"open","sticky":false,"template":"","format":"standard","meta":{"_monsterinsights_skip_tracking":false,"_monsterinsights_sitenote_active":false,"_monsterinsights_sitenote_note":"","_monsterinsights_sitenote_category":0,"jetpack_post_was_ever_published":false,"_jetpack_newsletter_access":"","_jetpack_dont_email_post_to_subs":false,"_jetpack_newsletter_tier_id":0,"_jetpack_memberships_contains_paywalled_content":false,"_jetpack_memberships_contains_paid_content":false,"footnotes":"","jetpack_publicize_message":"La Fiesta de la Tradici\u00f3n ser\u00e1 el 23, 24 y 25 de noviembre en La Trocha y el Parque","jetpack_publicize_feature_enabled":true,"jetpack_social_post_already_shared":true,"jetpack_social_options":{"image_generator_settings":{"template":"highway","default_image_id":0,"font":"","enabled":false},"version":2},"_wpas_customize_per_network":false},"categories":[30],"tags":[6412,244],"class_list":["post-83765","post","type-post","status-publish","format-standard","has-post-thumbnail","hentry","category-municipio","tag-fiesta-de-la-tradicion","tag-municipio-2","generate-columns","tablet-grid-50","mobile-grid-100","grid-parent","grid-50"],"jetpack_publicize_connections":[],"jetpack_featured_media_url":"https:\/\/www.hoymercedes.com.ar\/principal\/wp-content\/uploads\/2018\/11\/09-muni-tradiciion.jpg","wps_subtitle":"","jetpack_sharing_enabled":true,"_links":{"self":[{"href":"https:\/\/www.hoymercedes.com.ar\/principal\/wp-json\/wp\/v2\/posts\/83765","targetHints":{"allow":["GET"]}}],"collection":[{"href":"https:\/\/www.hoymercedes.com.ar\/principal\/wp-json\/wp\/v2\/posts"}],"about":[{"href":"https:\/\/www.hoymercedes.com.ar\/principal\/wp-json\/wp\/v2\/types\/post"}],"author":[{"embeddable":true,"href":"https:\/\/www.hoymercedes.com.ar\/principal\/wp-json\/wp\/v2\/users\/1"}],"replies":[{"embeddable":true,"href":"https:\/\/www.hoymercedes.com.ar\/principal\/wp-json\/wp\/v2\/comments?post=83765"}],"version-history":[{"count":0,"href":"https:\/\/www.hoymercedes.com.ar\/principal\/wp-json\/wp\/v2\/posts\/83765\/revisions"}],"wp:featuredmedia":[{"embeddable":true,"href":"https:\/\/www.hoymercedes.com.ar\/principal\/wp-json\/wp\/v2\/media\/83766"}],"wp:attachment":[{"href":"https:\/\/www.hoymercedes.com.ar\/principal\/wp-json\/wp\/v2\/media?parent=83765"}],"wp:term":[{"taxonomy":"category","embeddable":true,"href":"https:\/\/www.hoymercedes.com.ar\/principal\/wp-json\/wp\/v2\/categories?post=83765"},{"taxonomy":"post_tag","embeddable":true,"href":"https:\/\/www.hoymercedes.com.ar\/principal\/wp-json\/wp\/v2\/tags?post=83765"}],"curies":[{"name":"wp","href":"https:\/\/api.w.org\/{rel}","templated":true}]}}