{"id":83769,"date":"2018-11-09T13:38:59","date_gmt":"2018-11-09T16:38:59","guid":{"rendered":"http:\/\/www.hoymercedes.com.ar\/principal\/?p=83769"},"modified":"2018-11-09T15:43:46","modified_gmt":"2018-11-09T18:43:46","slug":"reconocieron-a-los-municipales-con-25-anos-de-servicio","status":"publish","type":"post","link":"https:\/\/www.hoymercedes.com.ar\/principal\/2018\/11\/09\/reconocieron-a-los-municipales-con-25-anos-de-servicio\/","title":{"rendered":"Reconocieron a los municipales con 25 a\u00f1os de servicio"},"content":{"rendered":"<p>En el d\u00eda del empleado municipal, la comuna reconoci\u00f3 a los trabajadores municipales de las distintas dependencias que cumplieron 25 a\u00f1os de servicio a la comuna.<\/p>\n<p>Ellos son:\u00a0Jos\u00e9 Omar Cherso, Alejandro Tom\u00e1s Carballo, Yolanda Gorosito, \u00c1ngel Garc\u00eda Visconti, Alberto Jes\u00fas M\u00e9ndez, Rub\u00e9n Horario Romero, Juan Domingo Ben\u00edtez, Oscar Horacio Montenegro, Mario Arturo Luque, Lu\u00eds Dar\u00edo Cobucho, Norberto Maidana, Edgardo Jos\u00e9 Vives, Luis Alberto Orsi y Walter Gustavo Almir\u00f3n.<\/p>\n<p>Las distinciones se dieron en el Museo de Arte en horas del mediod\u00eda del jueves, d\u00eda del empleado municipal.<\/p>\n<p>Entre las autoridades presentes se encontraban el Jefe Comunal Juan Ignacio Ustarroz y el Presidente del HCD Oscar Albini, adem\u00e1s de concejales y funcionarios comunales.<\/p>\n<p><img loading=\"lazy\" decoding=\"async\" data-attachment-id=\"83771\" data-permalink=\"https:\/\/www.hoymercedes.com.ar\/principal\/2018\/11\/09\/reconocieron-a-los-municipales-con-25-anos-de-servicio\/09-reconocimiento-1\/#main\" data-orig-file=\"https:\/\/www.hoymercedes.com.ar\/principal\/wp-content\/uploads\/2018\/11\/09-Reconocimiento-1.jpg\" data-orig-size=\"768,364\" data-comments-opened=\"0\" data-image-meta=\"{&quot;aperture&quot;:&quot;0&quot;,&quot;credit&quot;:&quot;&quot;,&quot;camera&quot;:&quot;&quot;,&quot;caption&quot;:&quot;&quot;,&quot;created_timestamp&quot;:&quot;0&quot;,&quot;copyright&quot;:&quot;&quot;,&quot;focal_length&quot;:&quot;0&quot;,&quot;iso&quot;:&quot;0&quot;,&quot;shutter_speed&quot;:&quot;0&quot;,&quot;title&quot;:&quot;&quot;,&quot;orientation&quot;:&quot;0&quot;}\" data-image-title=\"09 Reconocimiento-1\" data-image-description=\"\" data-image-caption=\"\" data-large-file=\"https:\/\/www.hoymercedes.com.ar\/principal\/wp-content\/uploads\/2018\/11\/09-Reconocimiento-1.jpg\" class=\"aligncenter size-medium wp-image-83771\" src=\"https:\/\/www.hoymercedes.com.ar\/principal\/wp-content\/uploads\/2018\/11\/09-Reconocimiento-1-630x299.jpg\" alt=\"\" width=\"630\" height=\"299\" srcset=\"https:\/\/www.hoymercedes.com.ar\/principal\/wp-content\/uploads\/2018\/11\/09-Reconocimiento-1-630x299.jpg 630w, https:\/\/www.hoymercedes.com.ar\/principal\/wp-content\/uploads\/2018\/11\/09-Reconocimiento-1-150x71.jpg 150w, https:\/\/www.hoymercedes.com.ar\/principal\/wp-content\/uploads\/2018\/11\/09-Reconocimiento-1.jpg 768w\" sizes=\"auto, (max-width: 630px) 100vw, 630px\" \/><\/p>\n","protected":false},"excerpt":{"rendered":"<p>En el d\u00eda del empleado municipal, la comuna reconoci\u00f3 a los trabajadores municipales de las distintas dependencias que cumplieron 25 &#8230; <a title=\"Reconocieron a los municipales con 25 a\u00f1os de servicio\" class=\"read-more\" href=\"https:\/\/www.hoymercedes.com.ar\/principal\/2018\/11\/09\/reconocieron-a-los-municipales-con-25-anos-de-servicio\/\" aria-label=\"Leer m\u00e1s sobre Reconocieron a los municipales con 25 a\u00f1os de servicio\">Leer m\u00e1s<\/a><\/p>\n","protected":false},"author":1,"featured_media":83771,"comment_status":"closed","ping_status":"open","sticky":false,"template":"","format":"standard","meta":{"_monsterinsights_skip_tracking":false,"_monsterinsights_sitenote_active":false,"_monsterinsights_sitenote_note":"","_monsterinsights_sitenote_category":0,"jetpack_post_was_ever_published":false,"_jetpack_newsletter_access":"","_jetpack_dont_email_post_to_subs":false,"_jetpack_newsletter_tier_id":0,"_jetpack_memberships_contains_paywalled_content":false,"_jetpack_memberships_contains_paid_content":false,"footnotes":"","jetpack_publicize_message":"","jetpack_publicize_feature_enabled":true,"jetpack_social_post_already_shared":true,"jetpack_social_options":{"image_generator_settings":{"template":"highway","default_image_id":0,"font":"","enabled":false},"version":2},"_wpas_customize_per_network":false},"categories":[30],"tags":[14026,10,244,2720],"class_list":["post-83769","post","type-post","status-publish","format-standard","has-post-thumbnail","hentry","category-municipio","tag-25-anos-de-servicio","tag-mercedes","tag-municipio-2","tag-trabajadores-municipales","generate-columns","tablet-grid-50","mobile-grid-100","grid-parent","grid-50"],"jetpack_publicize_connections":[],"jetpack_featured_media_url":"https:\/\/www.hoymercedes.com.ar\/principal\/wp-content\/uploads\/2018\/11\/09-Reconocimiento-1.jpg","wps_subtitle":"","jetpack_sharing_enabled":true,"_links":{"self":[{"href":"https:\/\/www.hoymercedes.com.ar\/principal\/wp-json\/wp\/v2\/posts\/83769","targetHints":{"allow":["GET"]}}],"collection":[{"href":"https:\/\/www.hoymercedes.com.ar\/principal\/wp-json\/wp\/v2\/posts"}],"about":[{"href":"https:\/\/www.hoymercedes.com.ar\/principal\/wp-json\/wp\/v2\/types\/post"}],"author":[{"embeddable":true,"href":"https:\/\/www.hoymercedes.com.ar\/principal\/wp-json\/wp\/v2\/users\/1"}],"replies":[{"embeddable":true,"href":"https:\/\/www.hoymercedes.com.ar\/principal\/wp-json\/wp\/v2\/comments?post=83769"}],"version-history":[{"count":0,"href":"https:\/\/www.hoymercedes.com.ar\/principal\/wp-json\/wp\/v2\/posts\/83769\/revisions"}],"wp:featuredmedia":[{"embeddable":true,"href":"https:\/\/www.hoymercedes.com.ar\/principal\/wp-json\/wp\/v2\/media\/83771"}],"wp:attachment":[{"href":"https:\/\/www.hoymercedes.com.ar\/principal\/wp-json\/wp\/v2\/media?parent=83769"}],"wp:term":[{"taxonomy":"category","embeddable":true,"href":"https:\/\/www.hoymercedes.com.ar\/principal\/wp-json\/wp\/v2\/categories?post=83769"},{"taxonomy":"post_tag","embeddable":true,"href":"https:\/\/www.hoymercedes.com.ar\/principal\/wp-json\/wp\/v2\/tags?post=83769"}],"curies":[{"name":"wp","href":"https:\/\/api.w.org\/{rel}","templated":true}]}}