{"id":83773,"date":"2018-11-09T16:15:50","date_gmt":"2018-11-09T19:15:50","guid":{"rendered":"http:\/\/www.hoymercedes.com.ar\/principal\/?p=83773"},"modified":"2018-11-09T15:59:15","modified_gmt":"2018-11-09T18:59:15","slug":"nueva-fecha-para-el-expogreen-sera-el-17-y-18-de-noviembre","status":"publish","type":"post","link":"https:\/\/www.hoymercedes.com.ar\/principal\/2018\/11\/09\/nueva-fecha-para-el-expogreen-sera-el-17-y-18-de-noviembre\/","title":{"rendered":"Nueva fecha para el ExpoGreen. Ser\u00e1 el 17 y 18 de noviembre"},"content":{"rendered":"<p>La exposici\u00f3n de viveros reprogramada para este fin de semana, volvi\u00f3 a cambiar de fecha ante el pron\u00f3stico de lluvias intensas. Con el cambio de fecha\u00a0Green Expo Vivero se har\u00e1 los d\u00edas 17 y 18 de noviembre.\u00a0La actividad es con entrada libre y gratuita en el polideportivo a cielo abierto, ex instituto Mart\u00edn Rodr\u00edguez.<\/p>\n<p>Cabe recordar que la propuesta es\u00a0conocer la variedad de plantas de todos los g\u00e9neros, expuestas por cultivadores y productores de todo el pa\u00eds. Ser\u00e1 un paseo que acerca las especies ex\u00f3ticas, como tillansias, bromelias, carn\u00edvoras y plantas de estanque, pasando por el m\u00e1s variado abanico de colores con las orqu\u00eddeas, cactus, crasas, bons\u00e1is, plantas ornamentales, frutales, entre otras variedades.<\/p>\n<p>Tal como de adelant\u00f3, habr\u00e1 talleres de Bonsai, orqu\u00eddeas, huerta org\u00e1nica, y cactus. Desde la\u00a0Expo\u00a0se apunta a concientizar sobre el medio ambiente, la salud, la plantaci\u00f3n org\u00e1nica. Adem\u00e1s, habr\u00e1 un sector de exposici\u00f3n de viveros donde podr\u00e1n adquirir las variedades que deseen, ya sea para colecci\u00f3n, ornamentar un jard\u00edn o para iniciarse en lo que es jardiner\u00eda.<\/p>\n<p><img loading=\"lazy\" decoding=\"async\" data-attachment-id=\"83774\" data-permalink=\"https:\/\/www.hoymercedes.com.ar\/principal\/2018\/11\/09\/nueva-fecha-para-el-expogreen-sera-el-17-y-18-de-noviembre\/09-expo-green\/#main\" data-orig-file=\"https:\/\/www.hoymercedes.com.ar\/principal\/wp-content\/uploads\/2018\/11\/09-expo-green.jpeg\" data-orig-size=\"750,742\" data-comments-opened=\"0\" data-image-meta=\"{&quot;aperture&quot;:&quot;0&quot;,&quot;credit&quot;:&quot;&quot;,&quot;camera&quot;:&quot;&quot;,&quot;caption&quot;:&quot;&quot;,&quot;created_timestamp&quot;:&quot;0&quot;,&quot;copyright&quot;:&quot;&quot;,&quot;focal_length&quot;:&quot;0&quot;,&quot;iso&quot;:&quot;0&quot;,&quot;shutter_speed&quot;:&quot;0&quot;,&quot;title&quot;:&quot;&quot;,&quot;orientation&quot;:&quot;0&quot;}\" data-image-title=\"09 expo green\" data-image-description=\"\" data-image-caption=\"\" data-large-file=\"https:\/\/www.hoymercedes.com.ar\/principal\/wp-content\/uploads\/2018\/11\/09-expo-green.jpeg\" class=\"aligncenter size-medium wp-image-83774\" src=\"https:\/\/www.hoymercedes.com.ar\/principal\/wp-content\/uploads\/2018\/11\/09-expo-green-627x620.jpeg\" alt=\"\" width=\"627\" height=\"620\" srcset=\"https:\/\/www.hoymercedes.com.ar\/principal\/wp-content\/uploads\/2018\/11\/09-expo-green-627x620.jpeg 627w, https:\/\/www.hoymercedes.com.ar\/principal\/wp-content\/uploads\/2018\/11\/09-expo-green-150x148.jpeg 150w, https:\/\/www.hoymercedes.com.ar\/principal\/wp-content\/uploads\/2018\/11\/09-expo-green.jpeg 750w\" sizes=\"auto, (max-width: 627px) 100vw, 627px\" \/><\/p>\n","protected":false},"excerpt":{"rendered":"<p>La exposici\u00f3n de viveros reprogramada para este fin de semana, volvi\u00f3 a cambiar de fecha ante el pron\u00f3stico de lluvias &#8230; <a title=\"Nueva fecha para el ExpoGreen. Ser\u00e1 el 17 y 18 de noviembre\" class=\"read-more\" href=\"https:\/\/www.hoymercedes.com.ar\/principal\/2018\/11\/09\/nueva-fecha-para-el-expogreen-sera-el-17-y-18-de-noviembre\/\" aria-label=\"Leer m\u00e1s sobre Nueva fecha para el ExpoGreen. Ser\u00e1 el 17 y 18 de noviembre\">Leer m\u00e1s<\/a><\/p>\n","protected":false},"author":1,"featured_media":83774,"comment_status":"closed","ping_status":"open","sticky":false,"template":"","format":"standard","meta":{"_monsterinsights_skip_tracking":false,"_monsterinsights_sitenote_active":false,"_monsterinsights_sitenote_note":"","_monsterinsights_sitenote_category":0,"jetpack_post_was_ever_published":false,"_jetpack_newsletter_access":"","_jetpack_dont_email_post_to_subs":false,"_jetpack_newsletter_tier_id":0,"_jetpack_memberships_contains_paywalled_content":false,"_jetpack_memberships_contains_paid_content":false,"footnotes":"","jetpack_publicize_message":"","jetpack_publicize_feature_enabled":true,"jetpack_social_post_already_shared":true,"jetpack_social_options":{"image_generator_settings":{"template":"highway","default_image_id":0,"font":"","enabled":false},"version":2},"_wpas_customize_per_network":false},"categories":[30],"tags":[8673,244,14027],"class_list":["post-83773","post","type-post","status-publish","format-standard","has-post-thumbnail","hentry","category-municipio","tag-exposicion","tag-municipio-2","tag-viveros","generate-columns","tablet-grid-50","mobile-grid-100","grid-parent","grid-50"],"jetpack_publicize_connections":[],"jetpack_featured_media_url":"https:\/\/www.hoymercedes.com.ar\/principal\/wp-content\/uploads\/2018\/11\/09-expo-green.jpeg","wps_subtitle":"Por el pron\u00f3stico de lluvias intensas","jetpack_sharing_enabled":true,"_links":{"self":[{"href":"https:\/\/www.hoymercedes.com.ar\/principal\/wp-json\/wp\/v2\/posts\/83773","targetHints":{"allow":["GET"]}}],"collection":[{"href":"https:\/\/www.hoymercedes.com.ar\/principal\/wp-json\/wp\/v2\/posts"}],"about":[{"href":"https:\/\/www.hoymercedes.com.ar\/principal\/wp-json\/wp\/v2\/types\/post"}],"author":[{"embeddable":true,"href":"https:\/\/www.hoymercedes.com.ar\/principal\/wp-json\/wp\/v2\/users\/1"}],"replies":[{"embeddable":true,"href":"https:\/\/www.hoymercedes.com.ar\/principal\/wp-json\/wp\/v2\/comments?post=83773"}],"version-history":[{"count":0,"href":"https:\/\/www.hoymercedes.com.ar\/principal\/wp-json\/wp\/v2\/posts\/83773\/revisions"}],"wp:featuredmedia":[{"embeddable":true,"href":"https:\/\/www.hoymercedes.com.ar\/principal\/wp-json\/wp\/v2\/media\/83774"}],"wp:attachment":[{"href":"https:\/\/www.hoymercedes.com.ar\/principal\/wp-json\/wp\/v2\/media?parent=83773"}],"wp:term":[{"taxonomy":"category","embeddable":true,"href":"https:\/\/www.hoymercedes.com.ar\/principal\/wp-json\/wp\/v2\/categories?post=83773"},{"taxonomy":"post_tag","embeddable":true,"href":"https:\/\/www.hoymercedes.com.ar\/principal\/wp-json\/wp\/v2\/tags?post=83773"}],"curies":[{"name":"wp","href":"https:\/\/api.w.org\/{rel}","templated":true}]}}