{"id":83787,"date":"2018-11-10T11:38:30","date_gmt":"2018-11-10T14:38:30","guid":{"rendered":"http:\/\/www.hoymercedes.com.ar\/principal\/?p=83787"},"modified":"2018-11-10T11:13:51","modified_gmt":"2018-11-10T14:13:51","slug":"hoy-juana-cangaro-jugara-la-final-de-la-liga-desarrollo-conmebol-con-river-plate","status":"publish","type":"post","link":"https:\/\/www.hoymercedes.com.ar\/principal\/2018\/11\/10\/hoy-juana-cangaro-jugara-la-final-de-la-liga-desarrollo-conmebol-con-river-plate\/","title":{"rendered":"Hoy Juana C\u00e1ngaro jugar\u00e1 la final de la Liga Desarrollo Conmebol con River Plate"},"content":{"rendered":"<p>La mercedina Juana C\u00e1ngaron sigue dejando bien alto al f\u00fatbol mercedino. Con la Sub 14 de River Plate lleg\u00f3 a la final de la Liga Desarrollo Conmebol y jugar\u00e1 hoy la final ante la Liga del Valle de Chubut.<\/p>\n<p><img loading=\"lazy\" decoding=\"async\" data-attachment-id=\"83788\" data-permalink=\"https:\/\/www.hoymercedes.com.ar\/principal\/2018\/11\/10\/hoy-juana-cangaro-jugara-la-final-de-la-liga-desarrollo-conmebol-con-river-plate\/45469179_547314219073805_5456059851333435392_n\/#main\" data-orig-file=\"https:\/\/www.hoymercedes.com.ar\/principal\/wp-content\/uploads\/2018\/11\/45469179_547314219073805_5456059851333435392_n.jpg\" data-orig-size=\"864,1560\" data-comments-opened=\"0\" data-image-meta=\"{&quot;aperture&quot;:&quot;0&quot;,&quot;credit&quot;:&quot;&quot;,&quot;camera&quot;:&quot;&quot;,&quot;caption&quot;:&quot;&quot;,&quot;created_timestamp&quot;:&quot;0&quot;,&quot;copyright&quot;:&quot;&quot;,&quot;focal_length&quot;:&quot;0&quot;,&quot;iso&quot;:&quot;0&quot;,&quot;shutter_speed&quot;:&quot;0&quot;,&quot;title&quot;:&quot;&quot;,&quot;orientation&quot;:&quot;0&quot;}\" data-image-title=\"45469179_547314219073805_5456059851333435392_n\" data-image-description=\"\" data-image-caption=\"\" data-large-file=\"https:\/\/www.hoymercedes.com.ar\/principal\/wp-content\/uploads\/2018\/11\/45469179_547314219073805_5456059851333435392_n-567x1024.jpg\" class=\"aligncenter size-medium wp-image-83788\" src=\"https:\/\/www.hoymercedes.com.ar\/principal\/wp-content\/uploads\/2018\/11\/45469179_547314219073805_5456059851333435392_n-343x620.jpg\" alt=\"\" width=\"343\" height=\"620\" srcset=\"https:\/\/www.hoymercedes.com.ar\/principal\/wp-content\/uploads\/2018\/11\/45469179_547314219073805_5456059851333435392_n-343x620.jpg 343w, https:\/\/www.hoymercedes.com.ar\/principal\/wp-content\/uploads\/2018\/11\/45469179_547314219073805_5456059851333435392_n-83x150.jpg 83w, https:\/\/www.hoymercedes.com.ar\/principal\/wp-content\/uploads\/2018\/11\/45469179_547314219073805_5456059851333435392_n-567x1024.jpg 567w, https:\/\/www.hoymercedes.com.ar\/principal\/wp-content\/uploads\/2018\/11\/45469179_547314219073805_5456059851333435392_n.jpg 864w\" sizes=\"auto, (max-width: 343px) 100vw, 343px\" \/><\/p>\n<p>En una semifinal para el infarto River Plate se qued\u00f3 con la clasificaci\u00f3n a la final del torneo. Brunella Oronatto convirti\u00f3 el primero para las Santafesinas Y Bel\u00e9n Ludue\u00f1a meti\u00f3 el gol del empate para las millonarias. As\u00ed concluy\u00f3 el partido y el pase a la semifinal se defini\u00f3 desde el punto del penal.\u00a0All\u00ed las chicas de N\u00fa\u00f1ez estuvieron m\u00e1s acertadas y se llevaron la serie por 4 a 2 y por consiguiente el pase a la final del campeonato.<\/p>\n<p>Las valletanas fueron muy superiores a las chicas de la Liga de Ap\u00f3stoles y se llevaron la semifinal por 8 a 0 (Elizabeth Entraigas x3, Dana Rokenbach, Sheila Otero, Ariadna Millanao, Agustina Reyes y Dalia \u00c1lvarez).<\/p>\n<p><img loading=\"lazy\" decoding=\"async\" data-attachment-id=\"83789\" data-permalink=\"https:\/\/www.hoymercedes.com.ar\/principal\/2018\/11\/10\/hoy-juana-cangaro-jugara-la-final-de-la-liga-desarrollo-conmebol-con-river-plate\/45452646_2151133121577706_7995811830368829440_n\/#main\" data-orig-file=\"https:\/\/www.hoymercedes.com.ar\/principal\/wp-content\/uploads\/2018\/11\/45452646_2151133121577706_7995811830368829440_n.jpg\" data-orig-size=\"1280,960\" data-comments-opened=\"0\" data-image-meta=\"{&quot;aperture&quot;:&quot;0&quot;,&quot;credit&quot;:&quot;&quot;,&quot;camera&quot;:&quot;&quot;,&quot;caption&quot;:&quot;&quot;,&quot;created_timestamp&quot;:&quot;0&quot;,&quot;copyright&quot;:&quot;&quot;,&quot;focal_length&quot;:&quot;0&quot;,&quot;iso&quot;:&quot;0&quot;,&quot;shutter_speed&quot;:&quot;0&quot;,&quot;title&quot;:&quot;&quot;,&quot;orientation&quot;:&quot;0&quot;}\" data-image-title=\"45452646_2151133121577706_7995811830368829440_n\" data-image-description=\"\" data-image-caption=\"\" data-large-file=\"https:\/\/www.hoymercedes.com.ar\/principal\/wp-content\/uploads\/2018\/11\/45452646_2151133121577706_7995811830368829440_n-1024x768.jpg\" class=\"aligncenter size-medium wp-image-83789\" src=\"https:\/\/www.hoymercedes.com.ar\/principal\/wp-content\/uploads\/2018\/11\/45452646_2151133121577706_7995811830368829440_n-630x473.jpg\" alt=\"\" width=\"630\" height=\"473\" srcset=\"https:\/\/www.hoymercedes.com.ar\/principal\/wp-content\/uploads\/2018\/11\/45452646_2151133121577706_7995811830368829440_n-630x473.jpg 630w, https:\/\/www.hoymercedes.com.ar\/principal\/wp-content\/uploads\/2018\/11\/45452646_2151133121577706_7995811830368829440_n-150x113.jpg 150w, https:\/\/www.hoymercedes.com.ar\/principal\/wp-content\/uploads\/2018\/11\/45452646_2151133121577706_7995811830368829440_n-1024x768.jpg 1024w, https:\/\/www.hoymercedes.com.ar\/principal\/wp-content\/uploads\/2018\/11\/45452646_2151133121577706_7995811830368829440_n.jpg 1280w\" sizes=\"auto, (max-width: 630px) 100vw, 630px\" \/><\/p>\n<p><strong>El camino de River<\/strong><\/p>\n<p>Primero jug\u00f3 una fase Regional que le permiti\u00f3 acceder a la Fase Final Nacional que se disputa en Santa Fe desde el 1 de noviembre que se dividi\u00f3 en dos zonas de tres equipos, donde los dos mejores pasaron a la semifinal. El que gane el certamen jugar\u00e1 en 2019 el Sudamericano en Brasil. El primer partido del triangular fue victoria por 3 a 0 ante la Liga Apostole\u00f1a y luego empat\u00f3 con San Luis en cero.<\/p>\n<p><img loading=\"lazy\" decoding=\"async\" data-attachment-id=\"83790\" data-permalink=\"https:\/\/www.hoymercedes.com.ar\/principal\/2018\/11\/10\/hoy-juana-cangaro-jugara-la-final-de-la-liga-desarrollo-conmebol-con-river-plate\/45464889_2186888711633856_1670318549555478528_n\/#main\" data-orig-file=\"https:\/\/www.hoymercedes.com.ar\/principal\/wp-content\/uploads\/2018\/11\/45464889_2186888711633856_1670318549555478528_n.jpg\" data-orig-size=\"960,1280\" data-comments-opened=\"0\" data-image-meta=\"{&quot;aperture&quot;:&quot;0&quot;,&quot;credit&quot;:&quot;&quot;,&quot;camera&quot;:&quot;&quot;,&quot;caption&quot;:&quot;&quot;,&quot;created_timestamp&quot;:&quot;0&quot;,&quot;copyright&quot;:&quot;&quot;,&quot;focal_length&quot;:&quot;0&quot;,&quot;iso&quot;:&quot;0&quot;,&quot;shutter_speed&quot;:&quot;0&quot;,&quot;title&quot;:&quot;&quot;,&quot;orientation&quot;:&quot;0&quot;}\" data-image-title=\"45464889_2186888711633856_1670318549555478528_n\" data-image-description=\"\" data-image-caption=\"\" data-large-file=\"https:\/\/www.hoymercedes.com.ar\/principal\/wp-content\/uploads\/2018\/11\/45464889_2186888711633856_1670318549555478528_n-768x1024.jpg\" class=\"aligncenter size-medium wp-image-83790\" src=\"https:\/\/www.hoymercedes.com.ar\/principal\/wp-content\/uploads\/2018\/11\/45464889_2186888711633856_1670318549555478528_n-465x620.jpg\" alt=\"\" width=\"465\" height=\"620\" srcset=\"https:\/\/www.hoymercedes.com.ar\/principal\/wp-content\/uploads\/2018\/11\/45464889_2186888711633856_1670318549555478528_n-465x620.jpg 465w, https:\/\/www.hoymercedes.com.ar\/principal\/wp-content\/uploads\/2018\/11\/45464889_2186888711633856_1670318549555478528_n-113x150.jpg 113w, https:\/\/www.hoymercedes.com.ar\/principal\/wp-content\/uploads\/2018\/11\/45464889_2186888711633856_1670318549555478528_n-768x1024.jpg 768w, https:\/\/www.hoymercedes.com.ar\/principal\/wp-content\/uploads\/2018\/11\/45464889_2186888711633856_1670318549555478528_n.jpg 960w\" sizes=\"auto, (max-width: 465px) 100vw, 465px\" \/><\/p>\n<p><img loading=\"lazy\" decoding=\"async\" data-attachment-id=\"83791\" data-permalink=\"https:\/\/www.hoymercedes.com.ar\/principal\/2018\/11\/10\/hoy-juana-cangaro-jugara-la-final-de-la-liga-desarrollo-conmebol-con-river-plate\/45422948_624657861264720_2186390300740550656_n\/#main\" data-orig-file=\"https:\/\/www.hoymercedes.com.ar\/principal\/wp-content\/uploads\/2018\/11\/45422948_624657861264720_2186390300740550656_n.jpg\" data-orig-size=\"1560,876\" data-comments-opened=\"0\" data-image-meta=\"{&quot;aperture&quot;:&quot;0&quot;,&quot;credit&quot;:&quot;&quot;,&quot;camera&quot;:&quot;&quot;,&quot;caption&quot;:&quot;&quot;,&quot;created_timestamp&quot;:&quot;0&quot;,&quot;copyright&quot;:&quot;&quot;,&quot;focal_length&quot;:&quot;0&quot;,&quot;iso&quot;:&quot;0&quot;,&quot;shutter_speed&quot;:&quot;0&quot;,&quot;title&quot;:&quot;&quot;,&quot;orientation&quot;:&quot;0&quot;}\" data-image-title=\"45422948_624657861264720_2186390300740550656_n\" data-image-description=\"\" data-image-caption=\"\" data-large-file=\"https:\/\/www.hoymercedes.com.ar\/principal\/wp-content\/uploads\/2018\/11\/45422948_624657861264720_2186390300740550656_n-1024x575.jpg\" class=\"aligncenter size-medium wp-image-83791\" src=\"https:\/\/www.hoymercedes.com.ar\/principal\/wp-content\/uploads\/2018\/11\/45422948_624657861264720_2186390300740550656_n-630x354.jpg\" alt=\"\" width=\"630\" height=\"354\" srcset=\"https:\/\/www.hoymercedes.com.ar\/principal\/wp-content\/uploads\/2018\/11\/45422948_624657861264720_2186390300740550656_n-630x354.jpg 630w, https:\/\/www.hoymercedes.com.ar\/principal\/wp-content\/uploads\/2018\/11\/45422948_624657861264720_2186390300740550656_n-150x84.jpg 150w, https:\/\/www.hoymercedes.com.ar\/principal\/wp-content\/uploads\/2018\/11\/45422948_624657861264720_2186390300740550656_n-1024x575.jpg 1024w, https:\/\/www.hoymercedes.com.ar\/principal\/wp-content\/uploads\/2018\/11\/45422948_624657861264720_2186390300740550656_n.jpg 1560w\" sizes=\"auto, (max-width: 630px) 100vw, 630px\" \/><\/p>\n<p>&nbsp;<\/p>\n","protected":false},"excerpt":{"rendered":"<p>La mercedina Juana C\u00e1ngaron sigue dejando bien alto al f\u00fatbol mercedino. Con la Sub 14 de River Plate lleg\u00f3 a &#8230; <a title=\"Hoy Juana C\u00e1ngaro jugar\u00e1 la final de la Liga Desarrollo Conmebol con River Plate\" class=\"read-more\" href=\"https:\/\/www.hoymercedes.com.ar\/principal\/2018\/11\/10\/hoy-juana-cangaro-jugara-la-final-de-la-liga-desarrollo-conmebol-con-river-plate\/\" aria-label=\"Leer m\u00e1s sobre Hoy Juana C\u00e1ngaro jugar\u00e1 la final de la Liga Desarrollo Conmebol con River Plate\">Leer m\u00e1s<\/a><\/p>\n","protected":false},"author":1,"featured_media":83788,"comment_status":"closed","ping_status":"open","sticky":false,"template":"","format":"standard","meta":{"_monsterinsights_skip_tracking":false,"_monsterinsights_sitenote_active":false,"_monsterinsights_sitenote_note":"","_monsterinsights_sitenote_category":0,"jetpack_post_was_ever_published":false,"_jetpack_newsletter_access":"","_jetpack_dont_email_post_to_subs":false,"_jetpack_newsletter_tier_id":0,"_jetpack_memberships_contains_paywalled_content":false,"_jetpack_memberships_contains_paid_content":false,"footnotes":"","jetpack_publicize_message":"","jetpack_publicize_feature_enabled":true,"jetpack_social_post_already_shared":true,"jetpack_social_options":{"image_generator_settings":{"template":"highway","default_image_id":0,"font":"","enabled":false},"version":2},"_wpas_customize_per_network":false},"categories":[21],"tags":[204,895,13666,10696],"class_list":["post-83787","post","type-post","status-publish","format-standard","has-post-thumbnail","hentry","category-deportes","tag-deportes-2","tag-futbol-femenino","tag-juana-cangaro","tag-river-plate","generate-columns","tablet-grid-50","mobile-grid-100","grid-parent","grid-50"],"jetpack_publicize_connections":[],"jetpack_featured_media_url":"https:\/\/www.hoymercedes.com.ar\/principal\/wp-content\/uploads\/2018\/11\/45469179_547314219073805_5456059851333435392_n.jpg","wps_subtitle":"F\u00fatbol Femenino","jetpack_sharing_enabled":true,"_links":{"self":[{"href":"https:\/\/www.hoymercedes.com.ar\/principal\/wp-json\/wp\/v2\/posts\/83787","targetHints":{"allow":["GET"]}}],"collection":[{"href":"https:\/\/www.hoymercedes.com.ar\/principal\/wp-json\/wp\/v2\/posts"}],"about":[{"href":"https:\/\/www.hoymercedes.com.ar\/principal\/wp-json\/wp\/v2\/types\/post"}],"author":[{"embeddable":true,"href":"https:\/\/www.hoymercedes.com.ar\/principal\/wp-json\/wp\/v2\/users\/1"}],"replies":[{"embeddable":true,"href":"https:\/\/www.hoymercedes.com.ar\/principal\/wp-json\/wp\/v2\/comments?post=83787"}],"version-history":[{"count":0,"href":"https:\/\/www.hoymercedes.com.ar\/principal\/wp-json\/wp\/v2\/posts\/83787\/revisions"}],"wp:featuredmedia":[{"embeddable":true,"href":"https:\/\/www.hoymercedes.com.ar\/principal\/wp-json\/wp\/v2\/media\/83788"}],"wp:attachment":[{"href":"https:\/\/www.hoymercedes.com.ar\/principal\/wp-json\/wp\/v2\/media?parent=83787"}],"wp:term":[{"taxonomy":"category","embeddable":true,"href":"https:\/\/www.hoymercedes.com.ar\/principal\/wp-json\/wp\/v2\/categories?post=83787"},{"taxonomy":"post_tag","embeddable":true,"href":"https:\/\/www.hoymercedes.com.ar\/principal\/wp-json\/wp\/v2\/tags?post=83787"}],"curies":[{"name":"wp","href":"https:\/\/api.w.org\/{rel}","templated":true}]}}