{"id":83793,"date":"2018-11-10T09:46:04","date_gmt":"2018-11-10T12:46:04","guid":{"rendered":"http:\/\/www.hoymercedes.com.ar\/principal\/?p=83793"},"modified":"2018-11-10T08:42:01","modified_gmt":"2018-11-10T11:42:01","slug":"marcelo-mansilla-estoy-teniendo-demasiados-obstaculos-para-lograr-confirmar-la-aceptacion-de-la-lista","status":"publish","type":"post","link":"https:\/\/www.hoymercedes.com.ar\/principal\/2018\/11\/10\/marcelo-mansilla-estoy-teniendo-demasiados-obstaculos-para-lograr-confirmar-la-aceptacion-de-la-lista\/","title":{"rendered":"Marcelo Mansilla: \u00abEstoy teniendo demasiados obst\u00e1culos para lograr confirmar la aceptaci\u00f3n de la lista\u00bb"},"content":{"rendered":"<p>El Club Estudiantes vive desde hace algunos meses un clima pol\u00edtico extra\u00f1o para lo que son el general de las instituciones de la ciudad, ya que el recambio de autoridades debi\u00f3 ser en abril pero se postergaron para marzo de 2019. Por primera vez en los 92 a\u00f1os de vida de este club se est\u00e1 ante la posibilidad de que no haya lista de unidad y se tenga que ir al sufragio.<\/p>\n<p><img loading=\"lazy\" decoding=\"async\" data-attachment-id=\"83794\" data-permalink=\"https:\/\/www.hoymercedes.com.ar\/principal\/2018\/11\/10\/marcelo-mansilla-estoy-teniendo-demasiados-obstaculos-para-lograr-confirmar-la-aceptacion-de-la-lista\/marcelo-mansilla\/#main\" data-orig-file=\"https:\/\/www.hoymercedes.com.ar\/principal\/wp-content\/uploads\/2018\/11\/Marcelo-Mansilla.jpg\" data-orig-size=\"480,360\" data-comments-opened=\"0\" data-image-meta=\"{&quot;aperture&quot;:&quot;0&quot;,&quot;credit&quot;:&quot;&quot;,&quot;camera&quot;:&quot;&quot;,&quot;caption&quot;:&quot;&quot;,&quot;created_timestamp&quot;:&quot;0&quot;,&quot;copyright&quot;:&quot;&quot;,&quot;focal_length&quot;:&quot;0&quot;,&quot;iso&quot;:&quot;0&quot;,&quot;shutter_speed&quot;:&quot;0&quot;,&quot;title&quot;:&quot;&quot;,&quot;orientation&quot;:&quot;0&quot;}\" data-image-title=\"Marcelo Mansilla\" data-image-description=\"\" data-image-caption=\"\" data-large-file=\"https:\/\/www.hoymercedes.com.ar\/principal\/wp-content\/uploads\/2018\/11\/Marcelo-Mansilla.jpg\" class=\"aligncenter size-full wp-image-83794\" src=\"https:\/\/www.hoymercedes.com.ar\/principal\/wp-content\/uploads\/2018\/11\/Marcelo-Mansilla.jpg\" alt=\"\" width=\"480\" height=\"360\" srcset=\"https:\/\/www.hoymercedes.com.ar\/principal\/wp-content\/uploads\/2018\/11\/Marcelo-Mansilla.jpg 480w, https:\/\/www.hoymercedes.com.ar\/principal\/wp-content\/uploads\/2018\/11\/Marcelo-Mansilla-150x113.jpg 150w\" sizes=\"auto, (max-width: 480px) 100vw, 480px\" \/><\/p>\n<p>Marcelo Mansilla es quien lidera la lista opositora. Durante la semana dialog\u00f3 con el programa El Pulso, que se emite de lunes a viernes de 10 a 12 por FM La Tribuna 103.5 y coment\u00f3 que \u00abel proyecto surgi\u00f3 a ra\u00edz de un ofrecimiento que me hicieron actuales y ex socios de la instituci\u00f3n hace unos tres meses, de encabezar una lista que se estar\u00eda presentando en las elecciones de marzo de 2019. Me llev\u00f3 tiempo pensarlo, hice un sondeo para ver qu\u00e9 aceptaci\u00f3n ten\u00eda la candidatura y por suerte tuve un apoyo un\u00e1nime. Aportamos a la sede del Club una cantidad importante de socios, pero para mi sorpresa y la de la gente que me acompa\u00f1a, estoy teniendo demasiados obst\u00e1culos para lograr confirmar la aceptaci\u00f3n de la lista futura que llev\u00f3 a una situaci\u00f3n de conflicto. Llevamos cerca de cien socios nuevos que fueron rechazados por la Comisi\u00f3n Directiva. Toda esa cantidad de socios que se aportaron a fin de septiembre, incluso durante octubre, para cumplir con los lineamientos legales que marca el estatuto, lamentablemente fueron rechazados. Eso motiv\u00f3 una gran indignaci\u00f3n de la gente que me acompa\u00f1a, lo que nos hizo ir a hablar con un escribano para que haga las actas correspondientes y lamentablemente si esto no se soluciona iremos a la v\u00eda legal. La gente que me acompa\u00f1a ve al club deteriorado en l\u00edneas generales y quieren una renovaci\u00f3n en la comisi\u00f3n del club y en ese punto estamos hoy\u00bb, sostuvo.<\/p>\n<p>Adem\u00e1s, explic\u00f3 el motivo por los que \u00e9l su gente debi\u00f3 conseguir nuevas adhesiones para el Pincha: \u00abLa actual Comisi\u00f3n Directiva me impide acceder al padr\u00f3n y al no tener esa facilidad de saber la cantidad de socios que hay y quienes son, optamos por salir a captar socios que en este momento no estaban en el club. Entramos en una situaci\u00f3n de intransigencia y estamos evaluando, ya fuimos el escribano a que tome cartas en el asunto y veremos si se llega a la justicia\u00bb.<\/p>\n<p>Mansilla, quien durante 21 a\u00f1os trabaj\u00f3 en diferentes roles en Estudiantes, se vio sorprendido por la situaci\u00f3n. \u00abEs llamativo. Nos han dado algunas opiniones y explicaciones del rechazo de los socios pero no est\u00e1n encuadradas en el estatuto que, obviamente, tiene algunos puntos para rechazar un socio, pero la Comisi\u00f3n dijo cosas que no est\u00e1n en \u00e9l. Es ins\u00f3lito que una instituci\u00f3n rechace la cantidad de socios que se quieren acercar. Yo soy pesimista en cuanto a que esta situaci\u00f3n se destrabe, pero con el apoyo de la gente que fue rechazada iremos a la justicia\u00bb, concluy\u00f3.<\/p>\n<p>M\u00e1s all\u00e1 de ser una lista opositora, Mansilla indic\u00f3 que hizo los intentos para lograr un acercamiento con la actual dirigencia pincha y en ese sentido no obtuvo respuesta: \u00abPor intermedio de algunas personas tratamos de convocar a Abel Delfino (Presidente de Estudiantes) para ver este tema, pero no nos contestan el tel\u00e9fono. La verdad es una situaci\u00f3n lamentable porque no est\u00e1 Mansilla en juego, sino la instituci\u00f3n en s\u00ed. Si hay asperezas, hay que limarlas. Conmigo no tuvieron nunca contacto. Gente de nuestra agrupaci\u00f3n les advirti\u00f3 los pasos que \u00edbamos a seguir porque los socios rechazados est\u00e1n muy indignados\u00bb, y agreg\u00f3 que cualquier personas que se enmarque en el plano legal como indica el estatuto se puede presentar a elecciones. Aunque tambi\u00e9n destac\u00f3 que de la actual CD hay \u00ab4 o 5 personas\u00bb que se han acercado a la nueva lista.<\/p>\n<p>\u00abUno lo que busca es tratar de mejorar el deterioro que hay. Basta con ver el campo de deportes para notarlo. El gran apoyo que tengo de la gente me lleva a revalorizar la fuerza para seguir adelante en esta situaci\u00f3n\u00bb, continu\u00f3 Mansilla.<\/p>\n<p>Tambi\u00e9n destac\u00f3 que \u00abhay socios actuales que me vieron personalmente o me llamaron para hacer algo por el club, hay ex socios que son de la primera \u00e9poca y que vieron poner los cimientos en el club que por distintos motivos se fueron alejando y ante el deterioro que se observa a simple vista se autoconvocaron y me eligieron a mi para esta aventura. Hay socios nuevos tambi\u00e9n. Hay un c\u00famulo de situaciones. Lo que m\u00e1s me sorprende es el apoyo de gente que lo puso en lugar de privilegio en la ciudad y ahora quiere volver para dar una mano para arreglar lo que est\u00e1 mal\u00bb.<\/p>\n<p>\u00abBuscamos una renovaci\u00f3n porque las autoridades del club hace muchos a\u00f1os que est\u00e1n y es necesario poner gente nueva. No buscamos hacer da\u00f1o a nadie, simplemente queremos mejorar el club en situaciones que a simple vista est\u00e1 mal. La infraestructura del club muestra mucha dejadez. Eso m\u00e1s otras cosas que no vale la pena apuntarla hizo que se genere esta posibilidad de presentarse en elecciones\u00bb, finaliz\u00f3.<\/p>\n","protected":false},"excerpt":{"rendered":"<p>El Club Estudiantes vive desde hace algunos meses un clima pol\u00edtico extra\u00f1o para lo que son el general de las &#8230; <a title=\"Marcelo Mansilla: \u00abEstoy teniendo demasiados obst\u00e1culos para lograr confirmar la aceptaci\u00f3n de la lista\u00bb\" class=\"read-more\" href=\"https:\/\/www.hoymercedes.com.ar\/principal\/2018\/11\/10\/marcelo-mansilla-estoy-teniendo-demasiados-obstaculos-para-lograr-confirmar-la-aceptacion-de-la-lista\/\" aria-label=\"Leer m\u00e1s sobre Marcelo Mansilla: \u00abEstoy teniendo demasiados obst\u00e1culos para lograr confirmar la aceptaci\u00f3n de la lista\u00bb\">Leer m\u00e1s<\/a><\/p>\n","protected":false},"author":1,"featured_media":83794,"comment_status":"closed","ping_status":"open","sticky":false,"template":"","format":"standard","meta":{"_monsterinsights_skip_tracking":false,"_monsterinsights_sitenote_active":false,"_monsterinsights_sitenote_note":"","_monsterinsights_sitenote_category":0,"jetpack_post_was_ever_published":false,"_jetpack_newsletter_access":"","_jetpack_dont_email_post_to_subs":false,"_jetpack_newsletter_tier_id":0,"_jetpack_memberships_contains_paywalled_content":false,"_jetpack_memberships_contains_paid_content":false,"footnotes":"","jetpack_publicize_message":"","jetpack_publicize_feature_enabled":true,"jetpack_social_post_already_shared":true,"jetpack_social_options":{"image_generator_settings":{"template":"highway","default_image_id":0,"font":"","enabled":false},"version":2},"_wpas_customize_per_network":false},"categories":[21],"tags":[3388,204],"class_list":["post-83793","post","type-post","status-publish","format-standard","has-post-thumbnail","hentry","category-deportes","tag-club-estudiantes","tag-deportes-2","generate-columns","tablet-grid-50","mobile-grid-100","grid-parent","grid-50"],"jetpack_publicize_connections":[],"jetpack_featured_media_url":"https:\/\/www.hoymercedes.com.ar\/principal\/wp-content\/uploads\/2018\/11\/Marcelo-Mansilla.jpg","wps_subtitle":"Club Estudiantes","jetpack_sharing_enabled":true,"jetpack-related-posts":[{"id":48876,"url":"https:\/\/www.hoymercedes.com.ar\/principal\/2016\/04\/13\/abel-delfino-sigue-un-ano-mas-en-estudiantes\/","url_meta":{"origin":83793,"position":0},"title":"Abel Delfino sigue un a\u00f1o m\u00e1s en Estudiantes","author":"hoymercedes","date":"13 abril, 2016","format":false,"excerpt":"Por Ariel Murante \/ Todos los meses de abril en el Club Atl\u00e9tico Estudiantes hay cambio de autoridades como lo marca el estatuto de la instituci\u00f3n y el 2016 no fue la excepci\u00f3n. Durante este fin de semana se realiz\u00f3 la Asamblea de Socios en su sede de calle 31\u2026","rel":"","context":"En \u00abDeportes\u00bb","block_context":{"text":"Deportes","link":"https:\/\/www.hoymercedes.com.ar\/principal\/category\/deportes\/"},"img":{"alt_text":"","src":"","width":0,"height":0},"classes":[]},{"id":103517,"url":"https:\/\/www.hoymercedes.com.ar\/principal\/2019\/12\/05\/juan-roman-riquelme-junto-a-historicos-jugadores-de-boca-visitaron-mercedes\/","url_meta":{"origin":83793,"position":1},"title":"Juan Rom\u00e1n Riquelme junto a hist\u00f3ricos jugadores de Boca visitaron Mercedes","author":"hoymercedes","date":"5 diciembre, 2019","format":false,"excerpt":"https:\/\/youtu.be\/w12Pi0Qieus El \u00eddolo y candidato a vicepresidente de Boca, Juan Rom\u00e1n Riquelme, visit\u00f3 nuestra ciudad y tuvo un encuentro con miras a las elecciones del pr\u00f3ximo domingo con gran cantidad de hinchas. Fue en el Club Estudiantes. Tambi\u00e9n participaron Sebasti\u00e1n Battaglia, Marcelo \u201cChelo\u201d Delgado y Ra\u00fal Cascini, todos jugadores de\u2026","rel":"","context":"En \u00abDeportes\u00bb","block_context":{"text":"Deportes","link":"https:\/\/www.hoymercedes.com.ar\/principal\/category\/deportes\/"},"img":{"alt_text":"","src":"https:\/\/i0.wp.com\/www.hoymercedes.com.ar\/principal\/wp-content\/uploads\/2019\/12\/riquelme-boca.jpeg?resize=350%2C200&ssl=1","width":350,"height":200,"srcset":"https:\/\/i0.wp.com\/www.hoymercedes.com.ar\/principal\/wp-content\/uploads\/2019\/12\/riquelme-boca.jpeg?resize=350%2C200&ssl=1 1x, https:\/\/i0.wp.com\/www.hoymercedes.com.ar\/principal\/wp-content\/uploads\/2019\/12\/riquelme-boca.jpeg?resize=525%2C300&ssl=1 1.5x, https:\/\/i0.wp.com\/www.hoymercedes.com.ar\/principal\/wp-content\/uploads\/2019\/12\/riquelme-boca.jpeg?resize=700%2C400&ssl=1 2x, https:\/\/i0.wp.com\/www.hoymercedes.com.ar\/principal\/wp-content\/uploads\/2019\/12\/riquelme-boca.jpeg?resize=1050%2C600&ssl=1 3x"},"classes":[]},{"id":141414,"url":"https:\/\/www.hoymercedes.com.ar\/principal\/2021\/12\/13\/organizadores-del-torneo-ciudad-de-mercedes-agradecen-apoyo-recibido\/","url_meta":{"origin":83793,"position":2},"title":"Organizadores del Torneo \u201cCiudad de Mercedes\u201d agradecen apoyo recibido","author":"hoymercedes","date":"13 diciembre, 2021","format":false,"excerpt":"El Torneo Transici\u00f3n \u201cCiudad de Mercedes\u201d del F\u00fatbol Infanto Juvenil ha concluido. Este 2021 no tuvo la organizaci\u00f3n de la Liga Mercedina de F\u00fatbol, por ende no fue un certamen oficial, pero si cont\u00f3 con la mayor\u00eda de las instituciones que forman parte de la entidad madre del f\u00fatbol local.\u2026","rel":"","context":"En \u00abDeportes\u00bb","block_context":{"text":"Deportes","link":"https:\/\/www.hoymercedes.com.ar\/principal\/category\/deportes\/"},"img":{"alt_text":"","src":"https:\/\/i0.wp.com\/www.hoymercedes.com.ar\/principal\/wp-content\/uploads\/2021\/12\/football-g95bf73777_1280.jpg?resize=350%2C200&ssl=1","width":350,"height":200,"srcset":"https:\/\/i0.wp.com\/www.hoymercedes.com.ar\/principal\/wp-content\/uploads\/2021\/12\/football-g95bf73777_1280.jpg?resize=350%2C200&ssl=1 1x, https:\/\/i0.wp.com\/www.hoymercedes.com.ar\/principal\/wp-content\/uploads\/2021\/12\/football-g95bf73777_1280.jpg?resize=525%2C300&ssl=1 1.5x, https:\/\/i0.wp.com\/www.hoymercedes.com.ar\/principal\/wp-content\/uploads\/2021\/12\/football-g95bf73777_1280.jpg?resize=700%2C400&ssl=1 2x, https:\/\/i0.wp.com\/www.hoymercedes.com.ar\/principal\/wp-content\/uploads\/2021\/12\/football-g95bf73777_1280.jpg?resize=1050%2C600&ssl=1 3x"},"classes":[]},{"id":58566,"url":"https:\/\/www.hoymercedes.com.ar\/principal\/2016\/12\/30\/juan-ignacio-menendez-nuevo-dt-de-estudiantes\/","url_meta":{"origin":83793,"position":3},"title":"Juan Ignacio Menendez, nuevo DT de Estudiantes","author":"hoymercedes","date":"30 diciembre, 2016","format":false,"excerpt":"Se termina el a\u00f1o pero las novedades en el f\u00fatbol mercedino siguen estando. Cuando normalmente suelen llegar por parte de los equipos que juegan los regionales, en este caso fue por el lado de uno que tuvo un mal a\u00f1o. Estudiantes, que comenz\u00f3 el a\u00f1o con la direcci\u00f3n t\u00e9cnica de\u2026","rel":"","context":"En \u00abDeportes\u00bb","block_context":{"text":"Deportes","link":"https:\/\/www.hoymercedes.com.ar\/principal\/category\/deportes\/"},"img":{"alt_text":"","src":"https:\/\/i0.wp.com\/www.hoymercedes.com.ar\/principal\/wp-content\/uploads\/2016\/03\/Juanito-DT.jpg?resize=350%2C200&ssl=1","width":350,"height":200,"srcset":"https:\/\/i0.wp.com\/www.hoymercedes.com.ar\/principal\/wp-content\/uploads\/2016\/03\/Juanito-DT.jpg?resize=350%2C200&ssl=1 1x, https:\/\/i0.wp.com\/www.hoymercedes.com.ar\/principal\/wp-content\/uploads\/2016\/03\/Juanito-DT.jpg?resize=525%2C300&ssl=1 1.5x, https:\/\/i0.wp.com\/www.hoymercedes.com.ar\/principal\/wp-content\/uploads\/2016\/03\/Juanito-DT.jpg?resize=700%2C400&ssl=1 2x"},"classes":[]},{"id":174898,"url":"https:\/\/www.hoymercedes.com.ar\/principal\/2024\/04\/16\/amb-victoria-de-estudiantes-ante-dorrego\/","url_meta":{"origin":83793,"position":4},"title":"AMB: Victoria de Estudiantes ante Dorrego","author":"hoymercedes","date":"16 abril, 2024","format":false,"excerpt":"Durante la jornada del domingo se llev\u00f3 a cabo una nueva fecha de los torneos organizados por la Asociaci\u00f3n Mercedina de B\u00e1squet. En esta ocasi\u00f3n, el Club Estudiantes hace de local ante Club Dorrego de la ciudad de Navarro en medio de un cambio de local\u00eda. Comenzando la jornada, jugaron\u2026","rel":"","context":"En \u00abDeportes\u00bb","block_context":{"text":"Deportes","link":"https:\/\/www.hoymercedes.com.ar\/principal\/category\/deportes\/"},"img":{"alt_text":"","src":"https:\/\/i0.wp.com\/www.hoymercedes.com.ar\/principal\/wp-content\/uploads\/2024\/04\/basquet-estudiantes-15-04.jpg?resize=350%2C200&ssl=1","width":350,"height":200,"srcset":"https:\/\/i0.wp.com\/www.hoymercedes.com.ar\/principal\/wp-content\/uploads\/2024\/04\/basquet-estudiantes-15-04.jpg?resize=350%2C200&ssl=1 1x, https:\/\/i0.wp.com\/www.hoymercedes.com.ar\/principal\/wp-content\/uploads\/2024\/04\/basquet-estudiantes-15-04.jpg?resize=525%2C300&ssl=1 1.5x, https:\/\/i0.wp.com\/www.hoymercedes.com.ar\/principal\/wp-content\/uploads\/2024\/04\/basquet-estudiantes-15-04.jpg?resize=700%2C400&ssl=1 2x"},"classes":[]},{"id":59037,"url":"https:\/\/www.hoymercedes.com.ar\/principal\/2017\/01\/19\/estudiantes-es-un-grande-de-la-ciudad-y-hay-que-armar-un-equipo-acorde-a-su-historia\/","url_meta":{"origin":83793,"position":5},"title":"\u00abEstudiantes es un grande de la ciudad y hay que armar un equipo acorde a su historia\u00bb","author":"hoymercedes","date":"19 enero, 2017","format":false,"excerpt":"Juan Ignacio Menendez, el DT campe\u00f3n de la temporada 2016 de la Liga Mercedina de F\u00fatbol, dialog\u00f3 con el programa El Pulso, que se emite de lunes a viernes de 10 a 12 por FM La Tribuna y coment\u00f3 su llegada a Estudiantes, luego de la desvinculaci\u00f3n con Quilmes: \"Despu\u00e9s\u2026","rel":"","context":"En \u00abDeportes\u00bb","block_context":{"text":"Deportes","link":"https:\/\/www.hoymercedes.com.ar\/principal\/category\/deportes\/"},"img":{"alt_text":"","src":"https:\/\/i0.wp.com\/www.hoymercedes.com.ar\/principal\/wp-content\/uploads\/2017\/01\/Juan-Ignacio-Menendez.png?resize=350%2C200&ssl=1","width":350,"height":200,"srcset":"https:\/\/i0.wp.com\/www.hoymercedes.com.ar\/principal\/wp-content\/uploads\/2017\/01\/Juan-Ignacio-Menendez.png?resize=350%2C200&ssl=1 1x, https:\/\/i0.wp.com\/www.hoymercedes.com.ar\/principal\/wp-content\/uploads\/2017\/01\/Juan-Ignacio-Menendez.png?resize=525%2C300&ssl=1 1.5x, https:\/\/i0.wp.com\/www.hoymercedes.com.ar\/principal\/wp-content\/uploads\/2017\/01\/Juan-Ignacio-Menendez.png?resize=700%2C400&ssl=1 2x"},"classes":[]}],"_links":{"self":[{"href":"https:\/\/www.hoymercedes.com.ar\/principal\/wp-json\/wp\/v2\/posts\/83793","targetHints":{"allow":["GET"]}}],"collection":[{"href":"https:\/\/www.hoymercedes.com.ar\/principal\/wp-json\/wp\/v2\/posts"}],"about":[{"href":"https:\/\/www.hoymercedes.com.ar\/principal\/wp-json\/wp\/v2\/types\/post"}],"author":[{"embeddable":true,"href":"https:\/\/www.hoymercedes.com.ar\/principal\/wp-json\/wp\/v2\/users\/1"}],"replies":[{"embeddable":true,"href":"https:\/\/www.hoymercedes.com.ar\/principal\/wp-json\/wp\/v2\/comments?post=83793"}],"version-history":[{"count":0,"href":"https:\/\/www.hoymercedes.com.ar\/principal\/wp-json\/wp\/v2\/posts\/83793\/revisions"}],"wp:featuredmedia":[{"embeddable":true,"href":"https:\/\/www.hoymercedes.com.ar\/principal\/wp-json\/wp\/v2\/media\/83794"}],"wp:attachment":[{"href":"https:\/\/www.hoymercedes.com.ar\/principal\/wp-json\/wp\/v2\/media?parent=83793"}],"wp:term":[{"taxonomy":"category","embeddable":true,"href":"https:\/\/www.hoymercedes.com.ar\/principal\/wp-json\/wp\/v2\/categories?post=83793"},{"taxonomy":"post_tag","embeddable":true,"href":"https:\/\/www.hoymercedes.com.ar\/principal\/wp-json\/wp\/v2\/tags?post=83793"}],"curies":[{"name":"wp","href":"https:\/\/api.w.org\/{rel}","templated":true}]}}