{"id":83796,"date":"2018-11-10T08:46:13","date_gmt":"2018-11-10T11:46:13","guid":{"rendered":"http:\/\/www.hoymercedes.com.ar\/principal\/?p=83796"},"modified":"2018-11-10T08:46:13","modified_gmt":"2018-11-10T11:46:13","slug":"finalizo-nuevo-curso-de-preparto-para-beneficiarios-del-mil-dias","status":"publish","type":"post","link":"https:\/\/www.hoymercedes.com.ar\/principal\/2018\/11\/10\/finalizo-nuevo-curso-de-preparto-para-beneficiarios-del-mil-dias\/","title":{"rendered":"Finaliz\u00f3 nuevo curso de preparto para beneficiarios del Mil D\u00edas"},"content":{"rendered":"<p>D\u00edas atr\u00e1s, en el C.I.C, finaliz\u00f3 un nuevo curso de pre parto y ense\u00f1anza para las futuras mam\u00e1s. Se desarrolla en el marco del programa Primeros Mil D\u00edas que brinda beneficios a mujeres embarazadas y sus beb\u00e9s hasta los dos a\u00f1os con capacitaci\u00f3n, informaci\u00f3n y talleres para las familias en materia de nutrici\u00f3n y salud integral, adem\u00e1s de entregar un kit para los primeros d\u00edas de nacido el beb\u00e9.<\/p>\n<p><img loading=\"lazy\" decoding=\"async\" data-attachment-id=\"83775\" data-permalink=\"https:\/\/www.hoymercedes.com.ar\/principal\/2018\/11\/09\/nueva-fecha-para-el-expogreen-sera-el-17-y-18-de-noviembre\/09-mildias-1-1\/#main\" data-orig-file=\"https:\/\/www.hoymercedes.com.ar\/principal\/wp-content\/uploads\/2018\/11\/09-MilDias-1-1.jpg\" data-orig-size=\"750,307\" data-comments-opened=\"0\" data-image-meta=\"{&quot;aperture&quot;:&quot;0&quot;,&quot;credit&quot;:&quot;&quot;,&quot;camera&quot;:&quot;&quot;,&quot;caption&quot;:&quot;&quot;,&quot;created_timestamp&quot;:&quot;0&quot;,&quot;copyright&quot;:&quot;&quot;,&quot;focal_length&quot;:&quot;0&quot;,&quot;iso&quot;:&quot;0&quot;,&quot;shutter_speed&quot;:&quot;0&quot;,&quot;title&quot;:&quot;&quot;,&quot;orientation&quot;:&quot;0&quot;}\" data-image-title=\"09 MilDias-1 (1)\" data-image-description=\"\" data-image-caption=\"\" data-large-file=\"https:\/\/www.hoymercedes.com.ar\/principal\/wp-content\/uploads\/2018\/11\/09-MilDias-1-1.jpg\" class=\"aligncenter size-medium wp-image-83775\" src=\"https:\/\/www.hoymercedes.com.ar\/principal\/wp-content\/uploads\/2018\/11\/09-MilDias-1-1-630x258.jpg\" alt=\"\" width=\"630\" height=\"258\" srcset=\"https:\/\/www.hoymercedes.com.ar\/principal\/wp-content\/uploads\/2018\/11\/09-MilDias-1-1-630x258.jpg 630w, https:\/\/www.hoymercedes.com.ar\/principal\/wp-content\/uploads\/2018\/11\/09-MilDias-1-1-150x61.jpg 150w, https:\/\/www.hoymercedes.com.ar\/principal\/wp-content\/uploads\/2018\/11\/09-MilDias-1-1.jpg 750w\" sizes=\"auto, (max-width: 630px) 100vw, 630px\" \/><\/p>\n","protected":false},"excerpt":{"rendered":"<p>D\u00edas atr\u00e1s, en el C.I.C, finaliz\u00f3 un nuevo curso de pre parto y ense\u00f1anza para las futuras mam\u00e1s. Se desarrolla &#8230; <a title=\"Finaliz\u00f3 nuevo curso de preparto para beneficiarios del Mil D\u00edas\" class=\"read-more\" href=\"https:\/\/www.hoymercedes.com.ar\/principal\/2018\/11\/10\/finalizo-nuevo-curso-de-preparto-para-beneficiarios-del-mil-dias\/\" aria-label=\"Leer m\u00e1s sobre Finaliz\u00f3 nuevo curso de preparto para beneficiarios del Mil D\u00edas\">Leer m\u00e1s<\/a><\/p>\n","protected":false},"author":1,"featured_media":83775,"comment_status":"closed","ping_status":"open","sticky":false,"template":"","format":"standard","meta":{"_monsterinsights_skip_tracking":false,"_monsterinsights_sitenote_active":false,"_monsterinsights_sitenote_note":"","_monsterinsights_sitenote_category":0,"jetpack_post_was_ever_published":false,"_jetpack_newsletter_access":"","_jetpack_dont_email_post_to_subs":false,"_jetpack_newsletter_tier_id":0,"_jetpack_memberships_contains_paywalled_content":false,"_jetpack_memberships_contains_paid_content":false,"footnotes":"","jetpack_publicize_message":"","jetpack_publicize_feature_enabled":true,"jetpack_social_post_already_shared":true,"jetpack_social_options":{"image_generator_settings":{"template":"highway","default_image_id":0,"font":"","enabled":false},"version":2},"_wpas_customize_per_network":false},"categories":[30],"tags":[14028,244,11368,134],"class_list":["post-83796","post","type-post","status-publish","format-standard","has-post-thumbnail","hentry","category-municipio","tag-curso-preparto","tag-municipio-2","tag-programa-mil-dias","tag-salud","generate-columns","tablet-grid-50","mobile-grid-100","grid-parent","grid-50"],"jetpack_publicize_connections":[],"jetpack_featured_media_url":"https:\/\/www.hoymercedes.com.ar\/principal\/wp-content\/uploads\/2018\/11\/09-MilDias-1-1.jpg","wps_subtitle":"Salud municipal","jetpack_sharing_enabled":true,"_links":{"self":[{"href":"https:\/\/www.hoymercedes.com.ar\/principal\/wp-json\/wp\/v2\/posts\/83796","targetHints":{"allow":["GET"]}}],"collection":[{"href":"https:\/\/www.hoymercedes.com.ar\/principal\/wp-json\/wp\/v2\/posts"}],"about":[{"href":"https:\/\/www.hoymercedes.com.ar\/principal\/wp-json\/wp\/v2\/types\/post"}],"author":[{"embeddable":true,"href":"https:\/\/www.hoymercedes.com.ar\/principal\/wp-json\/wp\/v2\/users\/1"}],"replies":[{"embeddable":true,"href":"https:\/\/www.hoymercedes.com.ar\/principal\/wp-json\/wp\/v2\/comments?post=83796"}],"version-history":[{"count":0,"href":"https:\/\/www.hoymercedes.com.ar\/principal\/wp-json\/wp\/v2\/posts\/83796\/revisions"}],"wp:featuredmedia":[{"embeddable":true,"href":"https:\/\/www.hoymercedes.com.ar\/principal\/wp-json\/wp\/v2\/media\/83775"}],"wp:attachment":[{"href":"https:\/\/www.hoymercedes.com.ar\/principal\/wp-json\/wp\/v2\/media?parent=83796"}],"wp:term":[{"taxonomy":"category","embeddable":true,"href":"https:\/\/www.hoymercedes.com.ar\/principal\/wp-json\/wp\/v2\/categories?post=83796"},{"taxonomy":"post_tag","embeddable":true,"href":"https:\/\/www.hoymercedes.com.ar\/principal\/wp-json\/wp\/v2\/tags?post=83796"}],"curies":[{"name":"wp","href":"https:\/\/api.w.org\/{rel}","templated":true}]}}