{"id":83802,"date":"2018-11-10T11:03:55","date_gmt":"2018-11-10T14:03:55","guid":{"rendered":"http:\/\/www.hoymercedes.com.ar\/principal\/?p=83802"},"modified":"2018-11-10T11:03:55","modified_gmt":"2018-11-10T14:03:55","slug":"eden-informa-problemas-con-los-alimentadores-por-la-tormenta","status":"publish","type":"post","link":"https:\/\/www.hoymercedes.com.ar\/principal\/2018\/11\/10\/eden-informa-problemas-con-los-alimentadores-por-la-tormenta\/","title":{"rendered":"Eden informa problemas con los alimentadores por la tormenta"},"content":{"rendered":"<p>Desde la empresa EDEN informaron: \u00abPor la tormenta tuvimos varios da\u00f1os. El m\u00e1s representativo fue la salida de los alimentadores 2 y 6 (5500 usuarios aproximadamente) con conductores cortados en Calle 19 entre 110 y 114. Si el tiempo lo permite en 2 horas estar\u00eda normalizado\u00bb. Esto significa que en las primeras horas de la tarde estar\u00eda solucionado el inconveniente de energ\u00eda el\u00e9ctrica.<\/p>\n<p><img loading=\"lazy\" decoding=\"async\" data-attachment-id=\"83805\" data-permalink=\"https:\/\/www.hoymercedes.com.ar\/principal\/2018\/11\/10\/eden-informa-problemas-con-los-alimentadores-por-la-tormenta\/img-20181110-wa0008\/#main\" data-orig-file=\"https:\/\/www.hoymercedes.com.ar\/principal\/wp-content\/uploads\/2018\/11\/IMG-20181110-WA0008.jpg\" data-orig-size=\"963,956\" data-comments-opened=\"0\" data-image-meta=\"{&quot;aperture&quot;:&quot;0&quot;,&quot;credit&quot;:&quot;&quot;,&quot;camera&quot;:&quot;&quot;,&quot;caption&quot;:&quot;&quot;,&quot;created_timestamp&quot;:&quot;0&quot;,&quot;copyright&quot;:&quot;&quot;,&quot;focal_length&quot;:&quot;0&quot;,&quot;iso&quot;:&quot;0&quot;,&quot;shutter_speed&quot;:&quot;0&quot;,&quot;title&quot;:&quot;&quot;,&quot;orientation&quot;:&quot;0&quot;}\" data-image-title=\"IMG-20181110-WA0008\" data-image-description=\"\" data-image-caption=\"\" data-large-file=\"https:\/\/www.hoymercedes.com.ar\/principal\/wp-content\/uploads\/2018\/11\/IMG-20181110-WA0008.jpg\" class=\"aligncenter size-medium wp-image-83805\" src=\"https:\/\/www.hoymercedes.com.ar\/principal\/wp-content\/uploads\/2018\/11\/IMG-20181110-WA0008-625x620.jpg\" alt=\"\" width=\"625\" height=\"620\" srcset=\"https:\/\/www.hoymercedes.com.ar\/principal\/wp-content\/uploads\/2018\/11\/IMG-20181110-WA0008-625x620.jpg 625w, https:\/\/www.hoymercedes.com.ar\/principal\/wp-content\/uploads\/2018\/11\/IMG-20181110-WA0008-150x150.jpg 150w, https:\/\/www.hoymercedes.com.ar\/principal\/wp-content\/uploads\/2018\/11\/IMG-20181110-WA0008.jpg 963w\" sizes=\"auto, (max-width: 625px) 100vw, 625px\" \/><\/p>\n<p>&nbsp;<\/p>\n","protected":false},"excerpt":{"rendered":"<p>Desde la empresa EDEN informaron: \u00abPor la tormenta tuvimos varios da\u00f1os. El m\u00e1s representativo fue la salida de los alimentadores &#8230; <a title=\"Eden informa problemas con los alimentadores por la tormenta\" class=\"read-more\" href=\"https:\/\/www.hoymercedes.com.ar\/principal\/2018\/11\/10\/eden-informa-problemas-con-los-alimentadores-por-la-tormenta\/\" aria-label=\"Leer m\u00e1s sobre Eden informa problemas con los alimentadores por la tormenta\">Leer m\u00e1s<\/a><\/p>\n","protected":false},"author":1,"featured_media":83805,"comment_status":"closed","ping_status":"open","sticky":false,"template":"","format":"standard","meta":{"_monsterinsights_skip_tracking":false,"_monsterinsights_sitenote_active":false,"_monsterinsights_sitenote_note":"","_monsterinsights_sitenote_category":0,"jetpack_post_was_ever_published":false,"_jetpack_newsletter_access":"","_jetpack_dont_email_post_to_subs":false,"_jetpack_newsletter_tier_id":0,"_jetpack_memberships_contains_paywalled_content":false,"_jetpack_memberships_contains_paid_content":false,"footnotes":"","jetpack_publicize_message":"","jetpack_publicize_feature_enabled":true,"jetpack_social_post_already_shared":true,"jetpack_social_options":{"image_generator_settings":{"template":"highway","default_image_id":0,"font":"","enabled":false},"version":2},"_wpas_customize_per_network":false},"categories":[8],"tags":[1023,8808],"class_list":["post-83802","post","type-post","status-publish","format-standard","has-post-thumbnail","hentry","category-sociedad","tag-eden","tag-energia-electrica","generate-columns","tablet-grid-50","mobile-grid-100","grid-parent","grid-50"],"jetpack_publicize_connections":[],"jetpack_featured_media_url":"https:\/\/www.hoymercedes.com.ar\/principal\/wp-content\/uploads\/2018\/11\/IMG-20181110-WA0008.jpg","wps_subtitle":"","jetpack_sharing_enabled":true,"_links":{"self":[{"href":"https:\/\/www.hoymercedes.com.ar\/principal\/wp-json\/wp\/v2\/posts\/83802","targetHints":{"allow":["GET"]}}],"collection":[{"href":"https:\/\/www.hoymercedes.com.ar\/principal\/wp-json\/wp\/v2\/posts"}],"about":[{"href":"https:\/\/www.hoymercedes.com.ar\/principal\/wp-json\/wp\/v2\/types\/post"}],"author":[{"embeddable":true,"href":"https:\/\/www.hoymercedes.com.ar\/principal\/wp-json\/wp\/v2\/users\/1"}],"replies":[{"embeddable":true,"href":"https:\/\/www.hoymercedes.com.ar\/principal\/wp-json\/wp\/v2\/comments?post=83802"}],"version-history":[{"count":0,"href":"https:\/\/www.hoymercedes.com.ar\/principal\/wp-json\/wp\/v2\/posts\/83802\/revisions"}],"wp:featuredmedia":[{"embeddable":true,"href":"https:\/\/www.hoymercedes.com.ar\/principal\/wp-json\/wp\/v2\/media\/83805"}],"wp:attachment":[{"href":"https:\/\/www.hoymercedes.com.ar\/principal\/wp-json\/wp\/v2\/media?parent=83802"}],"wp:term":[{"taxonomy":"category","embeddable":true,"href":"https:\/\/www.hoymercedes.com.ar\/principal\/wp-json\/wp\/v2\/categories?post=83802"},{"taxonomy":"post_tag","embeddable":true,"href":"https:\/\/www.hoymercedes.com.ar\/principal\/wp-json\/wp\/v2\/tags?post=83802"}],"curies":[{"name":"wp","href":"https:\/\/api.w.org\/{rel}","templated":true}]}}