{"id":83827,"date":"2018-11-10T17:36:29","date_gmt":"2018-11-10T20:36:29","guid":{"rendered":"http:\/\/www.hoymercedes.com.ar\/principal\/?p=83827"},"modified":"2018-11-10T16:48:26","modified_gmt":"2018-11-10T19:48:26","slug":"camino-de-los-bodegones-arranco-a-pleno-pero-el-clima-obligo-a-reprogramar","status":"publish","type":"post","link":"https:\/\/www.hoymercedes.com.ar\/principal\/2018\/11\/10\/camino-de-los-bodegones-arranco-a-pleno-pero-el-clima-obligo-a-reprogramar\/","title":{"rendered":"\u00abCamino de los Bodegones\u00bb arranc\u00f3 a pleno, pero el clima oblig\u00f3 a reprogramar"},"content":{"rendered":"<figure id=\"attachment_83828\" aria-describedby=\"caption-attachment-83828\" style=\"width: 720px\" class=\"wp-caption aligncenter\"><img loading=\"lazy\" decoding=\"async\" data-attachment-id=\"83828\" data-permalink=\"https:\/\/www.hoymercedes.com.ar\/principal\/2018\/11\/10\/camino-de-los-bodegones-arranco-a-pleno-pero-el-clima-obligo-a-reprogramar\/bodegonesdsc03347\/#main\" data-orig-file=\"https:\/\/www.hoymercedes.com.ar\/principal\/wp-content\/uploads\/2018\/11\/bodegonesDSC03347.jpg\" data-orig-size=\"730,411\" data-comments-opened=\"0\" data-image-meta=\"{&quot;aperture&quot;:&quot;0&quot;,&quot;credit&quot;:&quot;&quot;,&quot;camera&quot;:&quot;&quot;,&quot;caption&quot;:&quot;&quot;,&quot;created_timestamp&quot;:&quot;0&quot;,&quot;copyright&quot;:&quot;&quot;,&quot;focal_length&quot;:&quot;0&quot;,&quot;iso&quot;:&quot;0&quot;,&quot;shutter_speed&quot;:&quot;0&quot;,&quot;title&quot;:&quot;&quot;,&quot;orientation&quot;:&quot;0&quot;}\" data-image-title=\"bodegonesDSC03347\" data-image-description=\"\" data-image-caption=\"&lt;p&gt;Camino de los Bodegones&lt;\/p&gt;\n\" data-large-file=\"https:\/\/www.hoymercedes.com.ar\/principal\/wp-content\/uploads\/2018\/11\/bodegonesDSC03347.jpg\" class=\"size-full wp-image-83828\" src=\"https:\/\/www.hoymercedes.com.ar\/principal\/wp-content\/uploads\/2018\/11\/bodegonesDSC03347.jpg\" alt=\"\" width=\"730\" height=\"411\" srcset=\"https:\/\/www.hoymercedes.com.ar\/principal\/wp-content\/uploads\/2018\/11\/bodegonesDSC03347.jpg 730w, https:\/\/www.hoymercedes.com.ar\/principal\/wp-content\/uploads\/2018\/11\/bodegonesDSC03347-150x84.jpg 150w, https:\/\/www.hoymercedes.com.ar\/principal\/wp-content\/uploads\/2018\/11\/bodegonesDSC03347-630x355.jpg 630w\" sizes=\"auto, (max-width: 730px) 100vw, 730px\" \/><figcaption id=\"caption-attachment-83828\" class=\"wp-caption-text\">Camino de los Bodegones<\/figcaption><\/figure>\n<p>El \u201cCamino de los Bodegones\u201d planificado pare este fin de semana arranc\u00f3 con una enorme cantidad de p\u00fablico que colm\u00f3 las instalaciones preparadas en la noche del jueves, pero, el mal clima oblig\u00f3 a postergar las siguientes. Oveja, Cacho Dicatarina, Laurino, Lo de Puri y lo de Curly iban a ser tambi\u00e9n escenarios dentro de la propuesta cultual.<\/p>\n<p>La primera jornada se vivi\u00f3 en \u201cBar La vieja Esquina\u201d donde gran cantidad de asistentes se hicieron presentes para disfrutar de la velada que cont\u00f3 con un show en vivo de la Tanna Ramponi haciendo m\u00fasica country y blus mientras que el arte estuvo a cargo de Luciana Aguiar.<\/p>\n<figure id=\"attachment_83829\" aria-describedby=\"caption-attachment-83829\" style=\"width: 720px\" class=\"wp-caption aligncenter\"><img loading=\"lazy\" decoding=\"async\" data-attachment-id=\"83829\" data-permalink=\"https:\/\/www.hoymercedes.com.ar\/principal\/2018\/11\/10\/camino-de-los-bodegones-arranco-a-pleno-pero-el-clima-obligo-a-reprogramar\/bodegonesdsc03340\/#main\" data-orig-file=\"https:\/\/www.hoymercedes.com.ar\/principal\/wp-content\/uploads\/2018\/11\/bodegonesDSC03340.jpg\" data-orig-size=\"730,411\" data-comments-opened=\"0\" data-image-meta=\"{&quot;aperture&quot;:&quot;0&quot;,&quot;credit&quot;:&quot;&quot;,&quot;camera&quot;:&quot;&quot;,&quot;caption&quot;:&quot;&quot;,&quot;created_timestamp&quot;:&quot;0&quot;,&quot;copyright&quot;:&quot;&quot;,&quot;focal_length&quot;:&quot;0&quot;,&quot;iso&quot;:&quot;0&quot;,&quot;shutter_speed&quot;:&quot;0&quot;,&quot;title&quot;:&quot;&quot;,&quot;orientation&quot;:&quot;0&quot;}\" data-image-title=\"bodegonesDSC03340\" data-image-description=\"\" data-image-caption=\"&lt;p&gt;Primera noche&lt;\/p&gt;\n\" data-large-file=\"https:\/\/www.hoymercedes.com.ar\/principal\/wp-content\/uploads\/2018\/11\/bodegonesDSC03340.jpg\" class=\"size-full wp-image-83829\" src=\"https:\/\/www.hoymercedes.com.ar\/principal\/wp-content\/uploads\/2018\/11\/bodegonesDSC03340.jpg\" alt=\"\" width=\"730\" height=\"411\" srcset=\"https:\/\/www.hoymercedes.com.ar\/principal\/wp-content\/uploads\/2018\/11\/bodegonesDSC03340.jpg 730w, https:\/\/www.hoymercedes.com.ar\/principal\/wp-content\/uploads\/2018\/11\/bodegonesDSC03340-150x84.jpg 150w, https:\/\/www.hoymercedes.com.ar\/principal\/wp-content\/uploads\/2018\/11\/bodegonesDSC03340-630x355.jpg 630w\" sizes=\"auto, (max-width: 730px) 100vw, 730px\" \/><figcaption id=\"caption-attachment-83829\" class=\"wp-caption-text\">Primera noche<\/figcaption><\/figure>\n<p>\u201cRealmente la primera noche fue magnifica. Hubo una gran cantidad de p\u00fablico y se llen\u00f3 el lugar\u201d, comentaron desde la organizaci\u00f3n destacando que \u201ces parte de la idea de la generaci\u00f3n de esta actividad, que los vecinos se encuentren, disfruten, se generen recorridas por los espacios hist\u00f3ricos de la ciudad, pero, tambi\u00e9n que se mueva el comercio local en momentos en que m\u00e1s se necesita apuntalar las fuentes de trabajo\u201d, expresaron desde la Comuna.<\/p>\n<p>La propuesta es una acci\u00f3n generada desde las direcciones de cultura y turismo en conjunto con los denominados \u201cbodegones\u201d de Mercedes.<\/p>\n<p><img loading=\"lazy\" decoding=\"async\" data-attachment-id=\"83831\" data-permalink=\"https:\/\/www.hoymercedes.com.ar\/principal\/2018\/11\/10\/camino-de-los-bodegones-arranco-a-pleno-pero-el-clima-obligo-a-reprogramar\/bodegonesdsc03350\/#main\" data-orig-file=\"https:\/\/www.hoymercedes.com.ar\/principal\/wp-content\/uploads\/2018\/11\/bodegonesDSC03350.jpg\" data-orig-size=\"730,411\" data-comments-opened=\"0\" data-image-meta=\"{&quot;aperture&quot;:&quot;0&quot;,&quot;credit&quot;:&quot;&quot;,&quot;camera&quot;:&quot;&quot;,&quot;caption&quot;:&quot;&quot;,&quot;created_timestamp&quot;:&quot;0&quot;,&quot;copyright&quot;:&quot;&quot;,&quot;focal_length&quot;:&quot;0&quot;,&quot;iso&quot;:&quot;0&quot;,&quot;shutter_speed&quot;:&quot;0&quot;,&quot;title&quot;:&quot;&quot;,&quot;orientation&quot;:&quot;0&quot;}\" data-image-title=\"bodegonesDSC03350\" data-image-description=\"\" data-image-caption=\"\" data-large-file=\"https:\/\/www.hoymercedes.com.ar\/principal\/wp-content\/uploads\/2018\/11\/bodegonesDSC03350.jpg\" class=\"aligncenter size-full wp-image-83831\" src=\"https:\/\/www.hoymercedes.com.ar\/principal\/wp-content\/uploads\/2018\/11\/bodegonesDSC03350.jpg\" alt=\"\" width=\"730\" height=\"411\" srcset=\"https:\/\/www.hoymercedes.com.ar\/principal\/wp-content\/uploads\/2018\/11\/bodegonesDSC03350.jpg 730w, https:\/\/www.hoymercedes.com.ar\/principal\/wp-content\/uploads\/2018\/11\/bodegonesDSC03350-150x84.jpg 150w, https:\/\/www.hoymercedes.com.ar\/principal\/wp-content\/uploads\/2018\/11\/bodegonesDSC03350-630x355.jpg 630w\" sizes=\"auto, (max-width: 730px) 100vw, 730px\" \/><\/p>\n<p>Cada una de las fechas programadas tiene exposiciones musicales en vivo y art\u00edsticas, son al aire libre y por eso el mal clima de este fin de semana, que oblig\u00f3 a postergar acciones en distintos espacios, gener\u00f3 tambi\u00e9n la cancelaci\u00f3n del Camino de los Bodegones para las pr\u00f3ximas semanas.<\/p>\n<p>Se inform\u00f3 tambi\u00e9n que pronto se estar\u00e1n dando los nuevos d\u00edas y horarios con el objetivo de informar a los vecinos y as\u00ed puedan todos asistir, al igual que seguir dando lugar al arte y la cultura mercedina.<\/p>\n<figure id=\"attachment_83830\" aria-describedby=\"caption-attachment-83830\" style=\"width: 720px\" class=\"wp-caption aligncenter\"><img loading=\"lazy\" decoding=\"async\" data-attachment-id=\"83830\" data-permalink=\"https:\/\/www.hoymercedes.com.ar\/principal\/2018\/11\/10\/camino-de-los-bodegones-arranco-a-pleno-pero-el-clima-obligo-a-reprogramar\/bodegonesdsc03334\/#main\" data-orig-file=\"https:\/\/www.hoymercedes.com.ar\/principal\/wp-content\/uploads\/2018\/11\/bodegonesDSC03334.jpg\" data-orig-size=\"730,411\" data-comments-opened=\"0\" data-image-meta=\"{&quot;aperture&quot;:&quot;0&quot;,&quot;credit&quot;:&quot;&quot;,&quot;camera&quot;:&quot;&quot;,&quot;caption&quot;:&quot;&quot;,&quot;created_timestamp&quot;:&quot;0&quot;,&quot;copyright&quot;:&quot;&quot;,&quot;focal_length&quot;:&quot;0&quot;,&quot;iso&quot;:&quot;0&quot;,&quot;shutter_speed&quot;:&quot;0&quot;,&quot;title&quot;:&quot;&quot;,&quot;orientation&quot;:&quot;0&quot;}\" data-image-title=\"bodegonesDSC03334\" data-image-description=\"\" data-image-caption=\"&lt;p&gt;Arte y m\u00fasica en la propuesta cultural &lt;\/p&gt;\n\" data-large-file=\"https:\/\/www.hoymercedes.com.ar\/principal\/wp-content\/uploads\/2018\/11\/bodegonesDSC03334.jpg\" class=\"size-full wp-image-83830\" src=\"https:\/\/www.hoymercedes.com.ar\/principal\/wp-content\/uploads\/2018\/11\/bodegonesDSC03334.jpg\" alt=\"\" width=\"730\" height=\"411\" srcset=\"https:\/\/www.hoymercedes.com.ar\/principal\/wp-content\/uploads\/2018\/11\/bodegonesDSC03334.jpg 730w, https:\/\/www.hoymercedes.com.ar\/principal\/wp-content\/uploads\/2018\/11\/bodegonesDSC03334-150x84.jpg 150w, https:\/\/www.hoymercedes.com.ar\/principal\/wp-content\/uploads\/2018\/11\/bodegonesDSC03334-630x355.jpg 630w\" sizes=\"auto, (max-width: 730px) 100vw, 730px\" \/><figcaption id=\"caption-attachment-83830\" class=\"wp-caption-text\">Arte y m\u00fasica en la propuesta cultural<\/figcaption><\/figure>\n<p>&nbsp;<\/p>\n<p><span style=\"color: #808080;\">Data: Dir.Turismo<\/span><\/p>\n","protected":false},"excerpt":{"rendered":"<p>El \u201cCamino de los Bodegones\u201d planificado pare este fin de semana arranc\u00f3 con una enorme cantidad de p\u00fablico que colm\u00f3 &#8230; <a title=\"\u00abCamino de los Bodegones\u00bb arranc\u00f3 a pleno, pero el clima oblig\u00f3 a reprogramar\" class=\"read-more\" href=\"https:\/\/www.hoymercedes.com.ar\/principal\/2018\/11\/10\/camino-de-los-bodegones-arranco-a-pleno-pero-el-clima-obligo-a-reprogramar\/\" aria-label=\"Leer m\u00e1s sobre \u00abCamino de los Bodegones\u00bb arranc\u00f3 a pleno, pero el clima oblig\u00f3 a reprogramar\">Leer m\u00e1s<\/a><\/p>\n","protected":false},"author":1,"featured_media":83828,"comment_status":"closed","ping_status":"open","sticky":false,"template":"","format":"standard","meta":{"_monsterinsights_skip_tracking":false,"_monsterinsights_sitenote_active":false,"_monsterinsights_sitenote_note":"","_monsterinsights_sitenote_category":0,"jetpack_post_was_ever_published":false,"_jetpack_newsletter_access":"","_jetpack_dont_email_post_to_subs":false,"_jetpack_newsletter_tier_id":0,"_jetpack_memberships_contains_paywalled_content":false,"_jetpack_memberships_contains_paid_content":false,"footnotes":"","jetpack_publicize_message":"","jetpack_publicize_feature_enabled":true,"jetpack_social_post_already_shared":true,"jetpack_social_options":{"image_generator_settings":{"template":"highway","default_image_id":0,"font":"","enabled":false},"version":2},"_wpas_customize_per_network":false},"categories":[30],"tags":[12164],"class_list":["post-83827","post","type-post","status-publish","format-standard","has-post-thumbnail","hentry","category-municipio","tag-camino-de-los-bodegones","generate-columns","tablet-grid-50","mobile-grid-100","grid-parent","grid-50"],"jetpack_publicize_connections":[],"jetpack_featured_media_url":"https:\/\/www.hoymercedes.com.ar\/principal\/wp-content\/uploads\/2018\/11\/bodegonesDSC03347.jpg","wps_subtitle":"Cultura y arte","jetpack_sharing_enabled":true,"_links":{"self":[{"href":"https:\/\/www.hoymercedes.com.ar\/principal\/wp-json\/wp\/v2\/posts\/83827","targetHints":{"allow":["GET"]}}],"collection":[{"href":"https:\/\/www.hoymercedes.com.ar\/principal\/wp-json\/wp\/v2\/posts"}],"about":[{"href":"https:\/\/www.hoymercedes.com.ar\/principal\/wp-json\/wp\/v2\/types\/post"}],"author":[{"embeddable":true,"href":"https:\/\/www.hoymercedes.com.ar\/principal\/wp-json\/wp\/v2\/users\/1"}],"replies":[{"embeddable":true,"href":"https:\/\/www.hoymercedes.com.ar\/principal\/wp-json\/wp\/v2\/comments?post=83827"}],"version-history":[{"count":0,"href":"https:\/\/www.hoymercedes.com.ar\/principal\/wp-json\/wp\/v2\/posts\/83827\/revisions"}],"wp:featuredmedia":[{"embeddable":true,"href":"https:\/\/www.hoymercedes.com.ar\/principal\/wp-json\/wp\/v2\/media\/83828"}],"wp:attachment":[{"href":"https:\/\/www.hoymercedes.com.ar\/principal\/wp-json\/wp\/v2\/media?parent=83827"}],"wp:term":[{"taxonomy":"category","embeddable":true,"href":"https:\/\/www.hoymercedes.com.ar\/principal\/wp-json\/wp\/v2\/categories?post=83827"},{"taxonomy":"post_tag","embeddable":true,"href":"https:\/\/www.hoymercedes.com.ar\/principal\/wp-json\/wp\/v2\/tags?post=83827"}],"curies":[{"name":"wp","href":"https:\/\/api.w.org\/{rel}","templated":true}]}}