{"id":83842,"date":"2018-11-13T18:40:47","date_gmt":"2018-11-13T21:40:47","guid":{"rendered":"http:\/\/www.hoymercedes.com.ar\/principal\/?p=83842"},"modified":"2018-11-13T22:02:28","modified_gmt":"2018-11-14T01:02:28","slug":"el-dubarry-tendra-estaciones-saludables-para-medir-la-glucosa","status":"publish","type":"post","link":"https:\/\/www.hoymercedes.com.ar\/principal\/2018\/11\/13\/el-dubarry-tendra-estaciones-saludables-para-medir-la-glucosa\/","title":{"rendered":"El Dubarry tendr\u00e1 estaciones saludables para medir la glucosa"},"content":{"rendered":"<p>Desde las 8 de la ma\u00f1ana de este mi\u00e9rcoles 14, equipo del SAPEC del Hospital Dubarry controlar\u00e1n la glucosa en el hall del nosocomio e instalar\u00e1n estaciones saludables para brindar informaci\u00f3n sobre la diabetes, despu\u00e9s de las 9:30 horas.<\/p>\n<p><img loading=\"lazy\" decoding=\"async\" data-attachment-id=\"83844\" data-permalink=\"https:\/\/www.hoymercedes.com.ar\/principal\/2018\/11\/13\/el-dubarry-tendra-estaciones-saludables-para-medir-la-glucosa\/13-hospital\/#main\" data-orig-file=\"https:\/\/www.hoymercedes.com.ar\/principal\/wp-content\/uploads\/2018\/11\/13-hospital.jpg\" data-orig-size=\"816,612\" data-comments-opened=\"0\" data-image-meta=\"{&quot;aperture&quot;:&quot;0&quot;,&quot;credit&quot;:&quot;&quot;,&quot;camera&quot;:&quot;&quot;,&quot;caption&quot;:&quot;&quot;,&quot;created_timestamp&quot;:&quot;0&quot;,&quot;copyright&quot;:&quot;&quot;,&quot;focal_length&quot;:&quot;0&quot;,&quot;iso&quot;:&quot;0&quot;,&quot;shutter_speed&quot;:&quot;0&quot;,&quot;title&quot;:&quot;&quot;,&quot;orientation&quot;:&quot;0&quot;}\" data-image-title=\"13 hospital\" data-image-description=\"\" data-image-caption=\"\" data-large-file=\"https:\/\/www.hoymercedes.com.ar\/principal\/wp-content\/uploads\/2018\/11\/13-hospital.jpg\" class=\"aligncenter size-full wp-image-83844\" src=\"https:\/\/www.hoymercedes.com.ar\/principal\/wp-content\/uploads\/2018\/11\/13-hospital.jpg\" alt=\"\" width=\"816\" height=\"612\" srcset=\"https:\/\/www.hoymercedes.com.ar\/principal\/wp-content\/uploads\/2018\/11\/13-hospital.jpg 816w, https:\/\/www.hoymercedes.com.ar\/principal\/wp-content\/uploads\/2018\/11\/13-hospital-150x113.jpg 150w, https:\/\/www.hoymercedes.com.ar\/principal\/wp-content\/uploads\/2018\/11\/13-hospital-630x473.jpg 630w\" sizes=\"auto, (max-width: 816px) 100vw, 816px\" \/><\/p>\n<p>El D\u00eda Mundial de la Diabetes, se celebra el 14 de noviembre en coincidencia con el nacimiento de Frederick Banting, uno de los participantes en el descubrimiento y la utilizaci\u00f3n de la insulina para el tratamiento de la diabetes. El objetivo de introducir el D\u00eda Mundial de la Diabetes, fue concientizar acerca del aumento de la prevalencia de diabetes a nivel mundial, habiendo en el a\u00f1o 2017 aproximadamente 425 millones de personas con diabetes, previendo un aumento para el 2045 a 629 millones. En Argentina seg\u00fan la Encuesta Nacional de Factores de Riesgo, la prevalencia de diabetes constituye el 9,8% de la poblaci\u00f3n.<\/p>\n<p>La diabetes comprende a un grupo de enfermedades metab\u00f3licas caracterizadas por un estado de hiperglucemia cr\u00f3nico producido por defectos en la secreci\u00f3n y\/o la acci\u00f3n de la insulina. Existen distintos tipos de diabetes: la diabetes tipo 1, en la hay una d\u00e9ficit absoluto en la secreci\u00f3n pancre\u00e1tica de insulina; la diabetes tipo 2, en la que hay una p\u00e9rdida progresiva de secreci\u00f3n de insulina, en un marco de resistencia a la insulina; la diabetes gestacional, que es diagnosticada en el segundo o tercer trimestre del embarazo; y tipos espec\u00edficos de diabetes, como lo son las secundarias a enfermedades del p\u00e1ncreas exocrino, asociadas a medicamentos, entre otras.<\/p>\n<p>La diabetes tipo 2, que es el tipo m\u00e1s frecuente, es una enfermedad que prevenible o, en su defecto, puede retrasarse su aparici\u00f3n, por lo cual es importante educar a la poblaci\u00f3n acerca de cu\u00e1les son los factores de riesgo y que estrategias reducen el riesgo de aparici\u00f3n de la misma.<\/p>\n<p>Las personas que tienen m\u00e1s riesgo de desarrollar diabetes y que deber\u00edan por lo tanto estudiarse, son aquellos mayores de 45 a\u00f1os, con sobrepeso u obesidad, con antecedentes familiares de diabetes tipo 2, con h\u00e1bitos alimentarios poco saludables, con h\u00e1bito sedentario, antecedente de diabetes en el embarazo, o personas con otros factores de riesgo como hipertensi\u00f3n arterial, tabaquismo y dislipemia. El diagn\u00f3stico se realiza con una glucemia en ayunas o una prueba de tolerancia oral a la glucosa.<\/p>\n<p>La diabetes puede ser asintom\u00e1tica por muchos a\u00f1os. Cuando aparecen los s\u00edntomas estos pueden incluir sed y boca seca, aumento del apetito, p\u00e9rdida de peso inexplicada, necesidad de micci\u00f3n frecuente, cansancio, hormigueo y entumecimiento de manos o pies, visi\u00f3n borrosa, infecciones f\u00fangicas en piel frecuentes y lentitud en curaci\u00f3n de heridas.<\/p>\n<p>El manejo \u00f3ptimo de la diabetes requiere de un sistema organizado formado por profesionales orientados en la atenci\u00f3n integral del paciente. Incluye la participaci\u00f3n de m\u00e9dicos, enfermeros, nutricionistas, kinesi\u00f3logos, profesores de educaci\u00f3n f\u00edsica, educadores, psic\u00f3logos, pod\u00f3logos, trabajadores sociales, entre otros. En SAPEC contamos con muchos de estos agentes de salud que trabajan en forma interdisciplinaria.<\/p>\n<p>El tratamiento de la diabetes se basa en cuatro pilares, que tienen igual importancia, que comprenden un plan alimentario saludable, actividad f\u00edsica regular, educaci\u00f3n<\/p>\n<p>continua y el tratamiento con medicamentos. Si bien existen actualmente una gran variedad de tratamientos no insul\u00ednicos e insul\u00ednicos para la diabetes, es fundamental que el mismo sea individualizado de acuerdo a las caracter\u00edsticas de cada paciente.<\/p>\n<p>El objetivo del tratamiento de la diabetes es prevenir las complicaciones por la enfermedad, que incluyen la retinopat\u00eda diab\u00e9tica, la neuropat\u00eda diab\u00e9tica, la nefropat\u00eda diab\u00e9tica, la cardiomiopat\u00eda diab\u00e9tica, el pie diab\u00e9tico, la enfermedad periodontal, entre otras. Con un buen control gluc\u00e9mico y seguimiento interdisciplinario, pueden evitarse la aparici\u00f3n de las mismas, que impactan en la calidad de vida del individuo y su entorno.<\/p>\n<p>Este a\u00f1o el d\u00eda de la Diabetes se centrar\u00e1 en la diabetes y la familia, con el objetivo de concientizar acerca del impacto que la diabetes tiene en la familia y la red de apoyo de los afectados, y de esta forma promover la participaci\u00f3n de la familia en la gesti\u00f3n, cuidado, prevenci\u00f3n y educaci\u00f3n en diabetes.<\/p>\n<p>Desde SAPEC se realizar\u00e1 el mi\u00e9rcoles 14 de noviembre por la ma\u00f1ana, una jornada de concientizaci\u00f3n en la que se podr\u00e1 intercambiar experiencias e inquietudes con todos los integrantes del equipo de salud y con las personas que se acerquen.<\/p>\n<p>Mi\u00e9rcoles 14 de noviembre:<\/p>\n<p>8:00 Hall de entrada del Hospital Blas L. Dubarry: medici\u00f3n de glucosa capilar<\/p>\n<p>9:30 Estaciones Saludables a cargo de equipo interdisciplinario en SAPEC (calle 10 y 37)<\/p>\n<p>&nbsp;<\/p>\n","protected":false},"excerpt":{"rendered":"<p>Desde las 8 de la ma\u00f1ana de este mi\u00e9rcoles 14, equipo del SAPEC del Hospital Dubarry controlar\u00e1n la glucosa en &#8230; <a title=\"El Dubarry tendr\u00e1 estaciones saludables para medir la glucosa\" class=\"read-more\" href=\"https:\/\/www.hoymercedes.com.ar\/principal\/2018\/11\/13\/el-dubarry-tendra-estaciones-saludables-para-medir-la-glucosa\/\" aria-label=\"Leer m\u00e1s sobre El Dubarry tendr\u00e1 estaciones saludables para medir la glucosa\">Leer m\u00e1s<\/a><\/p>\n","protected":false},"author":1,"featured_media":83844,"comment_status":"closed","ping_status":"open","sticky":false,"template":"","format":"standard","meta":{"_monsterinsights_skip_tracking":false,"_monsterinsights_sitenote_active":false,"_monsterinsights_sitenote_note":"","_monsterinsights_sitenote_category":0,"jetpack_post_was_ever_published":false,"_jetpack_newsletter_access":"","_jetpack_dont_email_post_to_subs":false,"_jetpack_newsletter_tier_id":0,"_jetpack_memberships_contains_paywalled_content":false,"_jetpack_memberships_contains_paid_content":false,"footnotes":"","jetpack_publicize_message":"","jetpack_publicize_feature_enabled":true,"jetpack_social_post_already_shared":true,"jetpack_social_options":{"image_generator_settings":{"template":"highway","default_image_id":0,"font":"","enabled":false},"version":2},"_wpas_customize_per_network":false},"categories":[9791],"tags":[10170,140,134,13798],"class_list":["post-83842","post","type-post","status-publish","format-standard","has-post-thumbnail","hentry","category-salud","tag-diabetes","tag-hospital-dubarry","tag-salud","tag-sapec","generate-columns","tablet-grid-50","mobile-grid-100","grid-parent","grid-50"],"jetpack_publicize_connections":[],"jetpack_featured_media_url":"https:\/\/www.hoymercedes.com.ar\/principal\/wp-content\/uploads\/2018\/11\/13-hospital.jpg","wps_subtitle":"14  de noviembre D\u00eda Mundial de la Diabetes","jetpack_sharing_enabled":true,"_links":{"self":[{"href":"https:\/\/www.hoymercedes.com.ar\/principal\/wp-json\/wp\/v2\/posts\/83842","targetHints":{"allow":["GET"]}}],"collection":[{"href":"https:\/\/www.hoymercedes.com.ar\/principal\/wp-json\/wp\/v2\/posts"}],"about":[{"href":"https:\/\/www.hoymercedes.com.ar\/principal\/wp-json\/wp\/v2\/types\/post"}],"author":[{"embeddable":true,"href":"https:\/\/www.hoymercedes.com.ar\/principal\/wp-json\/wp\/v2\/users\/1"}],"replies":[{"embeddable":true,"href":"https:\/\/www.hoymercedes.com.ar\/principal\/wp-json\/wp\/v2\/comments?post=83842"}],"version-history":[{"count":0,"href":"https:\/\/www.hoymercedes.com.ar\/principal\/wp-json\/wp\/v2\/posts\/83842\/revisions"}],"wp:featuredmedia":[{"embeddable":true,"href":"https:\/\/www.hoymercedes.com.ar\/principal\/wp-json\/wp\/v2\/media\/83844"}],"wp:attachment":[{"href":"https:\/\/www.hoymercedes.com.ar\/principal\/wp-json\/wp\/v2\/media?parent=83842"}],"wp:term":[{"taxonomy":"category","embeddable":true,"href":"https:\/\/www.hoymercedes.com.ar\/principal\/wp-json\/wp\/v2\/categories?post=83842"},{"taxonomy":"post_tag","embeddable":true,"href":"https:\/\/www.hoymercedes.com.ar\/principal\/wp-json\/wp\/v2\/tags?post=83842"}],"curies":[{"name":"wp","href":"https:\/\/api.w.org\/{rel}","templated":true}]}}