{"id":83879,"date":"2018-11-12T16:46:11","date_gmt":"2018-11-12T19:46:11","guid":{"rendered":"http:\/\/www.hoymercedes.com.ar\/principal\/?p=83879"},"modified":"2018-11-12T16:46:11","modified_gmt":"2018-11-12T19:46:11","slug":"inauguran-documental-fotografico-de-estrellas-amarillas","status":"publish","type":"post","link":"https:\/\/www.hoymercedes.com.ar\/principal\/2018\/11\/12\/inauguran-documental-fotografico-de-estrellas-amarillas\/","title":{"rendered":"Inauguran documental fotogr\u00e1fico de Estrellas Amarillas"},"content":{"rendered":"<p>El pr\u00f3ximo domingo 18 de noviembre, la fot\u00f3grafa Evelina Zunino acompa\u00f1ada por el Grupo Estrellas Amarillas Mercedes inauguran una muestra de im\u00e1genes, un documental fotogr\u00e1fico de las actividades que las integrantes del grupo \u00abque transforma el dolor en amor\u00bb lleva adelante al recordar a la v\u00edctimas fatales de siniestros viales.<\/p>\n<p>A la hora 16, en el Museo de Arte \u00abMunicipalidad de Mercedes\u00bb se inaugurar\u00e1 la exposici\u00f3n que busca \u00abplasmar en una imagen la Estrella Amarilla que simboliza que all\u00ed hubo una v\u00edctima fatal\u00bb, \u00ablograr una r\u00e1pida asociaci\u00f3n entre el s\u00edmbolo pintado en la se\u00f1alizacion, los riesgos de sufrir un siniestro y la necesidad de lograr una sociedad que pueda auto educarse en normas viales, manteniendo un respeto \u00edntegro con la vida propia y la de los dem\u00e1s\u00bb.<\/p>\n<p>Adem\u00e1s de \u00abcolaborar con la campa\u00f1a de Prevenci\u00f3n, Concientizaci\u00f3n vial y Acompa\u00f1amiento a cada una de las familias v\u00edctimas de los siniestros e\u00a0impactar fuertemente a trav\u00e9s de las Fotos , promoviendo un cambio de actitud a trav\u00e9s de la concientizaci\u00f3n y educaci\u00f3n vial, buscando despertar una actividad pro-activa por parte de la ciudadan\u00eda\u00bb.<\/p>\n<p><img loading=\"lazy\" decoding=\"async\" data-attachment-id=\"83880\" data-permalink=\"https:\/\/www.hoymercedes.com.ar\/principal\/2018\/11\/12\/inauguran-documental-fotografico-de-estrellas-amarillas\/12-muestra-evelina\/#main\" data-orig-file=\"https:\/\/www.hoymercedes.com.ar\/principal\/wp-content\/uploads\/2018\/11\/12-muestra-evelina.jpg\" data-orig-size=\"898,678\" data-comments-opened=\"0\" data-image-meta=\"{&quot;aperture&quot;:&quot;0&quot;,&quot;credit&quot;:&quot;&quot;,&quot;camera&quot;:&quot;&quot;,&quot;caption&quot;:&quot;&quot;,&quot;created_timestamp&quot;:&quot;0&quot;,&quot;copyright&quot;:&quot;&quot;,&quot;focal_length&quot;:&quot;0&quot;,&quot;iso&quot;:&quot;0&quot;,&quot;shutter_speed&quot;:&quot;0&quot;,&quot;title&quot;:&quot;&quot;,&quot;orientation&quot;:&quot;0&quot;}\" data-image-title=\"12 muestra evelina\" data-image-description=\"\" data-image-caption=\"\" data-large-file=\"https:\/\/www.hoymercedes.com.ar\/principal\/wp-content\/uploads\/2018\/11\/12-muestra-evelina.jpg\" class=\"aligncenter size-full wp-image-83880\" src=\"https:\/\/www.hoymercedes.com.ar\/principal\/wp-content\/uploads\/2018\/11\/12-muestra-evelina.jpg\" alt=\"\" width=\"898\" height=\"678\" srcset=\"https:\/\/www.hoymercedes.com.ar\/principal\/wp-content\/uploads\/2018\/11\/12-muestra-evelina.jpg 898w, https:\/\/www.hoymercedes.com.ar\/principal\/wp-content\/uploads\/2018\/11\/12-muestra-evelina-150x113.jpg 150w, https:\/\/www.hoymercedes.com.ar\/principal\/wp-content\/uploads\/2018\/11\/12-muestra-evelina-630x476.jpg 630w\" sizes=\"auto, (max-width: 898px) 100vw, 898px\" \/><\/p>\n","protected":false},"excerpt":{"rendered":"<p>El pr\u00f3ximo domingo 18 de noviembre, la fot\u00f3grafa Evelina Zunino acompa\u00f1ada por el Grupo Estrellas Amarillas Mercedes inauguran una muestra &#8230; <a title=\"Inauguran documental fotogr\u00e1fico de Estrellas Amarillas\" class=\"read-more\" href=\"https:\/\/www.hoymercedes.com.ar\/principal\/2018\/11\/12\/inauguran-documental-fotografico-de-estrellas-amarillas\/\" aria-label=\"Leer m\u00e1s sobre Inauguran documental fotogr\u00e1fico de Estrellas Amarillas\">Leer m\u00e1s<\/a><\/p>\n","protected":false},"author":1,"featured_media":83880,"comment_status":"closed","ping_status":"open","sticky":false,"template":"","format":"standard","meta":{"_monsterinsights_skip_tracking":false,"_monsterinsights_sitenote_active":false,"_monsterinsights_sitenote_note":"","_monsterinsights_sitenote_category":0,"jetpack_post_was_ever_published":false,"_jetpack_newsletter_access":"","_jetpack_dont_email_post_to_subs":false,"_jetpack_newsletter_tier_id":0,"_jetpack_memberships_contains_paywalled_content":false,"_jetpack_memberships_contains_paid_content":false,"footnotes":"","jetpack_publicize_message":"","jetpack_publicize_feature_enabled":true,"jetpack_social_post_already_shared":true,"jetpack_social_options":{"image_generator_settings":{"template":"highway","default_image_id":0,"font":"","enabled":false},"version":2},"_wpas_customize_per_network":false},"categories":[104],"tags":[7805,11115,1034,8674,10,8715],"class_list":["post-83879","post","type-post","status-publish","format-standard","has-post-thumbnail","hentry","category-cultura","tag-cultura","tag-estrellas-amarillas-mercedes","tag-fotografia","tag-mamm","tag-mercedes","tag-muestra","generate-columns","tablet-grid-50","mobile-grid-100","grid-parent","grid-50"],"jetpack_publicize_connections":[],"jetpack_featured_media_url":"https:\/\/www.hoymercedes.com.ar\/principal\/wp-content\/uploads\/2018\/11\/12-muestra-evelina.jpg","wps_subtitle":"Muestra de Evelina Zunino","jetpack_sharing_enabled":true,"_links":{"self":[{"href":"https:\/\/www.hoymercedes.com.ar\/principal\/wp-json\/wp\/v2\/posts\/83879","targetHints":{"allow":["GET"]}}],"collection":[{"href":"https:\/\/www.hoymercedes.com.ar\/principal\/wp-json\/wp\/v2\/posts"}],"about":[{"href":"https:\/\/www.hoymercedes.com.ar\/principal\/wp-json\/wp\/v2\/types\/post"}],"author":[{"embeddable":true,"href":"https:\/\/www.hoymercedes.com.ar\/principal\/wp-json\/wp\/v2\/users\/1"}],"replies":[{"embeddable":true,"href":"https:\/\/www.hoymercedes.com.ar\/principal\/wp-json\/wp\/v2\/comments?post=83879"}],"version-history":[{"count":0,"href":"https:\/\/www.hoymercedes.com.ar\/principal\/wp-json\/wp\/v2\/posts\/83879\/revisions"}],"wp:featuredmedia":[{"embeddable":true,"href":"https:\/\/www.hoymercedes.com.ar\/principal\/wp-json\/wp\/v2\/media\/83880"}],"wp:attachment":[{"href":"https:\/\/www.hoymercedes.com.ar\/principal\/wp-json\/wp\/v2\/media?parent=83879"}],"wp:term":[{"taxonomy":"category","embeddable":true,"href":"https:\/\/www.hoymercedes.com.ar\/principal\/wp-json\/wp\/v2\/categories?post=83879"},{"taxonomy":"post_tag","embeddable":true,"href":"https:\/\/www.hoymercedes.com.ar\/principal\/wp-json\/wp\/v2\/tags?post=83879"}],"curies":[{"name":"wp","href":"https:\/\/api.w.org\/{rel}","templated":true}]}}