{"id":83902,"date":"2018-11-12T22:00:19","date_gmt":"2018-11-13T01:00:19","guid":{"rendered":"http:\/\/www.hoymercedes.com.ar\/principal\/?p=83902"},"modified":"2018-11-12T21:05:45","modified_gmt":"2018-11-13T00:05:45","slug":"secretaria-de-seguridad-capacita-su-personal-en-jornadas-internacionales-sobre-peritaje-de-automoviles-y-revenidos-quimicos","status":"publish","type":"post","link":"https:\/\/www.hoymercedes.com.ar\/principal\/2018\/11\/12\/secretaria-de-seguridad-capacita-su-personal-en-jornadas-internacionales-sobre-peritaje-de-automoviles-y-revenidos-quimicos\/","title":{"rendered":"Secretar\u00eda de Seguridad capacita su personal en jornadas internacionales sobre \u201cperitaje de autom\u00f3viles\u201d y \u201cRevenidos qu\u00edmicos"},"content":{"rendered":"<p style=\"font-weight: 400;\"><img loading=\"lazy\" decoding=\"async\" data-attachment-id=\"83903\" data-permalink=\"https:\/\/www.hoymercedes.com.ar\/principal\/2018\/11\/12\/secretaria-de-seguridad-capacita-su-personal-en-jornadas-internacionales-sobre-peritaje-de-automoviles-y-revenidos-quimicos\/g\/#main\" data-orig-file=\"https:\/\/www.hoymercedes.com.ar\/principal\/wp-content\/uploads\/2018\/11\/g.jpeg\" data-orig-size=\"1280,960\" data-comments-opened=\"0\" data-image-meta=\"{&quot;aperture&quot;:&quot;0&quot;,&quot;credit&quot;:&quot;&quot;,&quot;camera&quot;:&quot;&quot;,&quot;caption&quot;:&quot;&quot;,&quot;created_timestamp&quot;:&quot;0&quot;,&quot;copyright&quot;:&quot;&quot;,&quot;focal_length&quot;:&quot;0&quot;,&quot;iso&quot;:&quot;0&quot;,&quot;shutter_speed&quot;:&quot;0&quot;,&quot;title&quot;:&quot;&quot;,&quot;orientation&quot;:&quot;0&quot;}\" data-image-title=\"capacitacion seguridad\" data-image-description=\"\" data-image-caption=\"\" data-large-file=\"https:\/\/www.hoymercedes.com.ar\/principal\/wp-content\/uploads\/2018\/11\/g-1024x768.jpeg\" class=\"size-full wp-image-83903 alignnone\" src=\"https:\/\/www.hoymercedes.com.ar\/principal\/wp-content\/uploads\/2018\/11\/g.jpeg\" alt=\"\" width=\"1280\" height=\"960\" srcset=\"https:\/\/www.hoymercedes.com.ar\/principal\/wp-content\/uploads\/2018\/11\/g.jpeg 1280w, https:\/\/www.hoymercedes.com.ar\/principal\/wp-content\/uploads\/2018\/11\/g-150x113.jpeg 150w, https:\/\/www.hoymercedes.com.ar\/principal\/wp-content\/uploads\/2018\/11\/g-630x473.jpeg 630w, https:\/\/www.hoymercedes.com.ar\/principal\/wp-content\/uploads\/2018\/11\/g-1024x768.jpeg 1024w\" sizes=\"auto, (max-width: 1280px) 100vw, 1280px\" \/>Agentes del \u00e1rea de seguridad de la Municipalidad de Mercedes fueron parte de un importante curso de capacitaci\u00f3n sobre \u201cperitaje de autom\u00f3viles\u201d y \u201crevenidos qu\u00edmicos\u201d con el objetivo de seguir profesionalizando una tarea m\u00e1s que necesaria: el control de la v\u00eda p\u00fablica y los veh\u00edculos en circulaci\u00f3n.\u00a0 \u201cLa capacitaci\u00f3n y formaci\u00f3n constante de los trabajadores redunda no s\u00f3lo en un beneficio personal, sino, fundamentalmente, en la capacidad y ampliaci\u00f3n de servicios hacia todos los vecinos\u201d, cont\u00f3 Josefina Kelly, responsable del \u00e1rea de seguridad.<\/p>\n<p style=\"font-weight: 400;\">Los agentes Marcos Aguilar y \u00c1ngel Garc\u00eda Visconti fueron parte de la acci\u00f3n que se genera con participaci\u00f3n de diversas localidades y tienen como objetivo dar mayores herramientas a los encargados de controlar y verificar los veh\u00edculos circulantes en la v\u00eda p\u00fablica.<\/p>\n<p style=\"font-weight: 400;\"><strong>Encuentro<\/strong><\/p>\n<p style=\"font-weight: 400;\">Este 9 y 10 de noviembre los mencionados agentes participaron de las jornadas de capacitaci\u00f3n en \u00abT\u00e9cnicas periciales para la detecci\u00f3n de adulteraciones en veh\u00edculos, documentos y revenido qu\u00edmico en metales\u00bb dictadas por el perito verificador e identificador vehicular Ad\u00e1n P\u00e9rez, acompa\u00f1ado por el Licenciado en criminal\u00edstica, docente universitario y Jefe de divisi\u00f3n documental polic\u00eda C.A.B.A, Cal\u00edgrafo p\u00fablico nacional Lucio H. Pereyra y el Lic. docente universitario, Ex jefe de Div. De Revenido qu\u00edmico PFA Roberto Granja, todos profesionales reconocidos internacionalmente, donde se mostraron diferentes t\u00e9cnicas en prevenci\u00f3n del delito en automotores y moto veh\u00edculos, con actividades te\u00f3ricas y pr\u00e1cticas, contando adem\u00e1s, con un nutrido n\u00famero de asistentes, no s\u00f3lo de las distintas provincias del pa\u00eds, sino tambi\u00e9n desde pa\u00edses del continente.<\/p>\n<p style=\"font-weight: 400;\">\u201cFueron dos largu\u00edsimas, pero enriquecedoras jornadas de aprendizaje logr\u00e1ndose como coronario la conformaci\u00f3n y confraternizaci\u00f3n de diferentes actores en el \u00e1mbito de la seguridad\u201d contaron Aguilar y Garc\u00eda Visconti \u201cdonde se compartieron experiencias de cada representante que enriquecieron\u00a0 a\u00fan m\u00e1s lo expuesto por los profesionales disertantes\u201d reafirmaron.<\/p>\n<p><img loading=\"lazy\" decoding=\"async\" data-attachment-id=\"83904\" data-permalink=\"https:\/\/www.hoymercedes.com.ar\/principal\/2018\/11\/12\/secretaria-de-seguridad-capacita-su-personal-en-jornadas-internacionales-sobre-peritaje-de-automoviles-y-revenidos-quimicos\/e\/#main\" data-orig-file=\"https:\/\/www.hoymercedes.com.ar\/principal\/wp-content\/uploads\/2018\/11\/e.jpeg\" data-orig-size=\"1280,654\" data-comments-opened=\"0\" data-image-meta=\"{&quot;aperture&quot;:&quot;0&quot;,&quot;credit&quot;:&quot;&quot;,&quot;camera&quot;:&quot;&quot;,&quot;caption&quot;:&quot;&quot;,&quot;created_timestamp&quot;:&quot;0&quot;,&quot;copyright&quot;:&quot;&quot;,&quot;focal_length&quot;:&quot;0&quot;,&quot;iso&quot;:&quot;0&quot;,&quot;shutter_speed&quot;:&quot;0&quot;,&quot;title&quot;:&quot;&quot;,&quot;orientation&quot;:&quot;0&quot;}\" data-image-title=\"e\" data-image-description=\"\" data-image-caption=\"\" data-large-file=\"https:\/\/www.hoymercedes.com.ar\/principal\/wp-content\/uploads\/2018\/11\/e-1024x523.jpeg\" class=\"aligncenter size-full wp-image-83904\" src=\"https:\/\/www.hoymercedes.com.ar\/principal\/wp-content\/uploads\/2018\/11\/e.jpeg\" alt=\"\" width=\"1280\" height=\"654\" srcset=\"https:\/\/www.hoymercedes.com.ar\/principal\/wp-content\/uploads\/2018\/11\/e.jpeg 1280w, https:\/\/www.hoymercedes.com.ar\/principal\/wp-content\/uploads\/2018\/11\/e-150x77.jpeg 150w, https:\/\/www.hoymercedes.com.ar\/principal\/wp-content\/uploads\/2018\/11\/e-630x322.jpeg 630w, https:\/\/www.hoymercedes.com.ar\/principal\/wp-content\/uploads\/2018\/11\/e-1024x523.jpeg 1024w\" sizes=\"auto, (max-width: 1280px) 100vw, 1280px\" \/><\/p>\n<p style=\"font-weight: 400;\">Visconti tambi\u00e9n narr\u00f3 que \u201ctrabajamos con las mismas t\u00e9cnicas de la Polic\u00eda Federal y Provincia desde par\u00e1metros internacionales\u201d remarcando que \u201ctiene como valor fundamental que cada vez que se secuestre un veh\u00edculo y detectemos una instancia ap\u00f3crifa podemos dar una participaci\u00f3n directa mediante oficio a los diferentes mecanismos legales\u201d cont\u00f3 a sabiendas que el nuevo saber incorporada les da una val\u00eda y precisi\u00f3n mayor. \u201cTenemos ahora un ojo instruido\u201d afirm\u00f3 el agente.<\/p>\n<p style=\"font-weight: 400;\">Vale recordar que en Mercedes tiempo atr\u00e1s se desarroll\u00f3 la primera destrucci\u00f3n e veh\u00edculos secuestrados y se prev\u00e9 pronto hacer una nueva, dato no menor teniendo en cuenta que se ha impulsado legislaci\u00f3n contra ruidos molestos, escapes libres y que se despliegan varias campa\u00f1a de conscientizaci\u00f3n de seguridad vial, como as\u00ed tambi\u00e9n varios operativo multiagenciales fueron concretados.<\/p>\n<p style=\"font-weight: 400;\"><strong>Cursos<\/strong><\/p>\n<p style=\"font-weight: 400;\">Los mismos fomentan la \u201cformaci\u00f3n de personas id\u00f3neas en la investigaci\u00f3n y prevenci\u00f3n del delito automotor, entreg\u00e1ndosele herramientas necesarias para el desarrollo de estrategias disuasivas y preventivas, con el fin de asesorar y concientizar a la ciudadan\u00eda, disminuyendo el campo de acci\u00f3n para las organizaciones delictivas dedicadas al hurto\/robo automotor, para lo cual el aspirante debe cumplir con el programa de estudios\u201d dice entre sus objetivos la acci\u00f3n educativa.<\/p>\n<p style=\"font-weight: 400;\"><strong>Importancia<\/strong><\/p>\n<p style=\"font-weight: 400;\">A las tareas de concientizaci\u00f3n, prevenci\u00f3n y relevamiento constante que efect\u00faan desde la Secretar\u00eda de Seguridad, muchas veces con la Polic\u00eda Comunal y otras agencias de seguridad, se suma la capacitaci\u00f3n constante. Esto permite detectar r\u00e1pidamente cualquier posible anomal\u00eda o situaci\u00f3n sospechosa.<\/p>\n<p>&nbsp;<\/p>\n<p><span style=\"color: #808080;\">Info: Municipio<\/span><\/p>\n","protected":false},"excerpt":{"rendered":"<p>Agentes del \u00e1rea de seguridad de la Municipalidad de Mercedes fueron parte de un importante curso de capacitaci\u00f3n sobre \u201cperitaje &#8230; <a title=\"Secretar\u00eda de Seguridad capacita su personal en jornadas internacionales sobre \u201cperitaje de autom\u00f3viles\u201d y \u201cRevenidos qu\u00edmicos\" class=\"read-more\" href=\"https:\/\/www.hoymercedes.com.ar\/principal\/2018\/11\/12\/secretaria-de-seguridad-capacita-su-personal-en-jornadas-internacionales-sobre-peritaje-de-automoviles-y-revenidos-quimicos\/\" aria-label=\"Leer m\u00e1s sobre Secretar\u00eda de Seguridad capacita su personal en jornadas internacionales sobre \u201cperitaje de autom\u00f3viles\u201d y \u201cRevenidos qu\u00edmicos\">Leer m\u00e1s<\/a><\/p>\n","protected":false},"author":1,"featured_media":83903,"comment_status":"closed","ping_status":"open","sticky":false,"template":"","format":"standard","meta":{"_monsterinsights_skip_tracking":false,"_monsterinsights_sitenote_active":false,"_monsterinsights_sitenote_note":"","_monsterinsights_sitenote_category":0,"jetpack_post_was_ever_published":false,"_jetpack_newsletter_access":"","_jetpack_dont_email_post_to_subs":false,"_jetpack_newsletter_tier_id":0,"_jetpack_memberships_contains_paywalled_content":false,"_jetpack_memberships_contains_paid_content":false,"footnotes":"","jetpack_publicize_message":"","jetpack_publicize_feature_enabled":true,"jetpack_social_post_already_shared":true,"jetpack_social_options":{"image_generator_settings":{"template":"highway","default_image_id":0,"font":"","enabled":false},"version":2},"_wpas_customize_per_network":false},"categories":[30],"tags":[14043,8437,197,11080],"class_list":["post-83902","post","type-post","status-publish","format-standard","has-post-thumbnail","hentry","category-municipio","tag-agentes-de-transito","tag-josefina-kelly","tag-municipalidad-de-mercedes","tag-secretaria-de-seguridad","generate-columns","tablet-grid-50","mobile-grid-100","grid-parent","grid-50"],"jetpack_publicize_connections":[],"jetpack_featured_media_url":"https:\/\/www.hoymercedes.com.ar\/principal\/wp-content\/uploads\/2018\/11\/g.jpeg","wps_subtitle":"","jetpack_sharing_enabled":true,"_links":{"self":[{"href":"https:\/\/www.hoymercedes.com.ar\/principal\/wp-json\/wp\/v2\/posts\/83902","targetHints":{"allow":["GET"]}}],"collection":[{"href":"https:\/\/www.hoymercedes.com.ar\/principal\/wp-json\/wp\/v2\/posts"}],"about":[{"href":"https:\/\/www.hoymercedes.com.ar\/principal\/wp-json\/wp\/v2\/types\/post"}],"author":[{"embeddable":true,"href":"https:\/\/www.hoymercedes.com.ar\/principal\/wp-json\/wp\/v2\/users\/1"}],"replies":[{"embeddable":true,"href":"https:\/\/www.hoymercedes.com.ar\/principal\/wp-json\/wp\/v2\/comments?post=83902"}],"version-history":[{"count":0,"href":"https:\/\/www.hoymercedes.com.ar\/principal\/wp-json\/wp\/v2\/posts\/83902\/revisions"}],"wp:featuredmedia":[{"embeddable":true,"href":"https:\/\/www.hoymercedes.com.ar\/principal\/wp-json\/wp\/v2\/media\/83903"}],"wp:attachment":[{"href":"https:\/\/www.hoymercedes.com.ar\/principal\/wp-json\/wp\/v2\/media?parent=83902"}],"wp:term":[{"taxonomy":"category","embeddable":true,"href":"https:\/\/www.hoymercedes.com.ar\/principal\/wp-json\/wp\/v2\/categories?post=83902"},{"taxonomy":"post_tag","embeddable":true,"href":"https:\/\/www.hoymercedes.com.ar\/principal\/wp-json\/wp\/v2\/tags?post=83902"}],"curies":[{"name":"wp","href":"https:\/\/api.w.org\/{rel}","templated":true}]}}