{"id":83922,"date":"2018-11-13T15:45:02","date_gmt":"2018-11-13T18:45:02","guid":{"rendered":"http:\/\/www.hoymercedes.com.ar\/principal\/?p=83922"},"modified":"2018-11-13T15:45:02","modified_gmt":"2018-11-13T18:45:02","slug":"la-nueva-reina-del-country-en-el-mammusic","status":"publish","type":"post","link":"https:\/\/www.hoymercedes.com.ar\/principal\/2018\/11\/13\/la-nueva-reina-del-country-en-el-mammusic\/","title":{"rendered":"La nueva Reina del Country en el MAMMusic"},"content":{"rendered":"<p>El 18 de noviembre, 19:30 horas, ser\u00e1 la nueva cita que propone, como todos los meses, el Museo de Arte de la Municipalidad de Mercedes con su ciclo de ac\u00fasticos MAMMusic. En esta oportunidad, Tana Ramponi y m\u00fasicos invitados se estar\u00e1 presentando. Por el ciclo pasaron artistas de renombre en nuestra ciudad brindando cada uno un espect\u00e1culo digno de reconocimiento.<\/p>\n<p>Para esta oportunidad, los productores del evento han pensado en la Tanna Ramponi, esa joven mujer de cabello claro que va por los escenarios del folk norteamericano como si fuera (y casi lo es) el \u00fanico h\u00e1bitat compatible que le permitiera respirar.<\/p>\n<p>La Tanna ha conocido el blues siendo muy chica, a pesar de que en su casa no se escuchaba. De todos modos, se sinti\u00f3 identificada con la lucha y la esperanza de obtener los deseos m\u00e1s visearles de los negros y entendi\u00f3 que su camino estaba all\u00ed, rodeada de acordes que le resultaron siempre familiares. Esa especial afinidad con los comienzos de la m\u00fasica en EEUU.<\/p>\n<p>\u201cSoy coherente con mis pensamientos en cada paso que doy\u201d, dice la artista. \u201cHay un com\u00fan denominador en la m\u00fasica que hago y est\u00e1 en la gente que la hac\u00eda en sus comienzos: oprimidos y sacrificados. A ellos, mi homenaje\u201d.<\/p>\n<p>Sin embargo, lo que estaba buscando iba a aparecer m\u00e1s adelante en el tiempo: el country. A trav\u00e9s de sus viajes a distintos puntos de nuestro pa\u00eds, fue encontrando que hab\u00eda m\u00fasicos tan fan\u00e1ticos como ella.<\/p>\n<p>Es que su devoci\u00f3n por Jhonny Cash la llev\u00f3 a mezclarse entre los hombres buenos de la cultura folk: \u201cEl country es algo que empec\u00e9 a hacer cuando conoc\u00ed gente en el resto del pa\u00eds, sobre todo en C\u00f3rdoba, donde hay una movida muy grande de este g\u00e9nero y empec\u00e9 a girar con ellos\u201d.<\/p>\n<p>A los 15 a\u00f1os escuch\u00f3, por primera vez, al Rey de la m\u00fasica country y se transform\u00f3 en un referente indiscutible para la Tanna. Un ideal que se convirti\u00f3 en legado luego de su viaje a Nashville y la correspondiente visita a la casa donde Cash pas\u00f3 sus \u00faltimos d\u00edas de vida. \u201cFue m\u00edstico. Estuve en contacto con sus cosas, sus espacios, su ropa\u2026 fue muy fuerte\u201d.<\/p>\n<p>Quiz\u00e1s eso oblig\u00f3 a un cambio de parecer sobre un disco que ya estaba a punto de grabar. No era lo que buscaba porque entendi\u00f3, en el momento justo, que deb\u00eda escribir sus propias canciones. Y as\u00ed lo hizo. Y tal vez, el pr\u00f3ximo a\u00f1o pueda darlo a conocer.<\/p>\n<p>La Tanna Ramponi ser\u00e1 la protagonista del pr\u00f3ximo MAMMusic en la sala B del Museo de Arte. Har\u00e1 un recorrido de su m\u00fasica con un poco de blues, m\u00fasica irlandesa fusionada, folk norteamericano, country tradicional, rindiendo culto a la honestidad y sinceridad de los poetas que escribieron desde el coraz\u00f3n para contar su historia.<\/p>\n<p>Junto a Mayrand Roux, su compa\u00f1ero art\u00edstico sudafricano y m\u00e1s artistas invitados, estar\u00e1 tocando desde las 19.30, con entrada libre y gratuita.<\/p>\n<p><img loading=\"lazy\" decoding=\"async\" data-attachment-id=\"83923\" data-permalink=\"https:\/\/www.hoymercedes.com.ar\/principal\/2018\/11\/13\/la-nueva-reina-del-country-en-el-mammusic\/13-tana-ramponi\/#main\" data-orig-file=\"https:\/\/www.hoymercedes.com.ar\/principal\/wp-content\/uploads\/2018\/11\/13-tana-ramponi.jpg\" data-orig-size=\"750,500\" data-comments-opened=\"0\" data-image-meta=\"{&quot;aperture&quot;:&quot;0&quot;,&quot;credit&quot;:&quot;&quot;,&quot;camera&quot;:&quot;&quot;,&quot;caption&quot;:&quot;&quot;,&quot;created_timestamp&quot;:&quot;0&quot;,&quot;copyright&quot;:&quot;&quot;,&quot;focal_length&quot;:&quot;0&quot;,&quot;iso&quot;:&quot;0&quot;,&quot;shutter_speed&quot;:&quot;0&quot;,&quot;title&quot;:&quot;&quot;,&quot;orientation&quot;:&quot;0&quot;}\" data-image-title=\"13 tana ramponi\" data-image-description=\"\" data-image-caption=\"\" data-large-file=\"https:\/\/www.hoymercedes.com.ar\/principal\/wp-content\/uploads\/2018\/11\/13-tana-ramponi.jpg\" class=\"aligncenter size-full wp-image-83923\" src=\"https:\/\/www.hoymercedes.com.ar\/principal\/wp-content\/uploads\/2018\/11\/13-tana-ramponi.jpg\" alt=\"\" width=\"750\" height=\"500\" srcset=\"https:\/\/www.hoymercedes.com.ar\/principal\/wp-content\/uploads\/2018\/11\/13-tana-ramponi.jpg 750w, https:\/\/www.hoymercedes.com.ar\/principal\/wp-content\/uploads\/2018\/11\/13-tana-ramponi-150x100.jpg 150w, https:\/\/www.hoymercedes.com.ar\/principal\/wp-content\/uploads\/2018\/11\/13-tana-ramponi-630x420.jpg 630w\" sizes=\"auto, (max-width: 750px) 100vw, 750px\" \/><\/p>\n","protected":false},"excerpt":{"rendered":"<p>El 18 de noviembre, 19:30 horas, ser\u00e1 la nueva cita que propone, como todos los meses, el Museo de Arte &#8230; <a title=\"La nueva Reina del Country en el MAMMusic\" class=\"read-more\" href=\"https:\/\/www.hoymercedes.com.ar\/principal\/2018\/11\/13\/la-nueva-reina-del-country-en-el-mammusic\/\" aria-label=\"Leer m\u00e1s sobre La nueva Reina del Country en el MAMMusic\">Leer m\u00e1s<\/a><\/p>\n","protected":false},"author":1,"featured_media":83923,"comment_status":"closed","ping_status":"open","sticky":false,"template":"","format":"standard","meta":{"_monsterinsights_skip_tracking":false,"_monsterinsights_sitenote_active":false,"_monsterinsights_sitenote_note":"","_monsterinsights_sitenote_category":0,"jetpack_post_was_ever_published":false,"_jetpack_newsletter_access":"","_jetpack_dont_email_post_to_subs":false,"_jetpack_newsletter_tier_id":0,"_jetpack_memberships_contains_paywalled_content":false,"_jetpack_memberships_contains_paid_content":false,"footnotes":"","jetpack_publicize_message":"","jetpack_publicize_feature_enabled":true,"jetpack_social_post_already_shared":true,"jetpack_social_options":{"image_generator_settings":{"template":"highway","default_image_id":0,"font":"","enabled":false},"version":2},"_wpas_customize_per_network":false},"categories":[104],"tags":[7805,8674,10,8539],"class_list":["post-83922","post","type-post","status-publish","format-standard","has-post-thumbnail","hentry","category-cultura","tag-cultura","tag-mamm","tag-mercedes","tag-musica","generate-columns","tablet-grid-50","mobile-grid-100","grid-parent","grid-50"],"jetpack_publicize_connections":[],"jetpack_featured_media_url":"https:\/\/www.hoymercedes.com.ar\/principal\/wp-content\/uploads\/2018\/11\/13-tana-ramponi.jpg","wps_subtitle":"Este domingo 18 de noviembre","jetpack_sharing_enabled":true,"_links":{"self":[{"href":"https:\/\/www.hoymercedes.com.ar\/principal\/wp-json\/wp\/v2\/posts\/83922","targetHints":{"allow":["GET"]}}],"collection":[{"href":"https:\/\/www.hoymercedes.com.ar\/principal\/wp-json\/wp\/v2\/posts"}],"about":[{"href":"https:\/\/www.hoymercedes.com.ar\/principal\/wp-json\/wp\/v2\/types\/post"}],"author":[{"embeddable":true,"href":"https:\/\/www.hoymercedes.com.ar\/principal\/wp-json\/wp\/v2\/users\/1"}],"replies":[{"embeddable":true,"href":"https:\/\/www.hoymercedes.com.ar\/principal\/wp-json\/wp\/v2\/comments?post=83922"}],"version-history":[{"count":0,"href":"https:\/\/www.hoymercedes.com.ar\/principal\/wp-json\/wp\/v2\/posts\/83922\/revisions"}],"wp:featuredmedia":[{"embeddable":true,"href":"https:\/\/www.hoymercedes.com.ar\/principal\/wp-json\/wp\/v2\/media\/83923"}],"wp:attachment":[{"href":"https:\/\/www.hoymercedes.com.ar\/principal\/wp-json\/wp\/v2\/media?parent=83922"}],"wp:term":[{"taxonomy":"category","embeddable":true,"href":"https:\/\/www.hoymercedes.com.ar\/principal\/wp-json\/wp\/v2\/categories?post=83922"},{"taxonomy":"post_tag","embeddable":true,"href":"https:\/\/www.hoymercedes.com.ar\/principal\/wp-json\/wp\/v2\/tags?post=83922"}],"curies":[{"name":"wp","href":"https:\/\/api.w.org\/{rel}","templated":true}]}}