{"id":83927,"date":"2018-11-13T20:14:30","date_gmt":"2018-11-13T23:14:30","guid":{"rendered":"http:\/\/www.hoymercedes.com.ar\/principal\/?p=83927"},"modified":"2018-11-13T20:14:30","modified_gmt":"2018-11-13T23:14:30","slug":"policia-comunal-ya-realiza-tareas-en-prevencion-desde-las-nuevas-bicicletas","status":"publish","type":"post","link":"https:\/\/www.hoymercedes.com.ar\/principal\/2018\/11\/13\/policia-comunal-ya-realiza-tareas-en-prevencion-desde-las-nuevas-bicicletas\/","title":{"rendered":"Polic\u00eda Comunal ya realiza tareas en prevenci\u00f3n desde las nuevas bicicletas"},"content":{"rendered":"<div><img loading=\"lazy\" decoding=\"async\" data-attachment-id=\"83928\" data-permalink=\"https:\/\/www.hoymercedes.com.ar\/principal\/2018\/11\/13\/policia-comunal-ya-realiza-tareas-en-prevencion-desde-las-nuevas-bicicletas\/policia-bicicleta\/#main\" data-orig-file=\"https:\/\/www.hoymercedes.com.ar\/principal\/wp-content\/uploads\/2018\/11\/policia-bicicleta.jpeg\" data-orig-size=\"1032,774\" data-comments-opened=\"0\" data-image-meta=\"{&quot;aperture&quot;:&quot;0&quot;,&quot;credit&quot;:&quot;&quot;,&quot;camera&quot;:&quot;&quot;,&quot;caption&quot;:&quot;&quot;,&quot;created_timestamp&quot;:&quot;0&quot;,&quot;copyright&quot;:&quot;&quot;,&quot;focal_length&quot;:&quot;0&quot;,&quot;iso&quot;:&quot;0&quot;,&quot;shutter_speed&quot;:&quot;0&quot;,&quot;title&quot;:&quot;&quot;,&quot;orientation&quot;:&quot;0&quot;}\" data-image-title=\"policia-bicicleta\" data-image-description=\"\" data-image-caption=\"\" data-large-file=\"https:\/\/www.hoymercedes.com.ar\/principal\/wp-content\/uploads\/2018\/11\/policia-bicicleta-1024x768.jpeg\" class=\"aligncenter wp-image-83928\" src=\"https:\/\/www.hoymercedes.com.ar\/principal\/wp-content\/uploads\/2018\/11\/policia-bicicleta.jpeg\" alt=\"\" width=\"730\" height=\"548\" srcset=\"https:\/\/www.hoymercedes.com.ar\/principal\/wp-content\/uploads\/2018\/11\/policia-bicicleta.jpeg 1032w, https:\/\/www.hoymercedes.com.ar\/principal\/wp-content\/uploads\/2018\/11\/policia-bicicleta-150x113.jpeg 150w, https:\/\/www.hoymercedes.com.ar\/principal\/wp-content\/uploads\/2018\/11\/policia-bicicleta-630x473.jpeg 630w, https:\/\/www.hoymercedes.com.ar\/principal\/wp-content\/uploads\/2018\/11\/policia-bicicleta-1024x768.jpeg 1024w\" sizes=\"auto, (max-width: 730px) 100vw, 730px\" \/><\/div>\n<div><\/div>\n<div>La Polic\u00eda Comunal ya puso en funciones la modalidad, como sucede en tantas ciudades del mundo, de protecci\u00f3n preventiva en bicicleta. La inversi\u00f3n recientemente presentada por la Secretar\u00eda de Seguridad en 30 bicicletas de primera calidad que ronda los $400.000 para que los efectivos locales puedan circular por la ciudad, en avenidas, barrios o radio c\u00e9ntricos ya es una realidad. \u201cNosotros sabemos que todas las herramientas son muy importantes, que como dice siempre el intendente Ustarroz el delito cero no existe, pero que si a los polic\u00edas les damos mayor cantidad de elementos para su cotidiana tarea el resultado ser\u00e1 mejor para todos los mercedinos\u201d, coment\u00f3 la Dra. Josefina Kelly.<\/div>\n<div><\/div>\n<div>D\u00edas atr\u00e1s se present\u00f3 la segunda entrega de bicicletas para la Polic\u00eda Comunal. Fueron 30 en total por un valor cercano a los 400 mil pesos de fondos locales. La Municipalidad ya ha incorporado 16 motos, 14 patrulleros, c\u00e1maras, 3 postas m\u00f3viles, 2 p\u00f3rticos de acceso, un nuevo centro de monitoreo y \u201cesta modalidad, los efectivos en bicicleta, era algo que tambi\u00e9n ten\u00edamos dentro de nuestro plan integral de seguridad\u201d destac\u00f3 Kelly, responsable del \u00e1rea de seguridad.<\/div>\n<div><\/div>\n<div>La polic\u00eda en bicicleta cumple una funci\u00f3n clave de prevenci\u00f3n y es de cercan\u00eda, siendo una modalidad que se observa en las principales ciudades y capitales del mundo y ahora se suma de forma sistematizada y organizada en Mercedes.<\/div>\n<div><img loading=\"lazy\" decoding=\"async\" data-attachment-id=\"83929\" data-permalink=\"https:\/\/www.hoymercedes.com.ar\/principal\/2018\/11\/13\/policia-comunal-ya-realiza-tareas-en-prevencion-desde-las-nuevas-bicicletas\/policia-bicicleta-2\/#main\" data-orig-file=\"https:\/\/www.hoymercedes.com.ar\/principal\/wp-content\/uploads\/2018\/11\/policia-bicicleta.2.jpeg\" data-orig-size=\"774,743\" data-comments-opened=\"0\" data-image-meta=\"{&quot;aperture&quot;:&quot;0&quot;,&quot;credit&quot;:&quot;&quot;,&quot;camera&quot;:&quot;&quot;,&quot;caption&quot;:&quot;&quot;,&quot;created_timestamp&quot;:&quot;0&quot;,&quot;copyright&quot;:&quot;&quot;,&quot;focal_length&quot;:&quot;0&quot;,&quot;iso&quot;:&quot;0&quot;,&quot;shutter_speed&quot;:&quot;0&quot;,&quot;title&quot;:&quot;&quot;,&quot;orientation&quot;:&quot;0&quot;}\" data-image-title=\"policia-bicicleta.2\" data-image-description=\"\" data-image-caption=\"\" data-large-file=\"https:\/\/www.hoymercedes.com.ar\/principal\/wp-content\/uploads\/2018\/11\/policia-bicicleta.2.jpeg\" class=\"aligncenter size-full wp-image-83929\" src=\"https:\/\/www.hoymercedes.com.ar\/principal\/wp-content\/uploads\/2018\/11\/policia-bicicleta.2.jpeg\" alt=\"\" width=\"774\" height=\"743\" srcset=\"https:\/\/www.hoymercedes.com.ar\/principal\/wp-content\/uploads\/2018\/11\/policia-bicicleta.2.jpeg 774w, https:\/\/www.hoymercedes.com.ar\/principal\/wp-content\/uploads\/2018\/11\/policia-bicicleta.2-150x144.jpeg 150w, https:\/\/www.hoymercedes.com.ar\/principal\/wp-content\/uploads\/2018\/11\/policia-bicicleta.2-630x605.jpeg 630w\" sizes=\"auto, (max-width: 774px) 100vw, 774px\" \/><\/div>\n<div><\/div>\n<div>\u201cPara mi es una tranquilidad, s\u00e9 que generalmente est\u00e1n cerca\u201d cont\u00f3 un comerciante local a una radio de Mercedes que miraba como se movilizaban en pareja por la zona c\u00e9ntrica. Tambi\u00e9n se los observ\u00f3 en avenidas y barrios, siendo una forma efectiva de observaci\u00f3n y vigilancia.<\/div>\n<div><\/div>\n<div>Data: Sec. Seg.<\/div>\n","protected":false},"excerpt":{"rendered":"<p>La Polic\u00eda Comunal ya puso en funciones la modalidad, como sucede en tantas ciudades del mundo, de protecci\u00f3n preventiva en &#8230; <a title=\"Polic\u00eda Comunal ya realiza tareas en prevenci\u00f3n desde las nuevas bicicletas\" class=\"read-more\" href=\"https:\/\/www.hoymercedes.com.ar\/principal\/2018\/11\/13\/policia-comunal-ya-realiza-tareas-en-prevencion-desde-las-nuevas-bicicletas\/\" aria-label=\"Leer m\u00e1s sobre Polic\u00eda Comunal ya realiza tareas en prevenci\u00f3n desde las nuevas bicicletas\">Leer m\u00e1s<\/a><\/p>\n","protected":false},"author":1,"featured_media":83928,"comment_status":"closed","ping_status":"open","sticky":false,"template":"","format":"standard","meta":{"_monsterinsights_skip_tracking":false,"_monsterinsights_sitenote_active":false,"_monsterinsights_sitenote_note":"","_monsterinsights_sitenote_category":0,"jetpack_post_was_ever_published":false,"_jetpack_newsletter_access":"","_jetpack_dont_email_post_to_subs":false,"_jetpack_newsletter_tier_id":0,"_jetpack_memberships_contains_paywalled_content":false,"_jetpack_memberships_contains_paid_content":false,"footnotes":"","jetpack_publicize_message":"","jetpack_publicize_feature_enabled":true,"jetpack_social_post_already_shared":true,"jetpack_social_options":{"image_generator_settings":{"template":"highway","default_image_id":0,"font":"","enabled":false},"version":2},"_wpas_customize_per_network":false},"categories":[30],"tags":[14044,14045,8437,11080],"class_list":["post-83927","post","type-post","status-publish","format-standard","has-post-thumbnail","hentry","category-municipio","tag-bicicleta-policia","tag-inversion-policial","tag-josefina-kelly","tag-secretaria-de-seguridad","generate-columns","tablet-grid-50","mobile-grid-100","grid-parent","grid-50"],"jetpack_publicize_connections":[],"jetpack_featured_media_url":"https:\/\/www.hoymercedes.com.ar\/principal\/wp-content\/uploads\/2018\/11\/policia-bicicleta.jpeg","wps_subtitle":"","jetpack_sharing_enabled":true,"_links":{"self":[{"href":"https:\/\/www.hoymercedes.com.ar\/principal\/wp-json\/wp\/v2\/posts\/83927","targetHints":{"allow":["GET"]}}],"collection":[{"href":"https:\/\/www.hoymercedes.com.ar\/principal\/wp-json\/wp\/v2\/posts"}],"about":[{"href":"https:\/\/www.hoymercedes.com.ar\/principal\/wp-json\/wp\/v2\/types\/post"}],"author":[{"embeddable":true,"href":"https:\/\/www.hoymercedes.com.ar\/principal\/wp-json\/wp\/v2\/users\/1"}],"replies":[{"embeddable":true,"href":"https:\/\/www.hoymercedes.com.ar\/principal\/wp-json\/wp\/v2\/comments?post=83927"}],"version-history":[{"count":0,"href":"https:\/\/www.hoymercedes.com.ar\/principal\/wp-json\/wp\/v2\/posts\/83927\/revisions"}],"wp:featuredmedia":[{"embeddable":true,"href":"https:\/\/www.hoymercedes.com.ar\/principal\/wp-json\/wp\/v2\/media\/83928"}],"wp:attachment":[{"href":"https:\/\/www.hoymercedes.com.ar\/principal\/wp-json\/wp\/v2\/media?parent=83927"}],"wp:term":[{"taxonomy":"category","embeddable":true,"href":"https:\/\/www.hoymercedes.com.ar\/principal\/wp-json\/wp\/v2\/categories?post=83927"},{"taxonomy":"post_tag","embeddable":true,"href":"https:\/\/www.hoymercedes.com.ar\/principal\/wp-json\/wp\/v2\/tags?post=83927"}],"curies":[{"name":"wp","href":"https:\/\/api.w.org\/{rel}","templated":true}]}}