{"id":83948,"date":"2018-11-16T14:54:37","date_gmt":"2018-11-16T17:54:37","guid":{"rendered":"http:\/\/www.hoymercedes.com.ar\/principal\/?p=83948"},"modified":"2018-11-16T16:07:04","modified_gmt":"2018-11-16T19:07:04","slug":"20-y-22-de-noviembre-campana-de-prevencion-de-cancer-de-piel","status":"publish","type":"post","link":"https:\/\/www.hoymercedes.com.ar\/principal\/2018\/11\/16\/20-y-22-de-noviembre-campana-de-prevencion-de-cancer-de-piel\/","title":{"rendered":"20 y 22 de noviembre: Campa\u00f1a de prevenci\u00f3n de c\u00e1ncer de piel"},"content":{"rendered":"<p>Organizada por la Sociedad Argentina de Dermatolog\u00eda, junto a LALCEC Mercedes y el Hospital Blas L. Dubarry se lanzar\u00e1 la Campa\u00f1a de Prevenci\u00f3n del C\u00e1ncer de Piel a cargo de la Dra. Mar\u00eda L\u00eda Gouarderes, m\u00e9dica especialista en Dermatolog\u00eda.\u00a0Se llevar\u00e1 a cabo en el 1\u00b0 Piso del Hospital, consultorio de Dermatolog\u00eda los d\u00edas 20 y 22 de noviembre de 8.30 a 10 horas. La inscripci\u00f3n se realizar\u00e1 en el hospital en esos d\u00edas.\u00a0Se invita a la comunidad y en especial a las personas que tengan antecedentes directos de c\u00e1ncer de piel.<\/p>\n<p><img loading=\"lazy\" decoding=\"async\" data-attachment-id=\"84062\" data-permalink=\"https:\/\/www.hoymercedes.com.ar\/principal\/2018\/11\/16\/20-y-22-de-noviembre-campana-de-prevencion-de-cancer-de-piel\/16-flyer-piel1\/#main\" data-orig-file=\"https:\/\/www.hoymercedes.com.ar\/principal\/wp-content\/uploads\/2018\/11\/16-FLYER-PIEL1.jpg\" data-orig-size=\"750,750\" data-comments-opened=\"0\" data-image-meta=\"{&quot;aperture&quot;:&quot;0&quot;,&quot;credit&quot;:&quot;&quot;,&quot;camera&quot;:&quot;&quot;,&quot;caption&quot;:&quot;&quot;,&quot;created_timestamp&quot;:&quot;0&quot;,&quot;copyright&quot;:&quot;&quot;,&quot;focal_length&quot;:&quot;0&quot;,&quot;iso&quot;:&quot;0&quot;,&quot;shutter_speed&quot;:&quot;0&quot;,&quot;title&quot;:&quot;&quot;,&quot;orientation&quot;:&quot;0&quot;}\" data-image-title=\"16 FLYER-PIEL1\" data-image-description=\"\" data-image-caption=\"\" data-large-file=\"https:\/\/www.hoymercedes.com.ar\/principal\/wp-content\/uploads\/2018\/11\/16-FLYER-PIEL1.jpg\" class=\"aligncenter size-full wp-image-84062\" src=\"https:\/\/www.hoymercedes.com.ar\/principal\/wp-content\/uploads\/2018\/11\/16-FLYER-PIEL1.jpg\" alt=\"\" width=\"750\" height=\"750\" srcset=\"https:\/\/www.hoymercedes.com.ar\/principal\/wp-content\/uploads\/2018\/11\/16-FLYER-PIEL1.jpg 750w, https:\/\/www.hoymercedes.com.ar\/principal\/wp-content\/uploads\/2018\/11\/16-FLYER-PIEL1-150x150.jpg 150w, https:\/\/www.hoymercedes.com.ar\/principal\/wp-content\/uploads\/2018\/11\/16-FLYER-PIEL1-620x620.jpg 620w\" sizes=\"auto, (max-width: 750px) 100vw, 750px\" \/><\/p>\n<p><strong>\u00bfQu\u00e9 es el c\u00e1ncer de piel?<\/strong><\/p>\n<p>El C\u00e1ncer de piel es una enfermedad producida por el desarrollo de c\u00e9lulas cancerosas en cualquiera de las capas y tejidos de la piel. Aunque puede aparecer en cualquier parte de la piel, es m\u00e1s frecuente que se presente en la cara, cuello, manos y brazos.<\/p>\n<p>Existen dos tipos : el tipo no melanoma y el melanoma.<\/p>\n<p>*La mayor\u00eda de los c\u00e1nceres de piel son del tipo no melanoma.<\/p>\n<p>*El melanoma es el menos frecuente y el m\u00e1s maligno.<\/p>\n<p>*El factor de riesgo m\u00e1s importante es la exposici\u00f3n excesiva a la radiaci\u00f3n ultravioleta (UV), cuya principal fuente es la luz.<\/p>\n<p>Tambi\u00e9n las l\u00e1mparas y cabinas bronceadoras son fuentes de radiaci\u00f3n ultravioleta y aumentan el riesgo.<\/p>\n<p>*Otros factores de riesgo son la exposici\u00f3n a productos qu\u00edmicos como el ars\u00e9nico, la brea industrial, la hulla, la parafina y ciertos tipos de aceites, como as\u00ed tambi\u00e9n, la exposici\u00f3n a la radiaci\u00f3n producida por la radioterapia- cuando no se aplican las medidas de seguridad correspondiente.<\/p>\n<p><strong>\u00bfA qui\u00e9nes afecta?<\/strong><\/p>\n<p>Tienen riesgo aumentado de padecer un melanoma:<\/p>\n<ul>\n<li>*Las personas con pieles muy blancas que siempre se enrojecen y nunca se broncean.<\/li>\n<li>*Las que tienen gran n\u00famero de lunares.<\/li>\n<li>*Las que presentan lunares at\u00edpicos.<\/li>\n<li>*Los parientes directos de familiares que han padecido melanoma.<\/li>\n<\/ul>\n<p>&nbsp;<\/p>\n<p><strong>\u00bfSe puede detectar tempranamente?<\/strong><\/p>\n<p>El c\u00e1ncer de piel puede prevenirse incidiendo sobre el principal factor de riesgo que es la exposici\u00f3n a los rayos ultravioletas. Por ello es importante, desde la infancia, cuidar la piel de la exposici\u00f3n prolongada a la luz solar y usar protectores solares cuando no podemos evitar la exposici\u00f3n.<\/p>\n<p>La mayor\u00eda de los c\u00e1nceres de piel se pueden encontrar temprano mediante ex\u00e1menes cl\u00ednicos:<\/p>\n<p>*Ex\u00e1men m\u00e9dico regular: consiste en la observaci\u00f3n detallada de todos los segmentos de la piel, con la finalidad de detectar manchas o lunares sospechosos y en tales casos, analizar las caracter\u00edsticas de la lesi\u00f3n: forma, tama\u00f1o, color ,textura, si hay picaz\u00f3n o sangrado.<\/p>\n<p>*Autoex\u00e1men de la piel: \u00e9ste debe realizarse una vez al mes, en una habitaci\u00f3n donde haya mucha luz y frente a un espejo.<\/p>\n<p>*Cuando el m\u00e9dico encuentra alg\u00fan hallazgo sospechoso en alguna parte de la piel, puede solicitar como ex\u00e1men complementario una biopsia de piel, que consiste en la extracci\u00f3n de una peque\u00f1a muestra de piel que luego se analiza en un microscopio.<\/p>\n<p>&nbsp;<\/p>\n<p><strong>\u00bfCu\u00e1les son sus s\u00edntomas?\u00a0<\/strong><\/p>\n<p>Los melanomas por lo general no son dolorosos.<\/p>\n<p>La primera se\u00f1al de su existencia es un cambio en el tama\u00f1o, forma o color de un lunar existente, aunque tambi\u00e9n pueden aparecer como un lunar nuevo, negro o anormal. En los varones suele aparecer en el tronco o la regi\u00f3n de la cabeza o cuello, mientras que, en las mujeres, en brazos o piernas.<\/p>\n<p>Prevenci\u00f3n primaria:<\/p>\n<p>La incorporaci\u00f3n de h\u00e1bitos saludables reduce un 40% las posibilidades de contraer cualquier tipo de c\u00e1ncer:<\/p>\n<p>*Tener una alimentaci\u00f3n saludable incorporando frutas, verduras y cereales a la dieta regular.<\/p>\n<p>*Protegerse de la exposici\u00f3n solar.<\/p>\n<p>*Evitar los excesos de peso.<\/p>\n<p>*Realizar actividad f\u00edsica regularmente.<\/p>\n<p>*No fumar.<\/p>\n<p>Prevenci\u00f3n secundaria:<\/p>\n<p>Dados que el sol y los rayos ultravioletas constituyen la principal causa de c\u00e1ncer de piel y sus efectos se van acumulando a lo largo de la vida, esta prevenci\u00f3n debe realizarse durante todo el a\u00f1o y no s\u00f3lo en verano cuando el riesgo aumenta debido a la intensidad de los rayos solares.<\/p>\n<p>Para prevenirlo, tom\u00e1 las siguientes precauciones:<\/p>\n<p>*Evit\u00e1 exponerte al sol entre las 10 y 16 hs.<\/p>\n<p>*Eleg\u00ed lugares de sombra.<\/p>\n<p>*Protegete con ropas, sombreros y anteojos de sol<\/p>\n<p>*Utiliz\u00e1 protector solar mayor a 20FPS ( Factor de Protecci\u00f3n Solar ) aplic\u00e1ndolo media hora antes de la exposici\u00f3n y renov\u00e1ndolo cada dos horas o luego del ba\u00f1o.<\/p>\n<p>* Evit\u00e1 completamente la exposici\u00f3n solar de tu beb\u00e9 menor de un a\u00f1o.<\/p>\n<p>*No uses camas solares para broncearte. Las dosis de UV artificiales se acumulan a las dosis de UV del sol y refuerzan el efecto cancer\u00edgeno.<\/p>\n<p>*Si trabaj\u00e1s al aire libre, utiliz\u00e1 ropas claras y holgadas que te protejan del sol.<\/p>\n<p>&nbsp;<\/p>\n<p>Consult\u00e1 de inmediato a tu dermat\u00f3logo cuando observes cambios en un lunar.<\/p>\n<p>Un estudio a tiempo puede salvarte la vida a vos, a tu familia o a tus amigos.<\/p>\n<p>Para informes:<\/p>\n<p>LALCEC MERCEDES Calle 39 N\u00b0419 \u2013 Tel\u00e9fono: 431360 de lunes a viernes de 15.30 a 17.30 hs.<\/p>\n<p>&nbsp;<\/p>\n<p>&nbsp;<\/p>\n","protected":false},"excerpt":{"rendered":"<p>Organizada por la Sociedad Argentina de Dermatolog\u00eda, junto a LALCEC Mercedes y el Hospital Blas L. Dubarry se lanzar\u00e1 la &#8230; <a title=\"20 y 22 de noviembre: Campa\u00f1a de prevenci\u00f3n de c\u00e1ncer de piel\" class=\"read-more\" href=\"https:\/\/www.hoymercedes.com.ar\/principal\/2018\/11\/16\/20-y-22-de-noviembre-campana-de-prevencion-de-cancer-de-piel\/\" aria-label=\"Leer m\u00e1s sobre 20 y 22 de noviembre: Campa\u00f1a de prevenci\u00f3n de c\u00e1ncer de piel\">Leer m\u00e1s<\/a><\/p>\n","protected":false},"author":1,"featured_media":84062,"comment_status":"closed","ping_status":"open","sticky":false,"template":"","format":"standard","meta":{"_monsterinsights_skip_tracking":false,"_monsterinsights_sitenote_active":false,"_monsterinsights_sitenote_note":"","_monsterinsights_sitenote_category":0,"jetpack_post_was_ever_published":false,"_jetpack_newsletter_access":"","_jetpack_dont_email_post_to_subs":false,"_jetpack_newsletter_tier_id":0,"_jetpack_memberships_contains_paywalled_content":false,"_jetpack_memberships_contains_paid_content":false,"footnotes":"","jetpack_publicize_message":"","jetpack_publicize_feature_enabled":true,"jetpack_social_post_already_shared":true,"jetpack_social_options":{"image_generator_settings":{"template":"highway","default_image_id":0,"font":"","enabled":false},"version":2},"_wpas_customize_per_network":false},"categories":[9791],"tags":[7873,295,108,134],"class_list":["post-83948","post","type-post","status-publish","format-standard","has-post-thumbnail","hentry","category-salud","tag-campana","tag-hospital","tag-lalcec","tag-salud","generate-columns","tablet-grid-50","mobile-grid-100","grid-parent","grid-50"],"jetpack_publicize_connections":[],"jetpack_featured_media_url":"https:\/\/www.hoymercedes.com.ar\/principal\/wp-content\/uploads\/2018\/11\/16-FLYER-PIEL1.jpg","wps_subtitle":"Lalcec Mercedes","jetpack_sharing_enabled":true,"_links":{"self":[{"href":"https:\/\/www.hoymercedes.com.ar\/principal\/wp-json\/wp\/v2\/posts\/83948","targetHints":{"allow":["GET"]}}],"collection":[{"href":"https:\/\/www.hoymercedes.com.ar\/principal\/wp-json\/wp\/v2\/posts"}],"about":[{"href":"https:\/\/www.hoymercedes.com.ar\/principal\/wp-json\/wp\/v2\/types\/post"}],"author":[{"embeddable":true,"href":"https:\/\/www.hoymercedes.com.ar\/principal\/wp-json\/wp\/v2\/users\/1"}],"replies":[{"embeddable":true,"href":"https:\/\/www.hoymercedes.com.ar\/principal\/wp-json\/wp\/v2\/comments?post=83948"}],"version-history":[{"count":0,"href":"https:\/\/www.hoymercedes.com.ar\/principal\/wp-json\/wp\/v2\/posts\/83948\/revisions"}],"wp:featuredmedia":[{"embeddable":true,"href":"https:\/\/www.hoymercedes.com.ar\/principal\/wp-json\/wp\/v2\/media\/84062"}],"wp:attachment":[{"href":"https:\/\/www.hoymercedes.com.ar\/principal\/wp-json\/wp\/v2\/media?parent=83948"}],"wp:term":[{"taxonomy":"category","embeddable":true,"href":"https:\/\/www.hoymercedes.com.ar\/principal\/wp-json\/wp\/v2\/categories?post=83948"},{"taxonomy":"post_tag","embeddable":true,"href":"https:\/\/www.hoymercedes.com.ar\/principal\/wp-json\/wp\/v2\/tags?post=83948"}],"curies":[{"name":"wp","href":"https:\/\/api.w.org\/{rel}","templated":true}]}}