{"id":83956,"date":"2018-11-14T16:10:54","date_gmt":"2018-11-14T19:10:54","guid":{"rendered":"http:\/\/www.hoymercedes.com.ar\/principal\/?p=83956"},"modified":"2018-11-14T15:32:38","modified_gmt":"2018-11-14T18:32:38","slug":"banca-participativa-pidiendo-el-fomento-de-la-agroecologia","status":"publish","type":"post","link":"https:\/\/www.hoymercedes.com.ar\/principal\/2018\/11\/14\/banca-participativa-pidiendo-el-fomento-de-la-agroecologia\/","title":{"rendered":"Banca participativa pidiendo el fomento de la agroecolog\u00eda"},"content":{"rendered":"<p>En el marco de la sesi\u00f3n ordinaria del Concejo Deliberante, el lunes pasado se presentaron tres representantes de la Asamblea Mercedina por la Agroecolog\u00eda (AMA). Ante los legisladores, la bi\u00f3loga D\u00e9bora Pedemonte, el ingeniero agr\u00f3nomo Arturo Bojorge y el agricultor Maximiliano Melgar dieron cuenta de qu\u00e9 trata el proyecto y contaron c\u00f3mo es la producci\u00f3n agroecol\u00f3gica.<\/p>\n<p><img loading=\"lazy\" decoding=\"async\" data-attachment-id=\"83957\" data-permalink=\"https:\/\/www.hoymercedes.com.ar\/principal\/2018\/11\/14\/banca-participativa-pidiendo-el-fomento-de-la-agroecologia\/14-banca-ama-1\/#main\" data-orig-file=\"https:\/\/www.hoymercedes.com.ar\/principal\/wp-content\/uploads\/2018\/11\/14-banca-ama-1.jpg\" data-orig-size=\"750,500\" data-comments-opened=\"0\" data-image-meta=\"{&quot;aperture&quot;:&quot;2&quot;,&quot;credit&quot;:&quot;&quot;,&quot;camera&quot;:&quot;Moto G (5S) Plus&quot;,&quot;caption&quot;:&quot;&quot;,&quot;created_timestamp&quot;:&quot;1542050504&quot;,&quot;copyright&quot;:&quot;&quot;,&quot;focal_length&quot;:&quot;3.59&quot;,&quot;iso&quot;:&quot;421&quot;,&quot;shutter_speed&quot;:&quot;0.058823529411765&quot;,&quot;title&quot;:&quot;&quot;,&quot;orientation&quot;:&quot;1&quot;}\" data-image-title=\"14 banca ama 1\" data-image-description=\"\" data-image-caption=\"\" data-large-file=\"https:\/\/www.hoymercedes.com.ar\/principal\/wp-content\/uploads\/2018\/11\/14-banca-ama-1.jpg\" class=\"aligncenter size-full wp-image-83957\" src=\"https:\/\/www.hoymercedes.com.ar\/principal\/wp-content\/uploads\/2018\/11\/14-banca-ama-1.jpg\" alt=\"\" width=\"750\" height=\"500\" srcset=\"https:\/\/www.hoymercedes.com.ar\/principal\/wp-content\/uploads\/2018\/11\/14-banca-ama-1.jpg 750w, https:\/\/www.hoymercedes.com.ar\/principal\/wp-content\/uploads\/2018\/11\/14-banca-ama-1-150x100.jpg 150w, https:\/\/www.hoymercedes.com.ar\/principal\/wp-content\/uploads\/2018\/11\/14-banca-ama-1-630x420.jpg 630w\" sizes=\"auto, (max-width: 750px) 100vw, 750px\" \/><\/p>\n<p>El proyecto entregado a cada concejal en hoja reciclada, propone crear una ordenanza que fomente la agroecolog\u00eda. El proyecto posee tres aristas principales: La seguridad alimentaria de comer frutas, verduras y carnes sin t\u00f3xicos, el cuidado y protecci\u00f3n del medio ambiente durante toda la tarea agraria y ganadera y el repoblamiento de las zonas\u00a0 periurbanas y rurales brindando empleo genuino, saludable y digno.<\/p>\n<p>Derivado a las comisiones de trabajo que empezaron a analizarlo al d\u00eda siguiente de la exposici\u00f3n de AMA, el proyecto cita la legislaci\u00f3n vigente en la materia y experiencias exitosas de agroecolog\u00eda tanto a nivel local como provincial, nacional y mundial.<\/p>\n<p>La ordenanza propone el \u201cFomento a la Producci\u00f3n Agroecol\u00f3gica Rural y Urbana en sus m\u00faltiples dimensiones\u201d. A partir de esto, incentiva la creaci\u00f3n de pol\u00edticas, programas y acciones que impulsen el desarrollo de sistemas de producci\u00f3n agroecol\u00f3gica mediante la \u201cpromoci\u00f3n y regulaci\u00f3n de procesos de producci\u00f3n, distribuci\u00f3n, industrializaci\u00f3n y elaboraci\u00f3n en base a insumos agroecol\u00f3gicos, comercializaci\u00f3n y consumo de alimentos saludables, entendiendo estos, como aquellos logrados a partir de considerar en forma interrelacionadas las dimensiones de sustentabilidad ambiental, ecol\u00f3gica, econ\u00f3mica, social y cultural\u201d.<\/p>\n<p>Tambi\u00e9n \u201cestimular la transici\u00f3n hacia la producci\u00f3n agroecol\u00f3gica a nivel municipal no s\u00f3lo en la zona donde el uso de agrot\u00f3xicos est\u00e1 prohibido sino tambi\u00e9n por fuera de ella, comenzando de esta manera, un camino de transici\u00f3n hacia un nuevo modelo de agricultura que nos permita repoblar el campo, valorar los saberes ancestrales, producir en una escala m\u00e1s peque\u00f1a y armoniosa con la naturaleza, proteger el ambiente, cuidar los ecosistemas y a trav\u00e9s de la producci\u00f3n sana de alimentos variados y locales promover el desarrollo local, el turismo ecol\u00f3gico, generar fuentes de trabajo en el campo, defender la soberan\u00eda alimentaria y territorial; y fundamentalmente mejorar la dieta alimenticia y preservar la salud de la poblaci\u00f3n\u201d.<\/p>\n<p>La idea es que puedan acceder al plan de fomento productores rurales, urbanos o periurbanos cuyos establecimientos se encuentren total o parcialmente incluidos en la zona de exclusi\u00f3n de uso de agroqu\u00edmicos y tambi\u00e9n establecimientos rurales que lo soliciten.<\/p>\n<p>El proyecto tambi\u00e9n prev\u00e9 la creaci\u00f3n de un fondo en el presupuesto municipal, el Departamento de Agroecolog\u00eda Municipal, el Registro Municipal de Producciones Agropecuarias Agroecol\u00f3gicas y el Consejo Consultivo Municipal Agroecol\u00f3gico y sus respectivas funciones y la generaci\u00f3n de un Sistema Municipal \u00danico de Certificaci\u00f3n Participativa y sello de origen a fin de una identificaci\u00f3n de los productos agroecol\u00f3gicos por parte de los consumidores, entre otros aspectos, y su aplicaci\u00f3n; adem\u00e1s de una reducci\u00f3n de tasas municipales a los propietarios \u00f3 inquilinos de parcelas, que certifiquen sus producciones bajo el sistema agroecol\u00f3gico y la regulaci\u00f3n correspondientes, en una vasta ordenanza que pone foco en varios aspectos.c<img loading=\"lazy\" decoding=\"async\" data-attachment-id=\"83958\" data-permalink=\"https:\/\/www.hoymercedes.com.ar\/principal\/2018\/11\/14\/banca-participativa-pidiendo-el-fomento-de-la-agroecologia\/14-banca-ama-2\/#main\" data-orig-file=\"https:\/\/www.hoymercedes.com.ar\/principal\/wp-content\/uploads\/2018\/11\/14-banca-ama-2.jpg\" data-orig-size=\"750,500\" data-comments-opened=\"0\" data-image-meta=\"{&quot;aperture&quot;:&quot;2&quot;,&quot;credit&quot;:&quot;&quot;,&quot;camera&quot;:&quot;Moto G (5S) Plus&quot;,&quot;caption&quot;:&quot;&quot;,&quot;created_timestamp&quot;:&quot;1542050706&quot;,&quot;copyright&quot;:&quot;&quot;,&quot;focal_length&quot;:&quot;3.59&quot;,&quot;iso&quot;:&quot;421&quot;,&quot;shutter_speed&quot;:&quot;0.058823529411765&quot;,&quot;title&quot;:&quot;&quot;,&quot;orientation&quot;:&quot;1&quot;}\" data-image-title=\"14 banca ama 2\" data-image-description=\"\" data-image-caption=\"\" data-large-file=\"https:\/\/www.hoymercedes.com.ar\/principal\/wp-content\/uploads\/2018\/11\/14-banca-ama-2.jpg\" class=\"aligncenter size-full wp-image-83958\" src=\"https:\/\/www.hoymercedes.com.ar\/principal\/wp-content\/uploads\/2018\/11\/14-banca-ama-2.jpg\" alt=\"\" width=\"750\" height=\"500\" srcset=\"https:\/\/www.hoymercedes.com.ar\/principal\/wp-content\/uploads\/2018\/11\/14-banca-ama-2.jpg 750w, https:\/\/www.hoymercedes.com.ar\/principal\/wp-content\/uploads\/2018\/11\/14-banca-ama-2-150x100.jpg 150w, https:\/\/www.hoymercedes.com.ar\/principal\/wp-content\/uploads\/2018\/11\/14-banca-ama-2-630x420.jpg 630w\" sizes=\"auto, (max-width: 750px) 100vw, 750px\" \/><\/p>\n","protected":false},"excerpt":{"rendered":"<p>En el marco de la sesi\u00f3n ordinaria del Concejo Deliberante, el lunes pasado se presentaron tres representantes de la Asamblea &#8230; <a title=\"Banca participativa pidiendo el fomento de la agroecolog\u00eda\" class=\"read-more\" href=\"https:\/\/www.hoymercedes.com.ar\/principal\/2018\/11\/14\/banca-participativa-pidiendo-el-fomento-de-la-agroecologia\/\" aria-label=\"Leer m\u00e1s sobre Banca participativa pidiendo el fomento de la agroecolog\u00eda\">Leer m\u00e1s<\/a><\/p>\n","protected":false},"author":1,"featured_media":83958,"comment_status":"closed","ping_status":"open","sticky":false,"template":"","format":"standard","meta":{"_monsterinsights_skip_tracking":false,"_monsterinsights_sitenote_active":false,"_monsterinsights_sitenote_note":"","_monsterinsights_sitenote_category":0,"jetpack_post_was_ever_published":false,"_jetpack_newsletter_access":"","_jetpack_dont_email_post_to_subs":false,"_jetpack_newsletter_tier_id":0,"_jetpack_memberships_contains_paywalled_content":false,"_jetpack_memberships_contains_paid_content":false,"footnotes":"","jetpack_publicize_message":"","jetpack_publicize_feature_enabled":true,"jetpack_social_post_already_shared":true,"jetpack_social_options":{"image_generator_settings":{"template":"highway","default_image_id":0,"font":"","enabled":false},"version":2},"_wpas_customize_per_network":false},"categories":[9791],"tags":[13642,6372,236,15,8955],"class_list":["post-83956","post","type-post","status-publish","format-standard","has-post-thumbnail","hentry","category-salud","tag-asamblea-mercedina-por-la-agroecologia","tag-banca-participativa","tag-concejo-deliberante","tag-hcd","tag-proyecto-de-ordenanza","generate-columns","tablet-grid-50","mobile-grid-100","grid-parent","grid-50"],"jetpack_publicize_connections":[],"jetpack_featured_media_url":"https:\/\/www.hoymercedes.com.ar\/principal\/wp-content\/uploads\/2018\/11\/14-banca-ama-2.jpg","wps_subtitle":"El lunes pasado","jetpack_sharing_enabled":true,"_links":{"self":[{"href":"https:\/\/www.hoymercedes.com.ar\/principal\/wp-json\/wp\/v2\/posts\/83956","targetHints":{"allow":["GET"]}}],"collection":[{"href":"https:\/\/www.hoymercedes.com.ar\/principal\/wp-json\/wp\/v2\/posts"}],"about":[{"href":"https:\/\/www.hoymercedes.com.ar\/principal\/wp-json\/wp\/v2\/types\/post"}],"author":[{"embeddable":true,"href":"https:\/\/www.hoymercedes.com.ar\/principal\/wp-json\/wp\/v2\/users\/1"}],"replies":[{"embeddable":true,"href":"https:\/\/www.hoymercedes.com.ar\/principal\/wp-json\/wp\/v2\/comments?post=83956"}],"version-history":[{"count":0,"href":"https:\/\/www.hoymercedes.com.ar\/principal\/wp-json\/wp\/v2\/posts\/83956\/revisions"}],"wp:featuredmedia":[{"embeddable":true,"href":"https:\/\/www.hoymercedes.com.ar\/principal\/wp-json\/wp\/v2\/media\/83958"}],"wp:attachment":[{"href":"https:\/\/www.hoymercedes.com.ar\/principal\/wp-json\/wp\/v2\/media?parent=83956"}],"wp:term":[{"taxonomy":"category","embeddable":true,"href":"https:\/\/www.hoymercedes.com.ar\/principal\/wp-json\/wp\/v2\/categories?post=83956"},{"taxonomy":"post_tag","embeddable":true,"href":"https:\/\/www.hoymercedes.com.ar\/principal\/wp-json\/wp\/v2\/tags?post=83956"}],"curies":[{"name":"wp","href":"https:\/\/api.w.org\/{rel}","templated":true}]}}