{"id":83962,"date":"2018-11-14T17:00:45","date_gmt":"2018-11-14T20:00:45","guid":{"rendered":"http:\/\/www.hoymercedes.com.ar\/principal\/?p=83962"},"modified":"2018-11-14T16:23:07","modified_gmt":"2018-11-14T19:23:07","slug":"saba-propone-dos-espectaculos-teatrales-para-este-fin-de-semana","status":"publish","type":"post","link":"https:\/\/www.hoymercedes.com.ar\/principal\/2018\/11\/14\/saba-propone-dos-espectaculos-teatrales-para-este-fin-de-semana\/","title":{"rendered":"SABA propone dos espect\u00e1culos teatrales para este fin de semana"},"content":{"rendered":"<p>Para el fin de semana, SABA Centro de Arte de la calle 41, entre 20 y 22, propone dos obras teatrales que tienen como objetivo reir. El viernes 16 volver\u00e1n al escenario del centro teatral \u00abHumor Sagrado\u00bb, mientras que el domingo el actor Atilio Veronelli llegar\u00e1 a Mercedes en su gira con \u00abConfesiones de un hombre separado\u00bb.<\/p>\n<p>El viernes, a la hora 21, se presentar\u00e1n Pablo Card\u00f3n y Pablo Solis con un\u00a0espect\u00e1culo teatral producido en C\u00f3rdoba y de gira por Buenos Aires.\u00a0Un show m\u00edstico sin precedentes. Una obra que te elevar\u00e1 como un globo de heliotropo. \u00abHumor Sagrado\u00bb es el t\u00edtulo de la propuesta c\u00f3mica.<\/p>\n<p>En tanto, el domingo, Atilio Veronelli llega a SABA con una obra escrita y dirigida por \u00e9l en la que analiza con humor las distintas circunstancias que debe vivir un hombre casado cuando deja de serlo:\u00a0Desde las primeras discusiones con la esposa, hasta las man\u00edas t\u00edpicas del hombre que vive solo, pasando por los criterios de selecci\u00f3n de separados y separadas, las idas al supermercado, al albergue transitorio, las citas v\u00eda internet, y los levantes en las redes sociales. La funci\u00f3n tambi\u00e9n es a la hora 21.<\/p>\n<p>Para ambas obras se venden y reservan las entradas de manera anticipada. Para eso hay que llamar o enviar mensaje al 2324 &#8211;\u00a0 461434.<\/p>\n","protected":false},"excerpt":{"rendered":"<p>Para el fin de semana, SABA Centro de Arte de la calle 41, entre 20 y 22, propone dos obras &#8230; <a title=\"SABA propone dos espect\u00e1culos teatrales para este fin de semana\" class=\"read-more\" href=\"https:\/\/www.hoymercedes.com.ar\/principal\/2018\/11\/14\/saba-propone-dos-espectaculos-teatrales-para-este-fin-de-semana\/\" aria-label=\"Leer m\u00e1s sobre SABA propone dos espect\u00e1culos teatrales para este fin de semana\">Leer m\u00e1s<\/a><\/p>\n","protected":false},"author":1,"featured_media":83963,"comment_status":"closed","ping_status":"open","sticky":false,"template":"","format":"standard","meta":{"_monsterinsights_skip_tracking":false,"_monsterinsights_sitenote_active":false,"_monsterinsights_sitenote_note":"","_monsterinsights_sitenote_category":0,"jetpack_post_was_ever_published":false,"_jetpack_newsletter_access":"","_jetpack_dont_email_post_to_subs":false,"_jetpack_newsletter_tier_id":0,"_jetpack_memberships_contains_paywalled_content":false,"_jetpack_memberships_contains_paid_content":false,"footnotes":"","jetpack_publicize_message":"","jetpack_publicize_feature_enabled":true,"jetpack_social_post_already_shared":true,"jetpack_social_options":{"image_generator_settings":{"template":"highway","default_image_id":0,"font":"","enabled":false},"version":2},"_wpas_customize_per_network":false},"categories":[104],"tags":[14050,7805,11892,1180],"class_list":["post-83962","post","type-post","status-publish","format-standard","has-post-thumbnail","hentry","category-cultura","tag-comedia","tag-cultura","tag-saba-centro-de-arte","tag-teatro","generate-columns","tablet-grid-50","mobile-grid-100","grid-parent","grid-50"],"jetpack_publicize_connections":[],"jetpack_featured_media_url":"https:\/\/www.hoymercedes.com.ar\/principal\/wp-content\/uploads\/2018\/11\/14-teatro-SABA.jpg","wps_subtitle":"","jetpack_sharing_enabled":true,"_links":{"self":[{"href":"https:\/\/www.hoymercedes.com.ar\/principal\/wp-json\/wp\/v2\/posts\/83962","targetHints":{"allow":["GET"]}}],"collection":[{"href":"https:\/\/www.hoymercedes.com.ar\/principal\/wp-json\/wp\/v2\/posts"}],"about":[{"href":"https:\/\/www.hoymercedes.com.ar\/principal\/wp-json\/wp\/v2\/types\/post"}],"author":[{"embeddable":true,"href":"https:\/\/www.hoymercedes.com.ar\/principal\/wp-json\/wp\/v2\/users\/1"}],"replies":[{"embeddable":true,"href":"https:\/\/www.hoymercedes.com.ar\/principal\/wp-json\/wp\/v2\/comments?post=83962"}],"version-history":[{"count":0,"href":"https:\/\/www.hoymercedes.com.ar\/principal\/wp-json\/wp\/v2\/posts\/83962\/revisions"}],"wp:featuredmedia":[{"embeddable":true,"href":"https:\/\/www.hoymercedes.com.ar\/principal\/wp-json\/wp\/v2\/media\/83963"}],"wp:attachment":[{"href":"https:\/\/www.hoymercedes.com.ar\/principal\/wp-json\/wp\/v2\/media?parent=83962"}],"wp:term":[{"taxonomy":"category","embeddable":true,"href":"https:\/\/www.hoymercedes.com.ar\/principal\/wp-json\/wp\/v2\/categories?post=83962"},{"taxonomy":"post_tag","embeddable":true,"href":"https:\/\/www.hoymercedes.com.ar\/principal\/wp-json\/wp\/v2\/tags?post=83962"}],"curies":[{"name":"wp","href":"https:\/\/api.w.org\/{rel}","templated":true}]}}