{"id":83966,"date":"2018-11-15T12:45:53","date_gmt":"2018-11-15T15:45:53","guid":{"rendered":"http:\/\/www.hoymercedes.com.ar\/principal\/?p=83966"},"modified":"2018-11-15T09:10:51","modified_gmt":"2018-11-15T12:10:51","slug":"cambio-de-fecha-para-el-4-arte-al-pasar-sera-el-domingo-25","status":"publish","type":"post","link":"https:\/\/www.hoymercedes.com.ar\/principal\/2018\/11\/15\/cambio-de-fecha-para-el-4-arte-al-pasar-sera-el-domingo-25\/","title":{"rendered":"Cambio de fecha para el 4\u00b0 Arte al Pasar: ser\u00e1 el domingo 25"},"content":{"rendered":"<p>Tal como anticip\u00e1ramos, este mes se llevar\u00e1 a cabo la <a href=\"https:\/\/www.hoymercedes.com.ar\/principal\/2018\/10\/14\/mas-de-cien-artistas-en-la-cuarta-edicion-de-arte-al-pasar\/\" target=\"_blank\" rel=\"noopener\">cuarta edici\u00f3n de Arte Al Pasar<\/a>. Un evento al aire libre en el que confluyen distintas disciplinas art\u00edsticas como la pl\u00e1stica, la fotograf\u00eda, la m\u00fasica, la escultura, la literatura, la danza y el teatro. En el anticipo se daba una fecha, pero eventos nacionales deportivos hicieron que la fecha original se cambiase. Arte al Pasar 4 ser\u00e1 el 25 de noviembre sobre la avenida 29, entre 24 y 26, ampliando el lugar de exposici\u00f3n.<\/p>\n<p>M\u00e1s de cien artistas confirmaron su presencia. De distintas disciplinas como pinturas, grabados, esculturas, fotograf\u00edas, dibujos, escritores, teatristas, m\u00fasicos, danzas, y circo. Entre los expositores se encuentran: Marcela Cueto, Pablo Russo, Mar\u00eda Eugenia Scioli, Marina L\u00f3pez, Alberto Brunetti, AGPR fotos, Mariano Bermudez, Mar\u00eda Laura Mangoni, Walter Villa, Miguel Bustos Berrondo, Cristian Cascallares, Evelina Zunino, Ezequiel Dadea, Eliana Ramponi, Marcos Tabossi, Dar\u00edo Gonz\u00e1lez, Juan Meoniz, Carlos Gim\u00e9nez, Cesar Lalla, Pabl\u00edn Rodr\u00edguez, Solano P\u00e9rez, Pedro Santos Deluca, Lisi Moleres, Camila Despalanques, Carmen Gioscio, Josefina Vivas, Claudio Kajtek Pietrykowski, el circo de Carolina Garc\u00eda y Astor Ciro Lonzarich, Ana Torres, Oscar Bossie, Daiana Dziurdzia, Ana Clara Ben\u00edtez, Pablo G\u00f3mez, Magali Robledo, Javier Fusco, Mario Alejandro Mu\u00f1oz, Chanel Peroncini Altamore, Mercedes C\u00f3rdoba, Dina Bataglia, Mario Ortiz, Gladys Ares, DelOeste Art Chivilcoy, Mar\u00eda Soledad Gusmerotti, la Escuela de Arte de Chivilcoy, de Lujan, Emiliano Miglioranza, Sergio Damian Codonelli, la m\u00fasica de Sebasti\u00e1n Cirillo, Pata Simonet y\u00a0 Tocando Sue\u00f1os.<\/p>\n<p>&nbsp;<\/p>\n","protected":false},"excerpt":{"rendered":"<p>Tal como anticip\u00e1ramos, este mes se llevar\u00e1 a cabo la cuarta edici\u00f3n de Arte Al Pasar. Un evento al aire &#8230; <a title=\"Cambio de fecha para el 4\u00b0 Arte al Pasar: ser\u00e1 el domingo 25\" class=\"read-more\" href=\"https:\/\/www.hoymercedes.com.ar\/principal\/2018\/11\/15\/cambio-de-fecha-para-el-4-arte-al-pasar-sera-el-domingo-25\/\" aria-label=\"Leer m\u00e1s sobre Cambio de fecha para el 4\u00b0 Arte al Pasar: ser\u00e1 el domingo 25\">Leer m\u00e1s<\/a><\/p>\n","protected":false},"author":1,"featured_media":82476,"comment_status":"closed","ping_status":"open","sticky":false,"template":"","format":"standard","meta":{"_monsterinsights_skip_tracking":false,"_monsterinsights_sitenote_active":false,"_monsterinsights_sitenote_note":"","_monsterinsights_sitenote_category":0,"jetpack_post_was_ever_published":false,"_jetpack_newsletter_access":"","_jetpack_dont_email_post_to_subs":false,"_jetpack_newsletter_tier_id":0,"_jetpack_memberships_contains_paywalled_content":false,"_jetpack_memberships_contains_paid_content":false,"footnotes":"","jetpack_publicize_message":"","jetpack_publicize_feature_enabled":true,"jetpack_social_post_already_shared":true,"jetpack_social_options":{"image_generator_settings":{"template":"highway","default_image_id":0,"font":"","enabled":false},"version":2},"_wpas_customize_per_network":false},"categories":[104],"tags":[10465,7805,10],"class_list":["post-83966","post","type-post","status-publish","format-standard","has-post-thumbnail","hentry","category-cultura","tag-arte-al-pasar","tag-cultura","tag-mercedes","generate-columns","tablet-grid-50","mobile-grid-100","grid-parent","grid-50"],"jetpack_publicize_connections":[],"jetpack_featured_media_url":"https:\/\/www.hoymercedes.com.ar\/principal\/wp-content\/uploads\/2018\/10\/14-arte-al-pasar.jpg","wps_subtitle":"A partir de la hora 19","jetpack_sharing_enabled":true,"_links":{"self":[{"href":"https:\/\/www.hoymercedes.com.ar\/principal\/wp-json\/wp\/v2\/posts\/83966","targetHints":{"allow":["GET"]}}],"collection":[{"href":"https:\/\/www.hoymercedes.com.ar\/principal\/wp-json\/wp\/v2\/posts"}],"about":[{"href":"https:\/\/www.hoymercedes.com.ar\/principal\/wp-json\/wp\/v2\/types\/post"}],"author":[{"embeddable":true,"href":"https:\/\/www.hoymercedes.com.ar\/principal\/wp-json\/wp\/v2\/users\/1"}],"replies":[{"embeddable":true,"href":"https:\/\/www.hoymercedes.com.ar\/principal\/wp-json\/wp\/v2\/comments?post=83966"}],"version-history":[{"count":0,"href":"https:\/\/www.hoymercedes.com.ar\/principal\/wp-json\/wp\/v2\/posts\/83966\/revisions"}],"wp:featuredmedia":[{"embeddable":true,"href":"https:\/\/www.hoymercedes.com.ar\/principal\/wp-json\/wp\/v2\/media\/82476"}],"wp:attachment":[{"href":"https:\/\/www.hoymercedes.com.ar\/principal\/wp-json\/wp\/v2\/media?parent=83966"}],"wp:term":[{"taxonomy":"category","embeddable":true,"href":"https:\/\/www.hoymercedes.com.ar\/principal\/wp-json\/wp\/v2\/categories?post=83966"},{"taxonomy":"post_tag","embeddable":true,"href":"https:\/\/www.hoymercedes.com.ar\/principal\/wp-json\/wp\/v2\/tags?post=83966"}],"curies":[{"name":"wp","href":"https:\/\/api.w.org\/{rel}","templated":true}]}}