{"id":83981,"date":"2018-11-15T08:47:19","date_gmt":"2018-11-15T11:47:19","guid":{"rendered":"http:\/\/www.hoymercedes.com.ar\/principal\/?p=83981"},"modified":"2018-11-14T19:00:11","modified_gmt":"2018-11-14T22:00:11","slug":"les-demoiselles-quinteto-femenino-de-pelicula-actuan-en-mercedes","status":"publish","type":"post","link":"https:\/\/www.hoymercedes.com.ar\/principal\/2018\/11\/15\/les-demoiselles-quinteto-femenino-de-pelicula-actuan-en-mercedes\/","title":{"rendered":"Les Demoiselles, quinteto femenino de pel\u00edcula, act\u00faan en Mercedes"},"content":{"rendered":"<p>El pr\u00f3ximo s\u00e1bado 17 de noviembre actuar\u00e1n en Mercedes el quinteto femenino de vientos y cuerdas Les Demoiselles. Formado por integrantes de las Orquestas Filarm\u00f3nica del Teatro Col\u00f3n, del Teatro Argentino de La Plata y la Sinf\u00f3nica Nacional, el grupo actuar\u00e1 a partir de las 20:30 del s\u00e1bado en el Colegio Nacional en el marco del ciclo musical ProArte que organiza el Centro de Egresados de la centenaria instituci\u00f3n educativa.<\/p>\n<p><img loading=\"lazy\" decoding=\"async\" data-attachment-id=\"84000\" data-permalink=\"https:\/\/www.hoymercedes.com.ar\/principal\/2018\/11\/15\/les-demoiselles-quinteto-femenino-de-pelicula-actuan-en-mercedes\/15-demoiselles\/#main\" data-orig-file=\"https:\/\/www.hoymercedes.com.ar\/principal\/wp-content\/uploads\/2018\/11\/15-demoiselles.jpg\" data-orig-size=\"750,412\" data-comments-opened=\"0\" data-image-meta=\"{&quot;aperture&quot;:&quot;0&quot;,&quot;credit&quot;:&quot;&quot;,&quot;camera&quot;:&quot;&quot;,&quot;caption&quot;:&quot;&quot;,&quot;created_timestamp&quot;:&quot;0&quot;,&quot;copyright&quot;:&quot;&quot;,&quot;focal_length&quot;:&quot;0&quot;,&quot;iso&quot;:&quot;0&quot;,&quot;shutter_speed&quot;:&quot;0&quot;,&quot;title&quot;:&quot;&quot;,&quot;orientation&quot;:&quot;0&quot;}\" data-image-title=\"15 demoiselles\" data-image-description=\"\" data-image-caption=\"\" data-large-file=\"https:\/\/www.hoymercedes.com.ar\/principal\/wp-content\/uploads\/2018\/11\/15-demoiselles.jpg\" class=\"aligncenter size-full wp-image-84000\" src=\"https:\/\/www.hoymercedes.com.ar\/principal\/wp-content\/uploads\/2018\/11\/15-demoiselles.jpg\" alt=\"\" width=\"750\" height=\"412\" srcset=\"https:\/\/www.hoymercedes.com.ar\/principal\/wp-content\/uploads\/2018\/11\/15-demoiselles.jpg 750w, https:\/\/www.hoymercedes.com.ar\/principal\/wp-content\/uploads\/2018\/11\/15-demoiselles-150x82.jpg 150w, https:\/\/www.hoymercedes.com.ar\/principal\/wp-content\/uploads\/2018\/11\/15-demoiselles-630x346.jpg 630w\" sizes=\"auto, (max-width: 750px) 100vw, 750px\" \/><\/p>\n<p>La flautista Estela Gord\u00edn, Marina L\u00f3pez en clarinete, la violinista Natacha Pishenina, Ana Tauriello en viola y la violonchelista Ana Fainguerch\u00a0interpretan m\u00fasica de pel\u00edculas mientras se proyectan im\u00e1genes de los films en una pantalla, reviviendo las antiguas proyecciones del cine mudo con orquesta en\u00a0vivo.<\/p>\n<p>Su repertorio incluye temas de \u00abCasablanca\u00bb, \u201cCabaret\u201d, \u201cT\u00e9 para dos\u201d, \u201cSerenata a la luz de la luna\u201d, un potpourr\u00ed de temas de Gershwin medley y un mix de tangos como \u201cPor una cabeza\u201d, \u201cRubias de New York\u201d y \u00abNo llores por m\u00ed Argentina\u00bb, entre otros temas que interpretar\u00e1n en vivo.<\/p>\n<p>El repertorio tiene arreglos especialmente para la formaci\u00f3n de flauta traversa, clarinete, viol\u00edn, viola y cello por m\u00fasicos de la talla de Ernesto Acher, Oscar Tissera, Diego Vila y Lito Valle.<\/p>\n<p>El espect\u00e1culo ser\u00e1 el s\u00e1bado 17 de noviembre, 20;30 horas, en el sal\u00f3n de actos del Colegio Nacional (avenida 17 N\u00b0 725).<\/p>\n<p>Las entradas se pueden adquirir con antelaci\u00f3n Joser, Joser Casa y Dise\u00f1o, Talabarter\u00eda Las Mar\u00edas y Librer\u00eda Tiempos de Papel, sino el d\u00eda de la funci\u00f3n minutos antes de la misma.<\/p>\n","protected":false},"excerpt":{"rendered":"<p>El pr\u00f3ximo s\u00e1bado 17 de noviembre actuar\u00e1n en Mercedes el quinteto femenino de vientos y cuerdas Les Demoiselles. Formado por &#8230; <a title=\"Les Demoiselles, quinteto femenino de pel\u00edcula, act\u00faan en Mercedes\" class=\"read-more\" href=\"https:\/\/www.hoymercedes.com.ar\/principal\/2018\/11\/15\/les-demoiselles-quinteto-femenino-de-pelicula-actuan-en-mercedes\/\" aria-label=\"Leer m\u00e1s sobre Les Demoiselles, quinteto femenino de pel\u00edcula, act\u00faan en Mercedes\">Leer m\u00e1s<\/a><\/p>\n","protected":false},"author":1,"featured_media":84000,"comment_status":"closed","ping_status":"open","sticky":false,"template":"","format":"standard","meta":{"_monsterinsights_skip_tracking":false,"_monsterinsights_sitenote_active":false,"_monsterinsights_sitenote_note":"","_monsterinsights_sitenote_category":0,"jetpack_post_was_ever_published":false,"_jetpack_newsletter_access":"","_jetpack_dont_email_post_to_subs":false,"_jetpack_newsletter_tier_id":0,"_jetpack_memberships_contains_paywalled_content":false,"_jetpack_memberships_contains_paid_content":false,"footnotes":"","jetpack_publicize_message":"","jetpack_publicize_feature_enabled":true,"jetpack_social_post_already_shared":true,"jetpack_social_options":{"image_generator_settings":{"template":"highway","default_image_id":0,"font":"","enabled":false},"version":2},"_wpas_customize_per_network":false},"categories":[104],"tags":[9960,465,7805,8539],"class_list":["post-83981","post","type-post","status-publish","format-standard","has-post-thumbnail","hentry","category-cultura","tag-centro-de-egresados","tag-colegio-nacional","tag-cultura","tag-musica","generate-columns","tablet-grid-50","mobile-grid-100","grid-parent","grid-50"],"jetpack_publicize_connections":[],"jetpack_featured_media_url":"https:\/\/www.hoymercedes.com.ar\/principal\/wp-content\/uploads\/2018\/11\/15-demoiselles.jpg","wps_subtitle":"Ciclo ProArte Colegio Nacional","jetpack_sharing_enabled":true,"_links":{"self":[{"href":"https:\/\/www.hoymercedes.com.ar\/principal\/wp-json\/wp\/v2\/posts\/83981","targetHints":{"allow":["GET"]}}],"collection":[{"href":"https:\/\/www.hoymercedes.com.ar\/principal\/wp-json\/wp\/v2\/posts"}],"about":[{"href":"https:\/\/www.hoymercedes.com.ar\/principal\/wp-json\/wp\/v2\/types\/post"}],"author":[{"embeddable":true,"href":"https:\/\/www.hoymercedes.com.ar\/principal\/wp-json\/wp\/v2\/users\/1"}],"replies":[{"embeddable":true,"href":"https:\/\/www.hoymercedes.com.ar\/principal\/wp-json\/wp\/v2\/comments?post=83981"}],"version-history":[{"count":0,"href":"https:\/\/www.hoymercedes.com.ar\/principal\/wp-json\/wp\/v2\/posts\/83981\/revisions"}],"wp:featuredmedia":[{"embeddable":true,"href":"https:\/\/www.hoymercedes.com.ar\/principal\/wp-json\/wp\/v2\/media\/84000"}],"wp:attachment":[{"href":"https:\/\/www.hoymercedes.com.ar\/principal\/wp-json\/wp\/v2\/media?parent=83981"}],"wp:term":[{"taxonomy":"category","embeddable":true,"href":"https:\/\/www.hoymercedes.com.ar\/principal\/wp-json\/wp\/v2\/categories?post=83981"},{"taxonomy":"post_tag","embeddable":true,"href":"https:\/\/www.hoymercedes.com.ar\/principal\/wp-json\/wp\/v2\/tags?post=83981"}],"curies":[{"name":"wp","href":"https:\/\/api.w.org\/{rel}","templated":true}]}}