{"id":84010,"date":"2018-11-15T08:00:50","date_gmt":"2018-11-15T11:00:50","guid":{"rendered":"http:\/\/www.hoymercedes.com.ar\/principal\/?p=84010"},"modified":"2018-11-14T22:02:44","modified_gmt":"2018-11-15T01:02:44","slug":"84010","status":"publish","type":"post","link":"https:\/\/www.hoymercedes.com.ar\/principal\/2018\/11\/15\/84010\/","title":{"rendered":"Se realizan controles de salud en las escuelas"},"content":{"rendered":"<figure id=\"attachment_84011\" aria-describedby=\"caption-attachment-84011\" style=\"width: 1140px\" class=\"wp-caption aligncenter\"><img loading=\"lazy\" decoding=\"async\" data-attachment-id=\"84011\" data-permalink=\"https:\/\/www.hoymercedes.com.ar\/principal\/2018\/11\/15\/84010\/prosane-1\/#main\" data-orig-file=\"https:\/\/www.hoymercedes.com.ar\/principal\/wp-content\/uploads\/2018\/11\/prosane.1.jpg\" data-orig-size=\"1150,656\" data-comments-opened=\"0\" data-image-meta=\"{&quot;aperture&quot;:&quot;0&quot;,&quot;credit&quot;:&quot;&quot;,&quot;camera&quot;:&quot;&quot;,&quot;caption&quot;:&quot;&quot;,&quot;created_timestamp&quot;:&quot;0&quot;,&quot;copyright&quot;:&quot;&quot;,&quot;focal_length&quot;:&quot;0&quot;,&quot;iso&quot;:&quot;0&quot;,&quot;shutter_speed&quot;:&quot;0&quot;,&quot;title&quot;:&quot;&quot;,&quot;orientation&quot;:&quot;0&quot;}\" data-image-title=\"prosane.1\" data-image-description=\"\" data-image-caption=\"&lt;p&gt;Salud en escuelas&lt;\/p&gt;\n\" data-large-file=\"https:\/\/www.hoymercedes.com.ar\/principal\/wp-content\/uploads\/2018\/11\/prosane.1-1024x584.jpg\" class=\"size-full wp-image-84011\" src=\"https:\/\/www.hoymercedes.com.ar\/principal\/wp-content\/uploads\/2018\/11\/prosane.1.jpg\" alt=\"\" width=\"1150\" height=\"656\" srcset=\"https:\/\/www.hoymercedes.com.ar\/principal\/wp-content\/uploads\/2018\/11\/prosane.1.jpg 1150w, https:\/\/www.hoymercedes.com.ar\/principal\/wp-content\/uploads\/2018\/11\/prosane.1-150x86.jpg 150w, https:\/\/www.hoymercedes.com.ar\/principal\/wp-content\/uploads\/2018\/11\/prosane.1-630x359.jpg 630w, https:\/\/www.hoymercedes.com.ar\/principal\/wp-content\/uploads\/2018\/11\/prosane.1-1024x584.jpg 1024w\" sizes=\"auto, (max-width: 1150px) 100vw, 1150px\" \/><figcaption id=\"caption-attachment-84011\" class=\"wp-caption-text\">Salud en escuelas<\/figcaption><\/figure>\n<p style=\"font-weight: 400;\">Se estuvo llevando a cabo en la escuela primaria N\u00b036 de nuestra ciudad, el programa Prosane (Programa de Salud Escolar) el cual era de \u00edndole Nacional e iba a dejar de funcionar, pero por decisi\u00f3n del intendente se municipaliz\u00f3. All\u00ed se hizo presente el intendente de nuestra ciudad el Dr. Juan Ignacio Ustarroz, quien felicit\u00f3 a todo el equipo por su actitud y compromiso y sostuvo \u201ceste es un programa necesario donde el Estado se acerca con salud, en este caso, a los establecimientos educativos y desarrolla una gran bater\u00eda de recursos que se ponen a disposici\u00f3n de los ni\u00f1os y su familia\u201d.<\/p>\n<p style=\"font-weight: 400;\"><strong>Ni\u00f1ez como prioridad<\/strong><\/p>\n<p style=\"font-weight: 400;\">El mismo tiene como objetivo desarrollar y fortalecer pol\u00edticas integradas de cuidado entre Salud y Educaci\u00f3n, dando respuesta a las necesidades de atenci\u00f3n de los ni\u00f1os, ni\u00f1as y adolescentes en edad escolar, impulsando acciones de prevenci\u00f3n de enfermedades y promoci\u00f3n de la salud.<\/p>\n<p style=\"font-weight: 400;\">Al mismo tiempo subray\u00f3 \u201cesto tambi\u00e9n es posible a todo el avance y la inversi\u00f3n que se viene realizando desde el Municipio en materia de salud\u201d y agreg\u00f3 \u201ctenemos cada vez m\u00e1s programas e instrumentos para poder llevarlos a cabo, ya que contamos con tres consultorios odontol\u00f3gicos, un consultorio oftalmol\u00f3gico, CAPS (centros de atenci\u00f3n primaria) dispuestos en muchos puntos de nuestra ciudad, se han incorporado profesionales, lo que adem\u00e1s nos permite trabajar en un eje primordial como es la prevenci\u00f3n\u201d.<\/p>\n<figure id=\"attachment_84013\" aria-describedby=\"caption-attachment-84013\" style=\"width: 586px\" class=\"wp-caption aligncenter\"><img loading=\"lazy\" decoding=\"async\" data-attachment-id=\"84013\" data-permalink=\"https:\/\/www.hoymercedes.com.ar\/principal\/2018\/11\/15\/84010\/prosane-3\/#main\" data-orig-file=\"https:\/\/www.hoymercedes.com.ar\/principal\/wp-content\/uploads\/2018\/11\/prosane.3.jpg\" data-orig-size=\"596,607\" data-comments-opened=\"0\" data-image-meta=\"{&quot;aperture&quot;:&quot;0&quot;,&quot;credit&quot;:&quot;&quot;,&quot;camera&quot;:&quot;&quot;,&quot;caption&quot;:&quot;&quot;,&quot;created_timestamp&quot;:&quot;0&quot;,&quot;copyright&quot;:&quot;&quot;,&quot;focal_length&quot;:&quot;0&quot;,&quot;iso&quot;:&quot;0&quot;,&quot;shutter_speed&quot;:&quot;0&quot;,&quot;title&quot;:&quot;&quot;,&quot;orientation&quot;:&quot;0&quot;}\" data-image-title=\"prosane.3\" data-image-description=\"\" data-image-caption=\"&lt;p&gt;Controles&lt;\/p&gt;\n\" data-large-file=\"https:\/\/www.hoymercedes.com.ar\/principal\/wp-content\/uploads\/2018\/11\/prosane.3.jpg\" class=\"size-full wp-image-84013\" src=\"https:\/\/www.hoymercedes.com.ar\/principal\/wp-content\/uploads\/2018\/11\/prosane.3.jpg\" alt=\"\" width=\"596\" height=\"607\" srcset=\"https:\/\/www.hoymercedes.com.ar\/principal\/wp-content\/uploads\/2018\/11\/prosane.3.jpg 596w, https:\/\/www.hoymercedes.com.ar\/principal\/wp-content\/uploads\/2018\/11\/prosane.3-147x150.jpg 147w\" sizes=\"auto, (max-width: 596px) 100vw, 596px\" \/><figcaption id=\"caption-attachment-84013\" class=\"wp-caption-text\">Controles<\/figcaption><\/figure>\n<p style=\"font-weight: 400;\"><strong>Interdisciplinario<\/strong><\/p>\n<p style=\"font-weight: 400;\">El secretario de salud municipal, el Dr. Pablo Cassiani destac\u00f3 \u201cla integralidad verdaderamente se da en c\u00f3mo est\u00e1 unido y unificado todo el equipo interdisciplinario, el cual es excelente, con un gran compromiso y humanidad\u201d<\/p>\n<p style=\"font-weight: 400;\">A su vez, el secretario de salud describi\u00f3 \u201cvan pasando por una serie de postas donde se revisa la libreta sanitaria, se controla que est\u00e9n todas las vacunas y de no ser as\u00ed se las anota y se los deriva a CAPS para que se la suministren\u201d y se\u00f1al\u00f3 \u201cpero adem\u00e1s hay dos promotoras que hacen un seguimiento para que ello ocurra, es decir, se cercioran que esa persona acceda a ese servicio\u201d.<\/p>\n<p style=\"font-weight: 400;\"><strong>Cuidados<\/strong><\/p>\n<p style=\"font-weight: 400;\">Conjuntamente, a\u00f1adi\u00f3 \u201cpasa por un control odontol\u00f3gico de salud bucal -que es una de las patolog\u00edas m\u00e1s prevalentes en las escuelas- lamentablemente tenemos muchos ni\u00f1os con problemas en sus dientes, y cuando esto es as\u00ed los derivamos a alguno de los tres consultorios odontol\u00f3gicos municipales\u201d.<\/p>\n<p style=\"font-weight: 400;\">\u201cDe all\u00ed pasan a un control por enfermer\u00eda -peso, talla y agudeza visual- luego pasa a un control m\u00e9dico con un Dr. Generalista y de ah\u00ed al fonoaudi\u00f3logo\u201d.<\/p>\n<p style=\"font-weight: 400;\">Asimismo, Cassiani asegur\u00f3 \u201ces un programa bien integral al cual la familia responde muy bien, con mucho compromiso y responsabilidad\u201d.<\/p>\n<p><span style=\"font-weight: 400;\">Ana Clara Scovenna, trabajadora social que supervisa este programa expres\u00f3 \u201clo que venimos viendo en las diferentes escuelas son que los chicos presentan problemas odontol\u00f3gicos, oftalmol\u00f3gicos y desnutrici\u00f3n\u201d siendo un an\u00e1lisis necesario e importante para poder seguir actuando, en la realidad, cuidando el futuro de nuestros nenes y nenas.<\/span><span style=\"font-weight: 400;\">\u00a0<\/span><\/p>\n<p><img loading=\"lazy\" decoding=\"async\" data-attachment-id=\"84014\" data-permalink=\"https:\/\/www.hoymercedes.com.ar\/principal\/2018\/11\/15\/84010\/prosane-2\/#main\" data-orig-file=\"https:\/\/www.hoymercedes.com.ar\/principal\/wp-content\/uploads\/2018\/11\/prosane.2.jpg\" data-orig-size=\"911,608\" data-comments-opened=\"0\" data-image-meta=\"{&quot;aperture&quot;:&quot;0&quot;,&quot;credit&quot;:&quot;&quot;,&quot;camera&quot;:&quot;&quot;,&quot;caption&quot;:&quot;&quot;,&quot;created_timestamp&quot;:&quot;0&quot;,&quot;copyright&quot;:&quot;&quot;,&quot;focal_length&quot;:&quot;0&quot;,&quot;iso&quot;:&quot;0&quot;,&quot;shutter_speed&quot;:&quot;0&quot;,&quot;title&quot;:&quot;&quot;,&quot;orientation&quot;:&quot;0&quot;}\" data-image-title=\"prosane.2\" data-image-description=\"\" data-image-caption=\"\" data-large-file=\"https:\/\/www.hoymercedes.com.ar\/principal\/wp-content\/uploads\/2018\/11\/prosane.2.jpg\" class=\"aligncenter size-full wp-image-84014\" src=\"https:\/\/www.hoymercedes.com.ar\/principal\/wp-content\/uploads\/2018\/11\/prosane.2.jpg\" alt=\"\" width=\"911\" height=\"608\" srcset=\"https:\/\/www.hoymercedes.com.ar\/principal\/wp-content\/uploads\/2018\/11\/prosane.2.jpg 911w, https:\/\/www.hoymercedes.com.ar\/principal\/wp-content\/uploads\/2018\/11\/prosane.2-150x100.jpg 150w, https:\/\/www.hoymercedes.com.ar\/principal\/wp-content\/uploads\/2018\/11\/prosane.2-630x420.jpg 630w\" sizes=\"auto, (max-width: 911px) 100vw, 911px\" \/><\/p>\n<p>&nbsp;<\/p>\n<p>Data: Sec. Salud<\/p>\n","protected":false},"excerpt":{"rendered":"<p>Se estuvo llevando a cabo en la escuela primaria N\u00b036 de nuestra ciudad, el programa Prosane (Programa de Salud Escolar) &#8230; <a title=\"Se realizan controles de salud en las escuelas\" class=\"read-more\" href=\"https:\/\/www.hoymercedes.com.ar\/principal\/2018\/11\/15\/84010\/\" aria-label=\"Leer m\u00e1s sobre Se realizan controles de salud en las escuelas\">Leer m\u00e1s<\/a><\/p>\n","protected":false},"author":1,"featured_media":84013,"comment_status":"closed","ping_status":"open","sticky":false,"template":"","format":"standard","meta":{"_monsterinsights_skip_tracking":false,"_monsterinsights_sitenote_active":false,"_monsterinsights_sitenote_note":"","_monsterinsights_sitenote_category":0,"jetpack_post_was_ever_published":false,"_jetpack_newsletter_access":"","_jetpack_dont_email_post_to_subs":false,"_jetpack_newsletter_tier_id":0,"_jetpack_memberships_contains_paywalled_content":false,"_jetpack_memberships_contains_paid_content":false,"footnotes":"","jetpack_publicize_message":"","jetpack_publicize_feature_enabled":true,"jetpack_social_post_already_shared":true,"jetpack_social_options":{"image_generator_settings":{"template":"highway","default_image_id":0,"font":"","enabled":false},"version":2},"_wpas_customize_per_network":false},"categories":[30],"tags":[14056,8530,14055],"class_list":["post-84010","post","type-post","status-publish","format-standard","has-post-thumbnail","hentry","category-municipio","tag-casiani","tag-salud-en-mercedes","tag-ustarrroz","generate-columns","tablet-grid-50","mobile-grid-100","grid-parent","grid-50"],"jetpack_publicize_connections":[],"jetpack_featured_media_url":"https:\/\/www.hoymercedes.com.ar\/principal\/wp-content\/uploads\/2018\/11\/prosane.3.jpg","wps_subtitle":"Municipio ","jetpack_sharing_enabled":true,"_links":{"self":[{"href":"https:\/\/www.hoymercedes.com.ar\/principal\/wp-json\/wp\/v2\/posts\/84010","targetHints":{"allow":["GET"]}}],"collection":[{"href":"https:\/\/www.hoymercedes.com.ar\/principal\/wp-json\/wp\/v2\/posts"}],"about":[{"href":"https:\/\/www.hoymercedes.com.ar\/principal\/wp-json\/wp\/v2\/types\/post"}],"author":[{"embeddable":true,"href":"https:\/\/www.hoymercedes.com.ar\/principal\/wp-json\/wp\/v2\/users\/1"}],"replies":[{"embeddable":true,"href":"https:\/\/www.hoymercedes.com.ar\/principal\/wp-json\/wp\/v2\/comments?post=84010"}],"version-history":[{"count":0,"href":"https:\/\/www.hoymercedes.com.ar\/principal\/wp-json\/wp\/v2\/posts\/84010\/revisions"}],"wp:featuredmedia":[{"embeddable":true,"href":"https:\/\/www.hoymercedes.com.ar\/principal\/wp-json\/wp\/v2\/media\/84013"}],"wp:attachment":[{"href":"https:\/\/www.hoymercedes.com.ar\/principal\/wp-json\/wp\/v2\/media?parent=84010"}],"wp:term":[{"taxonomy":"category","embeddable":true,"href":"https:\/\/www.hoymercedes.com.ar\/principal\/wp-json\/wp\/v2\/categories?post=84010"},{"taxonomy":"post_tag","embeddable":true,"href":"https:\/\/www.hoymercedes.com.ar\/principal\/wp-json\/wp\/v2\/tags?post=84010"}],"curies":[{"name":"wp","href":"https:\/\/api.w.org\/{rel}","templated":true}]}}