{"id":84027,"date":"2018-11-16T07:14:55","date_gmt":"2018-11-16T10:14:55","guid":{"rendered":"http:\/\/www.hoymercedes.com.ar\/principal\/?p=84027"},"modified":"2018-11-15T17:21:16","modified_gmt":"2018-11-15T20:21:16","slug":"estudiantes-quedo-eliminado-en-el-primer-cruce-del-sub-13","status":"publish","type":"post","link":"https:\/\/www.hoymercedes.com.ar\/principal\/2018\/11\/16\/estudiantes-quedo-eliminado-en-el-primer-cruce-del-sub-13\/","title":{"rendered":"Estudiantes qued\u00f3 eliminado en el primer cruce del Sub 13"},"content":{"rendered":"<p>Tras perder el partido de ida de los octavos de final del torneo Sub 13 de clubes organizado por la Federaci\u00f3n Norte de F\u00fatbol, Estudiantes, que hab\u00eda hecho una gran fase de grupos siendo l\u00edder invicto de su zona, no pudo convertirle a Rivadavia de Lincoln y se qued\u00f3 sin chances en el torneo.<\/p>\n<p><img loading=\"lazy\" decoding=\"async\" data-attachment-id=\"84028\" data-permalink=\"https:\/\/www.hoymercedes.com.ar\/principal\/2018\/11\/16\/estudiantes-quedo-eliminado-en-el-primer-cruce-del-sub-13\/estudiantes-sub-13-federacion-norte-2\/#main\" data-orig-file=\"https:\/\/www.hoymercedes.com.ar\/principal\/wp-content\/uploads\/2018\/11\/Estudiantes-Sub-13-Federaci\u00f3n-Norte-1.jpg\" data-orig-size=\"960,539\" data-comments-opened=\"0\" data-image-meta=\"{&quot;aperture&quot;:&quot;0&quot;,&quot;credit&quot;:&quot;&quot;,&quot;camera&quot;:&quot;&quot;,&quot;caption&quot;:&quot;&quot;,&quot;created_timestamp&quot;:&quot;0&quot;,&quot;copyright&quot;:&quot;&quot;,&quot;focal_length&quot;:&quot;0&quot;,&quot;iso&quot;:&quot;0&quot;,&quot;shutter_speed&quot;:&quot;0&quot;,&quot;title&quot;:&quot;&quot;,&quot;orientation&quot;:&quot;0&quot;}\" data-image-title=\"Estudiantes Sub 13 Federaci\u00f3n Norte\" data-image-description=\"\" data-image-caption=\"\" data-large-file=\"https:\/\/www.hoymercedes.com.ar\/principal\/wp-content\/uploads\/2018\/11\/Estudiantes-Sub-13-Federaci\u00f3n-Norte-1.jpg\" class=\"aligncenter size-full wp-image-84028\" src=\"https:\/\/www.hoymercedes.com.ar\/principal\/wp-content\/uploads\/2018\/11\/Estudiantes-Sub-13-Federaci\u00f3n-Norte-1.jpg\" alt=\"\" width=\"960\" height=\"539\" srcset=\"https:\/\/www.hoymercedes.com.ar\/principal\/wp-content\/uploads\/2018\/11\/Estudiantes-Sub-13-Federaci\u00f3n-Norte-1.jpg 960w, https:\/\/www.hoymercedes.com.ar\/principal\/wp-content\/uploads\/2018\/11\/Estudiantes-Sub-13-Federaci\u00f3n-Norte-1-150x84.jpg 150w, https:\/\/www.hoymercedes.com.ar\/principal\/wp-content\/uploads\/2018\/11\/Estudiantes-Sub-13-Federaci\u00f3n-Norte-1-630x354.jpg 630w\" sizes=\"auto, (max-width: 960px) 100vw, 960px\" \/><\/p>\n<p>Tras el 1 a 0 en contra en la ida, el 0 a 0 en la vuelta lo dej\u00f3 eliminado en forma temprana para lo que se esperaba de un equipo que ven\u00eda arrasando. Si bien Estudiantes fue m\u00e1s que su rival, no le termin\u00f3 alcanzando, con tanta mala suerte que en la \u00faltima jugada un disparo de Sebasti\u00e1n Gonz\u00e1lez dio en el travesa\u00f1o y pic\u00f3 cerca de la l\u00ednea, pero no entr\u00f3.<\/p>\n<p><strong>Estudiantes 0:<\/strong>\u00a0Nicol\u00e1s Navarro, Joaqu\u00edn Ricci, Sebasti\u00e1n Gonz\u00e1lez, Tob\u00edas Bachetti, Juan Delo Oro, Benjam\u00edn Quevedo, Gonzalo Duarte, Kevin Dos Santos, Mat\u00edas Albanese, Lucas Bugar\u00edn y Mateo Zammitto.\u00a0<strong>DT:<\/strong>\u00a0Hern\u00e1n Albanese.\u00a0<strong>Suplentes:<\/strong>\u00a0Felipe Varas, Franco Adorno y Santiago Zammitto.<br \/>\n<strong>Rivadavia 0:<\/strong>\u00a0Tom\u00e1s Lumbreras, Tom\u00e1s Carmirciano, Ignacio Cast\u00e1n, Alejo Romano, Facundo Sandoval, Mat\u00edas Giacone, Mat\u00edas Redmores, Jerano Mango, Bautista Schefer, Alan Palacios y Alejo Lasomino.\u00a0<strong>DT:<\/strong>\u00a0Mat\u00edas Cavalli.<br \/>\n<strong>Cambios:<\/strong>\u00a0Franco Adorno por\u00a0 Mat\u00edas Albanese y 16 Mateo Yancarelli por Tob\u00edas Bachetti en Estudiantes. Braian Oyuela por\u00a0 Bautista Schefer, Joaqu\u00edn Baz\u00e1n por Alejo Romano, Nahuel Silvestre por Ignacio Cast\u00e1n, Augusto P\u00e9rez por Tom\u00e1s Carmirciano y Lautaro Loporasi por Jerem\u00edas Mango en Rivadavia.<br \/>\n<strong>Arbitro:<\/strong>\u00a0Federico Deluca (Chivilcoy).<\/p>\n<p><strong>Cuartos de final<\/strong><br \/>\nRegatas (San Nicol\u00e1s) vs. Sarmiento (Jun\u00edn).<br \/>\nRivadavia (Jun\u00edn) vs. Gimnasia (Chivilcoy).<br \/>\nEl Front\u00f3n vs. Belgrano (Z\u00e1rate).<br \/>\nArgentino (Pergamino) vs. Sportivo Barracas (Col\u00f3n).<\/p>\n","protected":false},"excerpt":{"rendered":"<p>Tras perder el partido de ida de los octavos de final del torneo Sub 13 de clubes organizado por la &#8230; <a title=\"Estudiantes qued\u00f3 eliminado en el primer cruce del Sub 13\" class=\"read-more\" href=\"https:\/\/www.hoymercedes.com.ar\/principal\/2018\/11\/16\/estudiantes-quedo-eliminado-en-el-primer-cruce-del-sub-13\/\" aria-label=\"Leer m\u00e1s sobre Estudiantes qued\u00f3 eliminado en el primer cruce del Sub 13\">Leer m\u00e1s<\/a><\/p>\n","protected":false},"author":1,"featured_media":84028,"comment_status":"closed","ping_status":"open","sticky":false,"template":"","format":"standard","meta":{"_monsterinsights_skip_tracking":false,"_monsterinsights_sitenote_active":false,"_monsterinsights_sitenote_note":"","_monsterinsights_sitenote_category":0,"jetpack_post_was_ever_published":false,"_jetpack_newsletter_access":"","_jetpack_dont_email_post_to_subs":false,"_jetpack_newsletter_tier_id":0,"_jetpack_memberships_contains_paywalled_content":false,"_jetpack_memberships_contains_paid_content":false,"footnotes":"","jetpack_publicize_message":"","jetpack_publicize_feature_enabled":true,"jetpack_social_post_already_shared":true,"jetpack_social_options":{"image_generator_settings":{"template":"highway","default_image_id":0,"font":"","enabled":false},"version":2},"_wpas_customize_per_network":false},"categories":[21],"tags":[829,8426,1003,11324],"class_list":["post-84027","post","type-post","status-publish","format-standard","has-post-thumbnail","hentry","category-deportes","tag-estudiantes","tag-federacion-norte","tag-futbol","tag-sub-13","generate-columns","tablet-grid-50","mobile-grid-100","grid-parent","grid-50"],"jetpack_publicize_connections":[],"jetpack_featured_media_url":"https:\/\/www.hoymercedes.com.ar\/principal\/wp-content\/uploads\/2018\/11\/Estudiantes-Sub-13-Federaci\u00f3n-Norte-1.jpg","wps_subtitle":"Federaci\u00f3n Norte","jetpack_sharing_enabled":true,"_links":{"self":[{"href":"https:\/\/www.hoymercedes.com.ar\/principal\/wp-json\/wp\/v2\/posts\/84027","targetHints":{"allow":["GET"]}}],"collection":[{"href":"https:\/\/www.hoymercedes.com.ar\/principal\/wp-json\/wp\/v2\/posts"}],"about":[{"href":"https:\/\/www.hoymercedes.com.ar\/principal\/wp-json\/wp\/v2\/types\/post"}],"author":[{"embeddable":true,"href":"https:\/\/www.hoymercedes.com.ar\/principal\/wp-json\/wp\/v2\/users\/1"}],"replies":[{"embeddable":true,"href":"https:\/\/www.hoymercedes.com.ar\/principal\/wp-json\/wp\/v2\/comments?post=84027"}],"version-history":[{"count":0,"href":"https:\/\/www.hoymercedes.com.ar\/principal\/wp-json\/wp\/v2\/posts\/84027\/revisions"}],"wp:featuredmedia":[{"embeddable":true,"href":"https:\/\/www.hoymercedes.com.ar\/principal\/wp-json\/wp\/v2\/media\/84028"}],"wp:attachment":[{"href":"https:\/\/www.hoymercedes.com.ar\/principal\/wp-json\/wp\/v2\/media?parent=84027"}],"wp:term":[{"taxonomy":"category","embeddable":true,"href":"https:\/\/www.hoymercedes.com.ar\/principal\/wp-json\/wp\/v2\/categories?post=84027"},{"taxonomy":"post_tag","embeddable":true,"href":"https:\/\/www.hoymercedes.com.ar\/principal\/wp-json\/wp\/v2\/tags?post=84027"}],"curies":[{"name":"wp","href":"https:\/\/api.w.org\/{rel}","templated":true}]}}