{"id":8403,"date":"2011-10-20T03:17:33","date_gmt":"2011-10-20T03:17:33","guid":{"rendered":"http:\/\/www.hoymercedes.com.ar\/principal\/?p=8403"},"modified":"2011-10-20T03:17:33","modified_gmt":"2011-10-20T03:17:33","slug":"selva-%e2%80%9cel-clima-de-los-barrios-nos-enorgullece%e2%80%9d","status":"publish","type":"post","link":"https:\/\/www.hoymercedes.com.ar\/principal\/2011\/10\/20\/selva-%e2%80%9cel-clima-de-los-barrios-nos-enorgullece%e2%80%9d\/","title":{"rendered":"Selva: \u201cEl clima de los barrios nos enorgullece\u201d"},"content":{"rendered":"<p>\u201cEsta semana seguiremos caminando los barrios, pero, m\u00e1s que por cuestiones de campa\u00f1as ser\u00e1 por el propio pedido de los vecinos. Eso nos da aliento y ganas de seguir d\u00eda a d\u00eda\u201d, manifest\u00f3 el intendente Carlos Selva al ser consultado sobre los pasos que dar\u00e1 esta semana.<\/p>\n<p>\u201cLos participantes de esta campa\u00f1a han sido en su mayor\u00eda muy respetuosos, tal como lo fuimos nosotros que nunca le mentimos a la poblaci\u00f3n. La ciudadan\u00eda en general que ha sufrido las faltas de respeto de algunas fuerzas que han profundamente faltado a la verdad sea con voz propia como desde la acci\u00f3n de personas que aportaron a las campa\u00f1as. La realidad ha mostrado que ten\u00edamos raz\u00f3n y que cuando dec\u00edamos el dinero no est\u00e1 o que la obra si se realiz\u00f3 o cualquier otra cuesti\u00f3n no ment\u00edamos. Esto es parte de los motivos de saber que el domingo la ciudadan\u00eda nos acompa\u00f1ar\u00e1.\u201d<\/p>\n<p>Desde el selvismo se piensa que en el pr\u00f3ximo mandato buscar\u00e1n solidificar aquellos enlaces con la sociedad que m\u00e1s vulnerables se encuentren como as\u00ed tambi\u00e9n la prestaci\u00f3n de servicios que naturalmente nacer\u00e1 desde la inversi\u00f3n en estructura que se viene realizando seg\u00fan la militancia desde el minuto cero.<\/p>\n<p>&nbsp;<\/p>\n<p>La recorrida barrial del \u00faltimo tiempo les ha permitido, seg\u00fan Carlos Selva, \u201cuna mayor y fluida comunicaci\u00f3n con toda la comunidad donde nos sorprendi\u00f3 c\u00f3mo los vecinos sab\u00edan de cada mejora vivida, como conoc\u00edan algunos proyectos y como tienen en claro el rol que cada uno viene jugando, quienes lo hacen desde la humildad y el trabajo militante y quienes desde millones que sabe Dios c\u00f3mo rendir\u00e1n cuenta\u201d<\/p>\n<p>La campa\u00f1a est\u00e1 finalizando, se viene la hora de la verdad definitiva en relaci\u00f3n al dictamen que dar\u00e1 la sociedad a partir de las urnas. Desde el espacio del Frente para la Victoria comandado por Carlos Selva el optimismo es grande porque no se trata de una ilusi\u00f3n, sino, de una sensaci\u00f3n nacida desde la realidad.<\/p>\n<p><span style=\"color: #888888;\">Fuente: A17O<\/span><\/p>\n","protected":false},"excerpt":{"rendered":"<p>\u201cEsta semana seguiremos caminando los barrios, pero, m\u00e1s que por cuestiones de campa\u00f1as ser\u00e1 por el propio pedido de los &#8230; <a title=\"Selva: \u201cEl clima de los barrios nos enorgullece\u201d\" class=\"read-more\" href=\"https:\/\/www.hoymercedes.com.ar\/principal\/2011\/10\/20\/selva-%e2%80%9cel-clima-de-los-barrios-nos-enorgullece%e2%80%9d\/\" aria-label=\"Leer m\u00e1s sobre Selva: \u201cEl clima de los barrios nos enorgullece\u201d\">Leer m\u00e1s<\/a><\/p>\n","protected":false},"author":1,"featured_media":0,"comment_status":"open","ping_status":"open","sticky":false,"template":"","format":"standard","meta":{"_monsterinsights_skip_tracking":false,"_monsterinsights_sitenote_active":false,"_monsterinsights_sitenote_note":"","_monsterinsights_sitenote_category":0,"jetpack_post_was_ever_published":false,"_jetpack_newsletter_access":"","_jetpack_dont_email_post_to_subs":false,"_jetpack_newsletter_tier_id":0,"_jetpack_memberships_contains_paywalled_content":false,"_jetpack_memberships_contains_paid_content":false,"footnotes":"","jetpack_publicize_message":"","jetpack_publicize_feature_enabled":true,"jetpack_social_post_already_shared":false,"jetpack_social_options":{"image_generator_settings":{"template":"highway","default_image_id":0,"font":"","enabled":false},"version":2},"_wpas_customize_per_network":false},"categories":[1],"tags":[552,18],"class_list":["post-8403","post","type-post","status-publish","format-standard","hentry","category-opinion","tag-agrupacion-17-de-octubre","tag-selva","generate-columns","tablet-grid-50","mobile-grid-100","grid-parent","grid-50"],"jetpack_publicize_connections":[],"jetpack_featured_media_url":"","wps_subtitle":"","jetpack_sharing_enabled":true,"_links":{"self":[{"href":"https:\/\/www.hoymercedes.com.ar\/principal\/wp-json\/wp\/v2\/posts\/8403","targetHints":{"allow":["GET"]}}],"collection":[{"href":"https:\/\/www.hoymercedes.com.ar\/principal\/wp-json\/wp\/v2\/posts"}],"about":[{"href":"https:\/\/www.hoymercedes.com.ar\/principal\/wp-json\/wp\/v2\/types\/post"}],"author":[{"embeddable":true,"href":"https:\/\/www.hoymercedes.com.ar\/principal\/wp-json\/wp\/v2\/users\/1"}],"replies":[{"embeddable":true,"href":"https:\/\/www.hoymercedes.com.ar\/principal\/wp-json\/wp\/v2\/comments?post=8403"}],"version-history":[{"count":0,"href":"https:\/\/www.hoymercedes.com.ar\/principal\/wp-json\/wp\/v2\/posts\/8403\/revisions"}],"wp:attachment":[{"href":"https:\/\/www.hoymercedes.com.ar\/principal\/wp-json\/wp\/v2\/media?parent=8403"}],"wp:term":[{"taxonomy":"category","embeddable":true,"href":"https:\/\/www.hoymercedes.com.ar\/principal\/wp-json\/wp\/v2\/categories?post=8403"},{"taxonomy":"post_tag","embeddable":true,"href":"https:\/\/www.hoymercedes.com.ar\/principal\/wp-json\/wp\/v2\/tags?post=8403"}],"curies":[{"name":"wp","href":"https:\/\/api.w.org\/{rel}","templated":true}]}}