{"id":84030,"date":"2018-11-17T07:34:30","date_gmt":"2018-11-17T10:34:30","guid":{"rendered":"http:\/\/www.hoymercedes.com.ar\/principal\/?p=84030"},"modified":"2018-11-14T23:11:41","modified_gmt":"2018-11-15T02:11:41","slug":"bajo-la-lluvia-del-sabado-se-corrio-una-nueva-fecha-del-pako","status":"publish","type":"post","link":"https:\/\/www.hoymercedes.com.ar\/principal\/2018\/11\/17\/bajo-la-lluvia-del-sabado-se-corrio-una-nueva-fecha-del-pako\/","title":{"rendered":"Bajo la lluvia del s\u00e1bado se corri\u00f3 una nueva fecha del PAKO"},"content":{"rendered":"<p class=\"x_gmail-MsoNormalCxSpMiddle\">Este fin de semana en las instalaciones del Kart\u00f3dromo de Zarate se realiz\u00f3 la novena fecha de P.A.K.O. (Pilotos Asociados Karting del Oeste). Un fin de semana que el tiempo no acompa\u00f1\u00f3 en la jornada de pruebas del d\u00eda s\u00e1bado donde a pesar de la lluvia ca\u00edda las instalaciones del Kart\u00f3dromo funcionaron de primer nivel. El domingo fue una jornada amenazante por la lluvia, pero el sol pudo m\u00e1s y el Auto Moto Club Lujan junto a la comisi\u00f3n de PAKO logr\u00f3 formalizar la fiesta del karting \u201cMade in Nacional\u201d.<\/p>\n<p><img loading=\"lazy\" decoding=\"async\" data-attachment-id=\"84031\" data-permalink=\"https:\/\/www.hoymercedes.com.ar\/principal\/2018\/11\/17\/bajo-la-lluvia-del-sabado-se-corrio-una-nueva-fecha-del-pako\/ponton-3\/#main\" data-orig-file=\"https:\/\/www.hoymercedes.com.ar\/principal\/wp-content\/uploads\/2018\/11\/Ponton.jpg\" data-orig-size=\"1500,1001\" data-comments-opened=\"0\" data-image-meta=\"{&quot;aperture&quot;:&quot;2.8&quot;,&quot;credit&quot;:&quot;&quot;,&quot;camera&quot;:&quot;NIKON D750&quot;,&quot;caption&quot;:&quot;&quot;,&quot;created_timestamp&quot;:&quot;1541944082&quot;,&quot;copyright&quot;:&quot;&quot;,&quot;focal_length&quot;:&quot;200&quot;,&quot;iso&quot;:&quot;640&quot;,&quot;shutter_speed&quot;:&quot;0.00025&quot;,&quot;title&quot;:&quot;&quot;,&quot;orientation&quot;:&quot;0&quot;}\" data-image-title=\"Ponton\" data-image-description=\"\" data-image-caption=\"\" data-large-file=\"https:\/\/www.hoymercedes.com.ar\/principal\/wp-content\/uploads\/2018\/11\/Ponton-1024x683.jpg\" class=\"aligncenter size-full wp-image-84031\" src=\"https:\/\/www.hoymercedes.com.ar\/principal\/wp-content\/uploads\/2018\/11\/Ponton.jpg\" alt=\"\" width=\"1500\" height=\"1001\" srcset=\"https:\/\/www.hoymercedes.com.ar\/principal\/wp-content\/uploads\/2018\/11\/Ponton.jpg 1500w, https:\/\/www.hoymercedes.com.ar\/principal\/wp-content\/uploads\/2018\/11\/Ponton-150x100.jpg 150w, https:\/\/www.hoymercedes.com.ar\/principal\/wp-content\/uploads\/2018\/11\/Ponton-630x420.jpg 630w, https:\/\/www.hoymercedes.com.ar\/principal\/wp-content\/uploads\/2018\/11\/Ponton-1024x683.jpg 1024w\" sizes=\"auto, (max-width: 1500px) 100vw, 1500px\" \/><\/p>\n<p class=\"x_gmail-MsoNormalCxSpMiddle\" align=\"center\"><b>FUNES, LA MU\u00d1ECA BRAVA<\/b><\/p>\n<p class=\"x_gmail-MsoNormalCxSpMiddle\">\n<p class=\"x_gmail-MsoNormalCxSpMiddle\">En la clase\u00a0<b>Mec\u00e1nica Nacional \u201cA\u201d<\/b>\u00a0el piloto de la ciudad de Bragado, Mateo Abat fue el m\u00e1s r\u00e1pido a la hora de clasificar. En la primera final de la jornada la victoria fue para la dama de la categor\u00eda, Valentina Funes. La volante de la ciudad de Lezama se llev\u00f3 una c\u00f3moda victoria sobre sus seguidores, Francisco Pontaquarto y Mateo Abat, segundo y tercero respectivamente.<\/p>\n<p class=\"x_gmail-MsoNormalCxSpMiddle\">En la segunda final Funes marc\u00f3 el camino pero sobre el final de la competencia el piloto de la ciudad de Mercedes, Valentino Simionato logr\u00f3 cruzar la bandera a cuadros en el primer lugar luego de superar a Funes pero un recargo lo releg\u00f3 al segundo lugar del clasificador. La victoria nuevamente qued\u00f3 para Valentina Funes. El tercer lugar del podio lo complet\u00f3 el piloto de la ciudad de Salto, Gianni Di Mantova quien debut\u00f3 en esta divisional.<\/p>\n<p>&nbsp;<\/p>\n<p class=\"x_gmail-MsoNormalCxSpMiddle\" align=\"center\"><b>PONTON SE RECUPERA,<\/b><\/p>\n<p class=\"x_gmail-MsoNormalCxSpMiddle\" align=\"center\"><b>TORRES SE ACERCA<\/b><\/p>\n<p class=\"x_gmail-MsoNormalCxSpMiddle\">\n<p class=\"x_gmail-MsoNormalCxSpMiddle\">El piloto mercedino, Francisco Ponton fue el m\u00e1s veloz a la hora de clasificar en la categor\u00eda\u00a0<b>Mec\u00e1nica Nacional \u201cC\u201d<\/b>, Francisco Ponton quien ven\u00eda de ganar el Gran Premio de PAKO la fecha anterior, no dud\u00f3 en llevarse el triunfo en esta fecha, sobre sus escoltas, el puntero del certamen, Juan Pablo Nasello y el debutante de la ciudad de Pehuaj\u00f3, M\u00e1ximo Evans, segundo y tercero respectivamente.<\/p>\n<p class=\"x_gmail-MsoNormalCxSpMiddle\">En la segunda final Ponton no pudo ser protagonista tras un toque en la partida, pero igualmente realiz\u00f3 una excelente remontada para estar entre los puntos importantes. La carrera la gan\u00f3 el piloto de la ciudad de Lujan, Juan Pablo Nasello. Pero un recargo en pista lo releg\u00f3 al tercer lugar del podio, la victoria con este recargo qued\u00f3 en manos de Enzo Torres quien hab\u00eda culminado segundo en pista. La segunda ubicaci\u00f3n en el clasificador fue para el piloto Mateo Ben\u00edtez.<\/p>\n<p><img loading=\"lazy\" decoding=\"async\" data-attachment-id=\"84032\" data-permalink=\"https:\/\/www.hoymercedes.com.ar\/principal\/2018\/11\/17\/bajo-la-lluvia-del-sabado-se-corrio-una-nueva-fecha-del-pako\/ricci-2-2\/#main\" data-orig-file=\"https:\/\/www.hoymercedes.com.ar\/principal\/wp-content\/uploads\/2018\/11\/Ricci-2.jpg\" data-orig-size=\"1500,1001\" data-comments-opened=\"0\" data-image-meta=\"{&quot;aperture&quot;:&quot;4&quot;,&quot;credit&quot;:&quot;&quot;,&quot;camera&quot;:&quot;NIKON D750&quot;,&quot;caption&quot;:&quot;&quot;,&quot;created_timestamp&quot;:&quot;1541932585&quot;,&quot;copyright&quot;:&quot;&quot;,&quot;focal_length&quot;:&quot;200&quot;,&quot;iso&quot;:&quot;100&quot;,&quot;shutter_speed&quot;:&quot;0.00125&quot;,&quot;title&quot;:&quot;&quot;,&quot;orientation&quot;:&quot;0&quot;}\" data-image-title=\"Ricci (2)\" data-image-description=\"\" data-image-caption=\"\" data-large-file=\"https:\/\/www.hoymercedes.com.ar\/principal\/wp-content\/uploads\/2018\/11\/Ricci-2-1024x683.jpg\" class=\"aligncenter size-full wp-image-84032\" src=\"https:\/\/www.hoymercedes.com.ar\/principal\/wp-content\/uploads\/2018\/11\/Ricci-2.jpg\" alt=\"\" width=\"1500\" height=\"1001\" srcset=\"https:\/\/www.hoymercedes.com.ar\/principal\/wp-content\/uploads\/2018\/11\/Ricci-2.jpg 1500w, https:\/\/www.hoymercedes.com.ar\/principal\/wp-content\/uploads\/2018\/11\/Ricci-2-150x100.jpg 150w, https:\/\/www.hoymercedes.com.ar\/principal\/wp-content\/uploads\/2018\/11\/Ricci-2-630x420.jpg 630w, https:\/\/www.hoymercedes.com.ar\/principal\/wp-content\/uploads\/2018\/11\/Ricci-2-1024x683.jpg 1024w\" sizes=\"auto, (max-width: 1500px) 100vw, 1500px\" \/><\/p>\n<p class=\"x_gmail-MsoNormalCxSpMiddle\" align=\"center\"><b>SAL\u00c9 Y RICCI<\/b><\/p>\n<p class=\"x_gmail-MsoNormalCxSpMiddle\" align=\"center\"><b>DOMINADORES ABSOLUTOS<\/b><\/p>\n<p class=\"x_gmail-MsoNormalCxSpMiddle\">\n<p class=\"x_gmail-MsoNormalCxSpMiddle\">La divisional\u00a0<b>150 4T<\/b>\u00a0tuvo a Jonathan Caletrio como el poleman a la hora de clasificar.<\/p>\n<p class=\"x_gmail-MsoNormalCxSpMiddle\">En la primera final se vivi\u00f3 una carrera electrizante como nos tiene acostumbrado esta categor\u00eda durante sus 14 giros y con un final ajustado entre el piloto zarate\u00f1o Emiliano Falivene, el piloto roqueperense Ricardo Sal\u00e9 y el mercedino Ezequiel Pais. Quedando como ganador en una llegada ajustada Ricardo Sal\u00e9. Como escoltas quedaron Falivene y Pais, segundo y tercero respectivamente.<\/p>\n<p class=\"x_gmail-MsoNormalCxSpMiddle\">En la segunda final el piloto de la ciudad de Mercedes, Pablo Ricci fue contundente largando desde el fondo y luego de las 14 vueltas se alz\u00f3 con una merecida victoria sobre Ricardo Sal\u00e9 y su coterr\u00e1neo Santiago Salerno, segundo y tercero respectivamente.<\/p>\n<p>&nbsp;<\/p>\n","protected":false},"excerpt":{"rendered":"<p>Este fin de semana en las instalaciones del Kart\u00f3dromo de Zarate se realiz\u00f3 la novena fecha de P.A.K.O. (Pilotos Asociados &#8230; <a title=\"Bajo la lluvia del s\u00e1bado se corri\u00f3 una nueva fecha del PAKO\" class=\"read-more\" href=\"https:\/\/www.hoymercedes.com.ar\/principal\/2018\/11\/17\/bajo-la-lluvia-del-sabado-se-corrio-una-nueva-fecha-del-pako\/\" aria-label=\"Leer m\u00e1s sobre Bajo la lluvia del s\u00e1bado se corri\u00f3 una nueva fecha del PAKO\">Leer m\u00e1s<\/a><\/p>\n","protected":false},"author":1,"featured_media":84031,"comment_status":"closed","ping_status":"open","sticky":false,"template":"","format":"standard","meta":{"_monsterinsights_skip_tracking":false,"_monsterinsights_sitenote_active":false,"_monsterinsights_sitenote_note":"","_monsterinsights_sitenote_category":0,"jetpack_post_was_ever_published":false,"_jetpack_newsletter_access":"","_jetpack_dont_email_post_to_subs":false,"_jetpack_newsletter_tier_id":0,"_jetpack_memberships_contains_paywalled_content":false,"_jetpack_memberships_contains_paid_content":false,"footnotes":"","jetpack_publicize_message":"","jetpack_publicize_feature_enabled":true,"jetpack_social_post_already_shared":true,"jetpack_social_options":{"image_generator_settings":{"template":"highway","default_image_id":0,"font":"","enabled":false},"version":2},"_wpas_customize_per_network":false},"categories":[21],"tags":[204,9037,8721],"class_list":["post-84030","post","type-post","status-publish","format-standard","has-post-thumbnail","hentry","category-deportes","tag-deportes-2","tag-karting","tag-pako","generate-columns","tablet-grid-50","mobile-grid-100","grid-parent","grid-50"],"jetpack_publicize_connections":[],"jetpack_featured_media_url":"https:\/\/www.hoymercedes.com.ar\/principal\/wp-content\/uploads\/2018\/11\/Ponton.jpg","wps_subtitle":"Karting","jetpack_sharing_enabled":true,"jetpack-related-posts":[{"id":49065,"url":"https:\/\/www.hoymercedes.com.ar\/principal\/2016\/04\/19\/la-lluvia-no-le-permitio-una-buena-carrera-a-pais-e-ilariucci\/","url_meta":{"origin":84030,"position":0},"title":"La lluvia no le permiti\u00f3 una buena carrera a Pais e Ilariucci","author":"hoymercedes","date":"19 abril, 2016","format":false,"excerpt":"Ariel Musante \/ Este lluvioso fin de semana en las instalaciones del kart\u00f3dromo de la ciudad de Buenos Aires la categor\u00eda PAKO realiz\u00f3 su segunda presentaci\u00f3n de la temporada ante un numeroso parque de pilotos. Debido a la intensa lluvia reinante en todo el fin de semana la comisi\u00f3n de\u2026","rel":"","context":"En \u00abDeportes\u00bb","block_context":{"text":"Deportes","link":"https:\/\/www.hoymercedes.com.ar\/principal\/category\/deportes\/"},"img":{"alt_text":"","src":"https:\/\/i0.wp.com\/www.hoymercedes.com.ar\/principal\/wp-content\/uploads\/2016\/04\/19-karting-Gerlo.jpg?resize=350%2C200&ssl=1","width":350,"height":200},"classes":[]},{"id":64779,"url":"https:\/\/www.hoymercedes.com.ar\/principal\/2017\/07\/11\/ezequiel-pais-le-gano-a-sus-competidores-y-a-la-lluvia\/","url_meta":{"origin":84030,"position":1},"title":"Ezequiel Pais le gan\u00f3 a sus competidores y a la lluvia","author":"hoymercedes","date":"11 julio, 2017","format":false,"excerpt":"Por Daniel Biorci (Prensa PAKO) Este fin de semana el pron\u00f3stico del tiempo no era el mejor para la 5\u00aa fecha de P.A.K.O. y fue as\u00ed, el servicio meteorol\u00f3gico no fall\u00f3. La jornada comenz\u00f3 amenazante en las instalaciones del kart\u00f3dromo de la ciudad de Buenos Aires y el tiempo aguant\u00f3\u2026","rel":"","context":"En \u00abDeportes\u00bb","block_context":{"text":"Deportes","link":"https:\/\/www.hoymercedes.com.ar\/principal\/category\/deportes\/"},"img":{"alt_text":"","src":"https:\/\/i0.wp.com\/www.hoymercedes.com.ar\/principal\/wp-content\/uploads\/2017\/07\/Pais-4.jpg?resize=350%2C200&ssl=1","width":350,"height":200,"srcset":"https:\/\/i0.wp.com\/www.hoymercedes.com.ar\/principal\/wp-content\/uploads\/2017\/07\/Pais-4.jpg?resize=350%2C200&ssl=1 1x, https:\/\/i0.wp.com\/www.hoymercedes.com.ar\/principal\/wp-content\/uploads\/2017\/07\/Pais-4.jpg?resize=525%2C300&ssl=1 1.5x, https:\/\/i0.wp.com\/www.hoymercedes.com.ar\/principal\/wp-content\/uploads\/2017\/07\/Pais-4.jpg?resize=700%2C400&ssl=1 2x"},"classes":[]},{"id":133231,"url":"https:\/\/www.hoymercedes.com.ar\/principal\/2021\/07\/12\/pako-mercedinos-se-destacan-en-zarate\/","url_meta":{"origin":84030,"position":2},"title":"PAKO: Mercedinos se destacan en Z\u00e1rate","author":"hoymercedes","date":"12 julio, 2021","format":false,"excerpt":"El domingo 27 de junio se disput\u00f3 la tercera jornada del certamen dando espect\u00e1culo. Ni la lluvia ni el fr\u00edo, pudieron detener la 3\u00aa fecha de PAKO, que despu\u00e9s de 6 meses volvi\u00f3 a girar en el\u00a0Kart\u00f3dromo\u00a0de Z\u00e1rate.\u00a0 El circuito n\u00famero de 6 del\u00a0Kart\u00f3dromo\u00a0\u201cCiudad de Z\u00e1rate\u201d fue sede el \u00faltimo\u2026","rel":"","context":"En \u00abDeportes\u00bb","block_context":{"text":"Deportes","link":"https:\/\/www.hoymercedes.com.ar\/principal\/category\/deportes\/"},"img":{"alt_text":"","src":"https:\/\/i0.wp.com\/www.hoymercedes.com.ar\/principal\/wp-content\/uploads\/2021\/07\/WhatsApp-Image-2021-07-12-at-10.58.04.jpeg?resize=350%2C200&ssl=1","width":350,"height":200},"classes":[]},{"id":162560,"url":"https:\/\/www.hoymercedes.com.ar\/principal\/2023\/05\/24\/karting-fiesta-de-la-pako-en-baradero\/","url_meta":{"origin":84030,"position":3},"title":"Karting: fiesta de la PAKO en Baradero\u00a0","author":"hoymercedes","date":"24 mayo, 2023","format":false,"excerpt":"El \u201cPato\u201d Leandro Ilariucci volvi\u00f3 a triunfar en la Mec\u00e1nica Nacional Light y en la 150 Master. En tanto Luca Ilariucci y el Binomio Barnetche Ricci lograron subirse al odio en sus categor\u00edas.\u00a0 La categor\u00eda Pilotos Asociados Karting del Oeste, puso en disputa la tercera fecha de su temporada en\u2026","rel":"","context":"En \u00abDeportes\u00bb","block_context":{"text":"Deportes","link":"https:\/\/www.hoymercedes.com.ar\/principal\/category\/deportes\/"},"img":{"alt_text":"","src":"https:\/\/i0.wp.com\/www.hoymercedes.com.ar\/principal\/wp-content\/uploads\/2023\/05\/pako-2205.jpg?resize=350%2C200&ssl=1","width":350,"height":200,"srcset":"https:\/\/i0.wp.com\/www.hoymercedes.com.ar\/principal\/wp-content\/uploads\/2023\/05\/pako-2205.jpg?resize=350%2C200&ssl=1 1x, https:\/\/i0.wp.com\/www.hoymercedes.com.ar\/principal\/wp-content\/uploads\/2023\/05\/pako-2205.jpg?resize=525%2C300&ssl=1 1.5x, https:\/\/i0.wp.com\/www.hoymercedes.com.ar\/principal\/wp-content\/uploads\/2023\/05\/pako-2205.jpg?resize=700%2C400&ssl=1 2x"},"classes":[]},{"id":163368,"url":"https:\/\/www.hoymercedes.com.ar\/principal\/2023\/06\/15\/karting-luca-ilariucci-se-sube-al-podio-en-zarate\/","url_meta":{"origin":84030,"position":4},"title":"Karting: Luca Ilariucci se sube al podio en Z\u00e1rate\u00a0","author":"hoymercedes","date":"15 junio, 2023","format":false,"excerpt":"El mercedino particip\u00f3 en la cuarta fecha del campeonato de la categor\u00eda Kartplus. Logr\u00f3 quedarse con la primera posici\u00f3n de la divisional \u201cJunior\u201d logrando as\u00ed su primera victoria en la categor\u00eda. El pasado fin de semana se llev\u00f3 a cabo, con presencia mercedina, la cuarta fecha del campeonato de la\u2026","rel":"","context":"En \u00abDeportes\u00bb","block_context":{"text":"Deportes","link":"https:\/\/www.hoymercedes.com.ar\/principal\/category\/deportes\/"},"img":{"alt_text":"","src":"https:\/\/i0.wp.com\/www.hoymercedes.com.ar\/principal\/wp-content\/uploads\/2023\/06\/pako-1206.jpg?resize=350%2C200&ssl=1","width":350,"height":200,"srcset":"https:\/\/i0.wp.com\/www.hoymercedes.com.ar\/principal\/wp-content\/uploads\/2023\/06\/pako-1206.jpg?resize=350%2C200&ssl=1 1x, https:\/\/i0.wp.com\/www.hoymercedes.com.ar\/principal\/wp-content\/uploads\/2023\/06\/pako-1206.jpg?resize=525%2C300&ssl=1 1.5x, https:\/\/i0.wp.com\/www.hoymercedes.com.ar\/principal\/wp-content\/uploads\/2023\/06\/pako-1206.jpg?resize=700%2C400&ssl=1 2x"},"classes":[]},{"id":167279,"url":"https:\/\/www.hoymercedes.com.ar\/principal\/2023\/09\/19\/karting-el-coliseo-porteno-recibio-a-la-pako\/","url_meta":{"origin":84030,"position":5},"title":"Karting: El \u201cColiseo\u201d porte\u00f1o recibi\u00f3 a la Pako","author":"hoymercedes","date":"19 septiembre, 2023","format":false,"excerpt":"Leandro Ilariucci hizo podio en las dos finales de la Mec\u00e1nica Nacional Light. Tambi\u00e9n tuvieron su participaci\u00f3n Luca Ilariucci, Francisco Barnetche y Thiago Del Castillo.","rel":"","context":"En \u00abSociedad\u00bb","block_context":{"text":"Sociedad","link":"https:\/\/www.hoymercedes.com.ar\/principal\/category\/sociedad\/"},"img":{"alt_text":"","src":"https:\/\/i0.wp.com\/www.hoymercedes.com.ar\/principal\/wp-content\/uploads\/2023\/09\/pako-1809.jpg?resize=350%2C200&ssl=1","width":350,"height":200,"srcset":"https:\/\/i0.wp.com\/www.hoymercedes.com.ar\/principal\/wp-content\/uploads\/2023\/09\/pako-1809.jpg?resize=350%2C200&ssl=1 1x, https:\/\/i0.wp.com\/www.hoymercedes.com.ar\/principal\/wp-content\/uploads\/2023\/09\/pako-1809.jpg?resize=525%2C300&ssl=1 1.5x, https:\/\/i0.wp.com\/www.hoymercedes.com.ar\/principal\/wp-content\/uploads\/2023\/09\/pako-1809.jpg?resize=700%2C400&ssl=1 2x"},"classes":[]}],"_links":{"self":[{"href":"https:\/\/www.hoymercedes.com.ar\/principal\/wp-json\/wp\/v2\/posts\/84030","targetHints":{"allow":["GET"]}}],"collection":[{"href":"https:\/\/www.hoymercedes.com.ar\/principal\/wp-json\/wp\/v2\/posts"}],"about":[{"href":"https:\/\/www.hoymercedes.com.ar\/principal\/wp-json\/wp\/v2\/types\/post"}],"author":[{"embeddable":true,"href":"https:\/\/www.hoymercedes.com.ar\/principal\/wp-json\/wp\/v2\/users\/1"}],"replies":[{"embeddable":true,"href":"https:\/\/www.hoymercedes.com.ar\/principal\/wp-json\/wp\/v2\/comments?post=84030"}],"version-history":[{"count":0,"href":"https:\/\/www.hoymercedes.com.ar\/principal\/wp-json\/wp\/v2\/posts\/84030\/revisions"}],"wp:featuredmedia":[{"embeddable":true,"href":"https:\/\/www.hoymercedes.com.ar\/principal\/wp-json\/wp\/v2\/media\/84031"}],"wp:attachment":[{"href":"https:\/\/www.hoymercedes.com.ar\/principal\/wp-json\/wp\/v2\/media?parent=84030"}],"wp:term":[{"taxonomy":"category","embeddable":true,"href":"https:\/\/www.hoymercedes.com.ar\/principal\/wp-json\/wp\/v2\/categories?post=84030"},{"taxonomy":"post_tag","embeddable":true,"href":"https:\/\/www.hoymercedes.com.ar\/principal\/wp-json\/wp\/v2\/tags?post=84030"}],"curies":[{"name":"wp","href":"https:\/\/api.w.org\/{rel}","templated":true}]}}