{"id":84039,"date":"2018-11-16T15:47:27","date_gmt":"2018-11-16T18:47:27","guid":{"rendered":"http:\/\/www.hoymercedes.com.ar\/principal\/?p=84039"},"modified":"2018-11-14T23:21:25","modified_gmt":"2018-11-15T02:21:25","slug":"con-un-gol-de-ignacio-jauregui-sobre-la-hora-el-wattens-rescato-un-empate","status":"publish","type":"post","link":"https:\/\/www.hoymercedes.com.ar\/principal\/2018\/11\/16\/con-un-gol-de-ignacio-jauregui-sobre-la-hora-el-wattens-rescato-un-empate\/","title":{"rendered":"Con un gol de Ignacio J\u00e1uregui sobre la hora, el Wattens rescat\u00f3 un empate"},"content":{"rendered":"<p>Todo parec\u00eda que quedaba en derrota para el WSG Wattens en su visita al Austria Lustenau, que como local ganaba 1 a 0 y escalaba al tercer puesto de la Segunda Divisi\u00f3n de Austria, pero lleg\u00f3 Ignacio J\u00e1uregui para volver a convertir un gol, en este caso, el que signific\u00f3 el empate a un minuto del final del cuadro de la familia Swarovsky.<\/p>\n<p><img loading=\"lazy\" decoding=\"async\" data-attachment-id=\"84040\" data-permalink=\"https:\/\/www.hoymercedes.com.ar\/principal\/2018\/11\/16\/con-un-gol-de-ignacio-jauregui-sobre-la-hora-el-wattens-rescato-un-empate\/jauregui-festejo-gol-vs-austria\/#main\" data-orig-file=\"https:\/\/www.hoymercedes.com.ar\/principal\/wp-content\/uploads\/2018\/11\/Jauregui-festejo-gol-vs-austria.jpg\" data-orig-size=\"940,440\" data-comments-opened=\"0\" data-image-meta=\"{&quot;aperture&quot;:&quot;0&quot;,&quot;credit&quot;:&quot;&quot;,&quot;camera&quot;:&quot;&quot;,&quot;caption&quot;:&quot;&quot;,&quot;created_timestamp&quot;:&quot;0&quot;,&quot;copyright&quot;:&quot;&quot;,&quot;focal_length&quot;:&quot;0&quot;,&quot;iso&quot;:&quot;0&quot;,&quot;shutter_speed&quot;:&quot;0&quot;,&quot;title&quot;:&quot;&quot;,&quot;orientation&quot;:&quot;0&quot;}\" data-image-title=\"Jauregui festejo gol vs austria\" data-image-description=\"\" data-image-caption=\"\" data-large-file=\"https:\/\/www.hoymercedes.com.ar\/principal\/wp-content\/uploads\/2018\/11\/Jauregui-festejo-gol-vs-austria.jpg\" class=\"aligncenter size-full wp-image-84040\" src=\"https:\/\/www.hoymercedes.com.ar\/principal\/wp-content\/uploads\/2018\/11\/Jauregui-festejo-gol-vs-austria.jpg\" alt=\"\" width=\"940\" height=\"440\" srcset=\"https:\/\/www.hoymercedes.com.ar\/principal\/wp-content\/uploads\/2018\/11\/Jauregui-festejo-gol-vs-austria.jpg 940w, https:\/\/www.hoymercedes.com.ar\/principal\/wp-content\/uploads\/2018\/11\/Jauregui-festejo-gol-vs-austria-150x70.jpg 150w, https:\/\/www.hoymercedes.com.ar\/principal\/wp-content\/uploads\/2018\/11\/Jauregui-festejo-gol-vs-austria-630x295.jpg 630w\" sizes=\"auto, (max-width: 940px) 100vw, 940px\" \/><\/p>\n<p>El partido fue por la decimocuarta fecha del torneo. Con esta unidad, el Wattens lleg\u00f3 a las 31, al igual que Blau Weib Linz. Tercero est\u00e1 con 25 el Ried y en la cuarta posici\u00f3n el Austria con 22. El pr\u00f3ximo 24 de noviembre ser\u00e1 local de Horn.<\/p>\n<p>Con 4 goles en el torneo, J\u00e1uregui est\u00e1 d\u00e9cimo en la tabla de m\u00e1ximos artilleros, siendo el \u00fanico argentino en esa lista.<\/p>\n","protected":false},"excerpt":{"rendered":"<p>Todo parec\u00eda que quedaba en derrota para el WSG Wattens en su visita al Austria Lustenau, que como local ganaba &#8230; <a title=\"Con un gol de Ignacio J\u00e1uregui sobre la hora, el Wattens rescat\u00f3 un empate\" class=\"read-more\" href=\"https:\/\/www.hoymercedes.com.ar\/principal\/2018\/11\/16\/con-un-gol-de-ignacio-jauregui-sobre-la-hora-el-wattens-rescato-un-empate\/\" aria-label=\"Leer m\u00e1s sobre Con un gol de Ignacio J\u00e1uregui sobre la hora, el Wattens rescat\u00f3 un empate\">Leer m\u00e1s<\/a><\/p>\n","protected":false},"author":1,"featured_media":84040,"comment_status":"closed","ping_status":"open","sticky":false,"template":"","format":"standard","meta":{"_monsterinsights_skip_tracking":false,"_monsterinsights_sitenote_active":false,"_monsterinsights_sitenote_note":"","_monsterinsights_sitenote_category":0,"jetpack_post_was_ever_published":false,"_jetpack_newsletter_access":"","_jetpack_dont_email_post_to_subs":false,"_jetpack_newsletter_tier_id":0,"_jetpack_memberships_contains_paywalled_content":false,"_jetpack_memberships_contains_paid_content":false,"footnotes":"","jetpack_publicize_message":"","jetpack_publicize_feature_enabled":true,"jetpack_social_post_already_shared":true,"jetpack_social_options":{"image_generator_settings":{"template":"highway","default_image_id":0,"font":"","enabled":false},"version":2},"_wpas_customize_per_network":false},"categories":[21],"tags":[204,1003,6833,7582],"class_list":["post-84039","post","type-post","status-publish","format-standard","has-post-thumbnail","hentry","category-deportes","tag-deportes-2","tag-futbol","tag-ignacio-jauregui","tag-la-legion","generate-columns","tablet-grid-50","mobile-grid-100","grid-parent","grid-50"],"jetpack_publicize_connections":[],"jetpack_featured_media_url":"https:\/\/www.hoymercedes.com.ar\/principal\/wp-content\/uploads\/2018\/11\/Jauregui-festejo-gol-vs-austria.jpg","wps_subtitle":"La Legi\u00f3n","jetpack_sharing_enabled":true,"jetpack-related-posts":[{"id":79832,"url":"https:\/\/www.hoymercedes.com.ar\/principal\/2018\/08\/15\/ignacio-jauregui-volvio-a-convertir-para-el-wsg-wattens-de-austria-video\/","url_meta":{"origin":84039,"position":0},"title":"Ignacio J\u00e1uregui volvi\u00f3 a convertir para el WSG Wattens de Austria (video)","author":"hoymercedes","date":"15 agosto, 2018","format":false,"excerpt":"Cuarto gol para el mercedino Ignacio J\u00e1uregui en un pu\u00f1ado de partidos tras su debut en la Segunda Divisi\u00f3n de Austria en el WSG Wattens. En esta oportunidad fue por la tercera fecha de la Liga en el empate en uno ante el Austria Klagenfurt. El equipo donde juega Potito\u2026","rel":"","context":"En \u00abDeportes\u00bb","block_context":{"text":"Deportes","link":"https:\/\/www.hoymercedes.com.ar\/principal\/category\/deportes\/"},"img":{"alt_text":"","src":"https:\/\/i0.wp.com\/www.hoymercedes.com.ar\/principal\/wp-content\/uploads\/2018\/08\/Ignacio-Jauregui-Wattens-2.jpg?resize=350%2C200","width":350,"height":200},"classes":[]},{"id":94148,"url":"https:\/\/www.hoymercedes.com.ar\/principal\/2019\/05\/30\/ignacio-jauregui-buscara-este-sabado-el-titulo-y-ascenso-junto-al-wsg-wattens\/","url_meta":{"origin":84039,"position":1},"title":"Ignacio J\u00e1uregui buscar\u00e1 este s\u00e1bado el t\u00edtulo y ascenso junto al WSG Wattens","author":"hoymercedes","date":"30 mayo, 2019","format":false,"excerpt":"Desde que lleg\u00f3 al f\u00fatbol de Austria, Ignacio \"Potito\" J\u00e1uregui pis\u00f3 fuerte en el WSG Wattens de la Segunda Divisi\u00f3n de Austria y desde el primer d\u00eda se calz\u00f3 la camiseta n\u00famero cinco para nunca m\u00e1s dejar de ser titular en el equipo de la familia Swarovski. SALZBURG, AUSTRIA -\u2026","rel":"","context":"En \u00abDeportes\u00bb","block_context":{"text":"Deportes","link":"https:\/\/www.hoymercedes.com.ar\/principal\/category\/deportes\/"},"img":{"alt_text":"","src":"https:\/\/i0.wp.com\/www.hoymercedes.com.ar\/principal\/wp-content\/uploads\/2019\/05\/ignacio-jauregui-2.jpg?resize=350%2C200&ssl=1","width":350,"height":200,"srcset":"https:\/\/i0.wp.com\/www.hoymercedes.com.ar\/principal\/wp-content\/uploads\/2019\/05\/ignacio-jauregui-2.jpg?resize=350%2C200&ssl=1 1x, https:\/\/i0.wp.com\/www.hoymercedes.com.ar\/principal\/wp-content\/uploads\/2019\/05\/ignacio-jauregui-2.jpg?resize=525%2C300&ssl=1 1.5x"},"classes":[]},{"id":77812,"url":"https:\/\/www.hoymercedes.com.ar\/principal\/2018\/06\/29\/ignacio-jauregui-es-nuevo-jugador-del-wsg-wattens-de-austria\/","url_meta":{"origin":84039,"position":2},"title":"Ignacio J\u00e1uregui es nuevo jugador del WSG Wattens de Austria","author":"hoymercedes","date":"29 junio, 2018","format":false,"excerpt":"El volante mercedino Ignacio J\u00e1uregui se sum\u00f3 esta semana al WSG Wattens de Austria, equipo que milita en la Segunda Divisi\u00f3n de ese pa\u00eds. \"Potito\" ya comenz\u00f3 con la pretemporada del equipo verde y blanco de cara al torneo que comenzar\u00e1 el pr\u00f3ximo 20 de julio. El WSG se encuentra\u2026","rel":"","context":"En \u00abDeportes\u00bb","block_context":{"text":"Deportes","link":"https:\/\/www.hoymercedes.com.ar\/principal\/category\/deportes\/"},"img":{"alt_text":"","src":"https:\/\/i0.wp.com\/www.hoymercedes.com.ar\/principal\/wp-content\/uploads\/2018\/06\/Jauregui-contrato-austria.jpg?resize=350%2C200&ssl=1","width":350,"height":200},"classes":[]},{"id":83755,"url":"https:\/\/www.hoymercedes.com.ar\/principal\/2018\/11\/09\/otro-gol-de-ignacio-jauregui-para-una-nueva-victoria-del-wsg-wattens-de-austria\/","url_meta":{"origin":84039,"position":3},"title":"Otro gol de Ignacio J\u00e1uregui para una nueva victoria del WSG Wattens de Austria","author":"hoymercedes","date":"9 noviembre, 2018","format":false,"excerpt":"Por la decimotercera fecha de la Segunda Divisi\u00f3n de Austria, el WSG Wattens gole\u00f3 4 a 0 a FC Liefering y el primero de los goles lo marc\u00f3 el mercedino Ingnacio J\u00e1uregui, titular indiscutido en el conjunto de la familia Swrovski que sigue en el primer puesto del campeonato. El\u2026","rel":"","context":"En \u00abDeportes\u00bb","block_context":{"text":"Deportes","link":"https:\/\/www.hoymercedes.com.ar\/principal\/category\/deportes\/"},"img":{"alt_text":"","src":"https:\/\/i0.wp.com\/www.hoymercedes.com.ar\/principal\/wp-content\/uploads\/2018\/11\/Ignacio-Jauregui-Wattens-3-grita-gol.jpg?resize=350%2C200&ssl=1","width":350,"height":200,"srcset":"https:\/\/i0.wp.com\/www.hoymercedes.com.ar\/principal\/wp-content\/uploads\/2018\/11\/Ignacio-Jauregui-Wattens-3-grita-gol.jpg?resize=350%2C200&ssl=1 1x, https:\/\/i0.wp.com\/www.hoymercedes.com.ar\/principal\/wp-content\/uploads\/2018\/11\/Ignacio-Jauregui-Wattens-3-grita-gol.jpg?resize=525%2C300&ssl=1 1.5x, https:\/\/i0.wp.com\/www.hoymercedes.com.ar\/principal\/wp-content\/uploads\/2018\/11\/Ignacio-Jauregui-Wattens-3-grita-gol.jpg?resize=700%2C400&ssl=1 2x"},"classes":[]},{"id":94297,"url":"https:\/\/www.hoymercedes.com.ar\/principal\/2019\/06\/03\/ignacio-jauregui-campeon-y-ascenso-a-primera-division-con-el-wsg-wattens-de-austria\/","url_meta":{"origin":84039,"position":4},"title":"Ignacio J\u00e1uregui, campe\u00f3n y ascenso a Primera Divisi\u00f3n con el WSG Wattens de Austria","author":"hoymercedes","date":"3 junio, 2019","format":false,"excerpt":"El final de la temporada tiene a otro mercedino campe\u00f3n. A Juan Culio (campe\u00f3n con Cluj de Rumania), Santiago Malano (campe\u00f3n con Valletta de Malta), se suma Ignacio J\u00e1uregui, que este s\u00e1bado al mediod\u00eda de Argentina se coron\u00f3 campe\u00f3n de la Segunda Divisi\u00f3n de Austria con el WSG Wattens, siendo\u2026","rel":"","context":"En \u00abDeportes\u00bb","block_context":{"text":"Deportes","link":"https:\/\/www.hoymercedes.com.ar\/principal\/category\/deportes\/"},"img":{"alt_text":"","src":"https:\/\/i0.wp.com\/www.hoymercedes.com.ar\/principal\/wp-content\/uploads\/2019\/06\/ignacio-jauregui-Campeon-1.jpg?resize=350%2C200&ssl=1","width":350,"height":200,"srcset":"https:\/\/i0.wp.com\/www.hoymercedes.com.ar\/principal\/wp-content\/uploads\/2019\/06\/ignacio-jauregui-Campeon-1.jpg?resize=350%2C200&ssl=1 1x, https:\/\/i0.wp.com\/www.hoymercedes.com.ar\/principal\/wp-content\/uploads\/2019\/06\/ignacio-jauregui-Campeon-1.jpg?resize=525%2C300&ssl=1 1.5x"},"classes":[]},{"id":87048,"url":"https:\/\/www.hoymercedes.com.ar\/principal\/2019\/01\/20\/ignacio-jauregui-renovo-contrato-en-austria\/","url_meta":{"origin":84039,"position":5},"title":"Ignacio J\u00e1uregui renov\u00f3 contrato en Austria","author":"hoymercedes","date":"20 enero, 2019","format":false,"excerpt":"El futbolista mercedino con pasado en Gimnasia de La Plata y Ferro de General Pico se sum\u00f3 a mitad de 2018 al WSG Wattens de la Segunda Divisi\u00f3n de Austria, donde tuvo una buena performance en el equipo de la familia Swarovsky. J\u00e1uregui, que jug\u00f3 17 partidos en total, 15\u2026","rel":"","context":"En \u00abDeportes\u00bb","block_context":{"text":"Deportes","link":"https:\/\/www.hoymercedes.com.ar\/principal\/category\/deportes\/"},"img":{"alt_text":"","src":"https:\/\/i0.wp.com\/www.hoymercedes.com.ar\/principal\/wp-content\/uploads\/2019\/01\/ignacio-jauregui.jpg?resize=350%2C200&ssl=1","width":350,"height":200,"srcset":"https:\/\/i0.wp.com\/www.hoymercedes.com.ar\/principal\/wp-content\/uploads\/2019\/01\/ignacio-jauregui.jpg?resize=350%2C200&ssl=1 1x, https:\/\/i0.wp.com\/www.hoymercedes.com.ar\/principal\/wp-content\/uploads\/2019\/01\/ignacio-jauregui.jpg?resize=525%2C300&ssl=1 1.5x, https:\/\/i0.wp.com\/www.hoymercedes.com.ar\/principal\/wp-content\/uploads\/2019\/01\/ignacio-jauregui.jpg?resize=700%2C400&ssl=1 2x"},"classes":[]}],"_links":{"self":[{"href":"https:\/\/www.hoymercedes.com.ar\/principal\/wp-json\/wp\/v2\/posts\/84039","targetHints":{"allow":["GET"]}}],"collection":[{"href":"https:\/\/www.hoymercedes.com.ar\/principal\/wp-json\/wp\/v2\/posts"}],"about":[{"href":"https:\/\/www.hoymercedes.com.ar\/principal\/wp-json\/wp\/v2\/types\/post"}],"author":[{"embeddable":true,"href":"https:\/\/www.hoymercedes.com.ar\/principal\/wp-json\/wp\/v2\/users\/1"}],"replies":[{"embeddable":true,"href":"https:\/\/www.hoymercedes.com.ar\/principal\/wp-json\/wp\/v2\/comments?post=84039"}],"version-history":[{"count":0,"href":"https:\/\/www.hoymercedes.com.ar\/principal\/wp-json\/wp\/v2\/posts\/84039\/revisions"}],"wp:featuredmedia":[{"embeddable":true,"href":"https:\/\/www.hoymercedes.com.ar\/principal\/wp-json\/wp\/v2\/media\/84040"}],"wp:attachment":[{"href":"https:\/\/www.hoymercedes.com.ar\/principal\/wp-json\/wp\/v2\/media?parent=84039"}],"wp:term":[{"taxonomy":"category","embeddable":true,"href":"https:\/\/www.hoymercedes.com.ar\/principal\/wp-json\/wp\/v2\/categories?post=84039"},{"taxonomy":"post_tag","embeddable":true,"href":"https:\/\/www.hoymercedes.com.ar\/principal\/wp-json\/wp\/v2\/tags?post=84039"}],"curies":[{"name":"wp","href":"https:\/\/api.w.org\/{rel}","templated":true}]}}