{"id":84050,"date":"2018-11-16T01:33:33","date_gmt":"2018-11-16T04:33:33","guid":{"rendered":"http:\/\/www.hoymercedes.com.ar\/principal\/?p=84050"},"modified":"2018-11-16T01:33:33","modified_gmt":"2018-11-16T04:33:33","slug":"se-viene-el-1-festival-de-tango-ciudad-de-mercedes","status":"publish","type":"post","link":"https:\/\/www.hoymercedes.com.ar\/principal\/2018\/11\/16\/se-viene-el-1-festival-de-tango-ciudad-de-mercedes\/","title":{"rendered":"Se viene el \u00ab1\u00b0 Festival de Tango Ciudad de Mercedes\u00bb"},"content":{"rendered":"<figure id=\"attachment_84051\" aria-describedby=\"caption-attachment-84051\" style=\"width: 950px\" class=\"wp-caption aligncenter\"><img loading=\"lazy\" decoding=\"async\" data-attachment-id=\"84051\" data-permalink=\"https:\/\/www.hoymercedes.com.ar\/principal\/2018\/11\/16\/se-viene-el-1-festival-de-tango-ciudad-de-mercedes\/tangoenelanden-festivaldetango\/#main\" data-orig-file=\"https:\/\/www.hoymercedes.com.ar\/principal\/wp-content\/uploads\/2018\/11\/tangoenelanden-festivaldetango.jpg\" data-orig-size=\"960,639\" data-comments-opened=\"0\" data-image-meta=\"{&quot;aperture&quot;:&quot;0&quot;,&quot;credit&quot;:&quot;&quot;,&quot;camera&quot;:&quot;&quot;,&quot;caption&quot;:&quot;&quot;,&quot;created_timestamp&quot;:&quot;0&quot;,&quot;copyright&quot;:&quot;&quot;,&quot;focal_length&quot;:&quot;0&quot;,&quot;iso&quot;:&quot;0&quot;,&quot;shutter_speed&quot;:&quot;0&quot;,&quot;title&quot;:&quot;&quot;,&quot;orientation&quot;:&quot;0&quot;}\" data-image-title=\"tangoenelanden-festivaldetango\" data-image-description=\"\" data-image-caption=\"&lt;p&gt;Se viene un nuevo festival en la ciudad &lt;\/p&gt;\n\" data-large-file=\"https:\/\/www.hoymercedes.com.ar\/principal\/wp-content\/uploads\/2018\/11\/tangoenelanden-festivaldetango.jpg\" class=\"size-full wp-image-84051\" src=\"https:\/\/www.hoymercedes.com.ar\/principal\/wp-content\/uploads\/2018\/11\/tangoenelanden-festivaldetango.jpg\" alt=\"\" width=\"960\" height=\"639\" srcset=\"https:\/\/www.hoymercedes.com.ar\/principal\/wp-content\/uploads\/2018\/11\/tangoenelanden-festivaldetango.jpg 960w, https:\/\/www.hoymercedes.com.ar\/principal\/wp-content\/uploads\/2018\/11\/tangoenelanden-festivaldetango-150x100.jpg 150w, https:\/\/www.hoymercedes.com.ar\/principal\/wp-content\/uploads\/2018\/11\/tangoenelanden-festivaldetango-630x419.jpg 630w\" sizes=\"auto, (max-width: 960px) 100vw, 960px\" \/><figcaption id=\"caption-attachment-84051\" class=\"wp-caption-text\">Se viene un nuevo festival en la ciudad<\/figcaption><\/figure>\n<p>Durante la noche del jueves en una nueva edici\u00f3n del Tango en el And\u00e9n el intendente Ustarroz anunci\u00f3 un nuevo encuentro cultural: \u00ab1\u00b0 Festival de Tango Ciudad de Mercedes\u00bb. El mismo buscar\u00e1 dar espacio a un genero con historia y tradici\u00f3n que crece en la ciudad. Ser\u00e1 el 30 de noviembre y los d\u00edas 1 y 2 de diciembre.<\/p>\n<p>En la presentaci\u00f3n estuvieron presentes los trabajadores de cultura que generaron la previa a la nueva realizaci\u00f3n, Pablo Aschero quien desde hace dos a\u00f1os lleva adelante el ciclo Tango en el And\u00e9n, la directora de cultura Lucia Capaccio y el intendente municipal Dr. Juan Ignacio Ustarroz.<\/p>\n<p>\u00abEs una nueva propuesta cultura, que adem\u00e1s genera trabajo\u00bb narr\u00f3 entre otros conceptos Capaccio remarcando que \u00abquiero destacar el rol de Pablo (Aschero), los trabajadores municipales, a cada uno de los que particip\u00f3 de esta construcci\u00f3n desde hace dos a\u00f1os que ahora nos dar\u00e1 un gran primer festival de tango en la ciudad\u00bb<\/p>\n<p>\u00abEl municipio solo no puede hacer nada, pero cuando sale al encuentro de personas con ganas e intereses, de hacer, distintas cosas, vemos que se avanza y crece. Hoy es el tango, pero tambi\u00e9n es el rock, la cumbia, el folklore, por eso es una alegr\u00eda muy grande y es una apuesta a jerarquizar la ciudad desde lo cultural\u00bb sostuvo el jefe comunal mencionando que \u00abcada vez que nos visitan desde pueblos vecinos se sorprenden de la cantidad de actividades que hay para hacer\u00bb y remarc\u00f3 que \u00abponemos todas las herramientas del pueblo al servicio de la comunidad y este festival no es ni m\u00e1s ni menos que la coronaci\u00f3n de mucho trabajadores, felicitaciones a todos los tangueros y a los trabajadores municipales\u00bb, coment\u00f3.<\/p>\n<p>Por \u00faltimo, Pablo Aschero coment\u00f3 que \u00abquiero agradecer a todos los que hacen posible esta fiesta. Tango en el And\u00e9n empez\u00f3 hace dos a\u00f1os y seguimos. Ha dado sus frutos. Este festival ser\u00e1 hermoso y sabemos nos visitar\u00e1 mucha gente. Se ve que estamos creciendo d\u00eda a d\u00eda y debemos agradecer todo el apoyo de la Direcci\u00f3n de Cultura que nos pone el hombro en todo\u00bb coment\u00f3 el artista local y afirm\u00f3 luego que \u00abdebo decir gracias a todos los artistas y las familias\u00bb<\/p>\n<p>Se espera un gran encuentro de cultura, tradici\u00f3n y buena m\u00fasica, poniendo nuevamente a la ciudad en primera plana de festivales y propuestas tur\u00edsticas.<\/p>\n","protected":false},"excerpt":{"rendered":"<p>Durante la noche del jueves en una nueva edici\u00f3n del Tango en el And\u00e9n el intendente Ustarroz anunci\u00f3 un nuevo &#8230; <a title=\"Se viene el \u00ab1\u00b0 Festival de Tango Ciudad de Mercedes\u00bb\" class=\"read-more\" href=\"https:\/\/www.hoymercedes.com.ar\/principal\/2018\/11\/16\/se-viene-el-1-festival-de-tango-ciudad-de-mercedes\/\" aria-label=\"Leer m\u00e1s sobre Se viene el \u00ab1\u00b0 Festival de Tango Ciudad de Mercedes\u00bb\">Leer m\u00e1s<\/a><\/p>\n","protected":false},"author":1,"featured_media":84051,"comment_status":"closed","ping_status":"open","sticky":false,"template":"","format":"standard","meta":{"_monsterinsights_skip_tracking":false,"_monsterinsights_sitenote_active":false,"_monsterinsights_sitenote_note":"","_monsterinsights_sitenote_category":0,"jetpack_post_was_ever_published":false,"_jetpack_newsletter_access":"","_jetpack_dont_email_post_to_subs":false,"_jetpack_newsletter_tier_id":0,"_jetpack_memberships_contains_paywalled_content":false,"_jetpack_memberships_contains_paid_content":false,"footnotes":"","jetpack_publicize_message":"","jetpack_publicize_feature_enabled":true,"jetpack_social_post_already_shared":true,"jetpack_social_options":{"image_generator_settings":{"template":"highway","default_image_id":0,"font":"","enabled":false},"version":2},"_wpas_customize_per_network":false},"categories":[30],"tags":[14061,8589,424],"class_list":["post-84050","post","type-post","status-publish","format-standard","has-post-thumbnail","hentry","category-municipio","tag-1-festival-de-tango-ciudad-de-mercedes","tag-lucia-capaccio","tag-ustarroz","generate-columns","tablet-grid-50","mobile-grid-100","grid-parent","grid-50"],"jetpack_publicize_connections":[],"jetpack_featured_media_url":"https:\/\/www.hoymercedes.com.ar\/principal\/wp-content\/uploads\/2018\/11\/tangoenelanden-festivaldetango.jpg","wps_subtitle":"Fiestas populares ","jetpack_sharing_enabled":true,"_links":{"self":[{"href":"https:\/\/www.hoymercedes.com.ar\/principal\/wp-json\/wp\/v2\/posts\/84050","targetHints":{"allow":["GET"]}}],"collection":[{"href":"https:\/\/www.hoymercedes.com.ar\/principal\/wp-json\/wp\/v2\/posts"}],"about":[{"href":"https:\/\/www.hoymercedes.com.ar\/principal\/wp-json\/wp\/v2\/types\/post"}],"author":[{"embeddable":true,"href":"https:\/\/www.hoymercedes.com.ar\/principal\/wp-json\/wp\/v2\/users\/1"}],"replies":[{"embeddable":true,"href":"https:\/\/www.hoymercedes.com.ar\/principal\/wp-json\/wp\/v2\/comments?post=84050"}],"version-history":[{"count":0,"href":"https:\/\/www.hoymercedes.com.ar\/principal\/wp-json\/wp\/v2\/posts\/84050\/revisions"}],"wp:featuredmedia":[{"embeddable":true,"href":"https:\/\/www.hoymercedes.com.ar\/principal\/wp-json\/wp\/v2\/media\/84051"}],"wp:attachment":[{"href":"https:\/\/www.hoymercedes.com.ar\/principal\/wp-json\/wp\/v2\/media?parent=84050"}],"wp:term":[{"taxonomy":"category","embeddable":true,"href":"https:\/\/www.hoymercedes.com.ar\/principal\/wp-json\/wp\/v2\/categories?post=84050"},{"taxonomy":"post_tag","embeddable":true,"href":"https:\/\/www.hoymercedes.com.ar\/principal\/wp-json\/wp\/v2\/tags?post=84050"}],"curies":[{"name":"wp","href":"https:\/\/api.w.org\/{rel}","templated":true}]}}