{"id":84058,"date":"2018-11-16T10:36:41","date_gmt":"2018-11-16T13:36:41","guid":{"rendered":"http:\/\/www.hoymercedes.com.ar\/principal\/?p=84058"},"modified":"2018-11-16T09:42:21","modified_gmt":"2018-11-16T12:42:21","slug":"como-se-maneja-el-costo-de-la-energia-en-el-pais","status":"publish","type":"post","link":"https:\/\/www.hoymercedes.com.ar\/principal\/2018\/11\/16\/como-se-maneja-el-costo-de-la-energia-en-el-pais\/","title":{"rendered":"Como se maneja el costo de la energ\u00eda en el pa\u00eds"},"content":{"rendered":"<p>Por Cristi\u00e1n Frers* La energ\u00eda se define como la capacidad de realizar trabajo, de producir movimiento, de generar cambio. Es inherente a todos los sistemas f\u00edsicos, y la vida en todas sus formas, se basa en la conversi\u00f3n, uso, almacenamiento y transferencia de energ\u00eda.<\/p>\n<p><img loading=\"lazy\" decoding=\"async\" data-attachment-id=\"84059\" data-permalink=\"https:\/\/www.hoymercedes.com.ar\/principal\/2018\/11\/16\/como-se-maneja-el-costo-de-la-energia-en-el-pais\/16-osto-energia\/#main\" data-orig-file=\"https:\/\/www.hoymercedes.com.ar\/principal\/wp-content\/uploads\/2018\/11\/16-osto-energia-e1542372127656.jpg\" data-orig-size=\"750,420\" data-comments-opened=\"0\" data-image-meta=\"{&quot;aperture&quot;:&quot;0&quot;,&quot;credit&quot;:&quot;&quot;,&quot;camera&quot;:&quot;&quot;,&quot;caption&quot;:&quot;&quot;,&quot;created_timestamp&quot;:&quot;0&quot;,&quot;copyright&quot;:&quot;&quot;,&quot;focal_length&quot;:&quot;0&quot;,&quot;iso&quot;:&quot;0&quot;,&quot;shutter_speed&quot;:&quot;0&quot;,&quot;title&quot;:&quot;&quot;,&quot;orientation&quot;:&quot;0&quot;}\" data-image-title=\"16 osto-energia\" data-image-description=\"\" data-image-caption=\"\" data-large-file=\"https:\/\/www.hoymercedes.com.ar\/principal\/wp-content\/uploads\/2018\/11\/16-osto-energia-1024x574.jpg\" class=\"aligncenter wp-image-84059 size-large\" src=\"https:\/\/www.hoymercedes.com.ar\/principal\/wp-content\/uploads\/2018\/11\/16-osto-energia-1024x574.jpg\" alt=\"\" width=\"840\" height=\"471\" \/><\/p>\n<p>La vida, en todas sus formas, es completamente dependiente de la energ\u00eda. En todos los procesos vitales est\u00e1 involucrada la energ\u00eda. Los vegetales consumen energ\u00eda solar (energ\u00eda radiante) para poder, a trav\u00e9s del proceso fotosint\u00e9tico, elaborar sustancias energ\u00e9ticas (hidratos de carbono) que les permiten disponer de la energ\u00eda qu\u00edmica necesaria para desarrollar sus funciones vitales. Los organismos animales se nutren energ\u00e9ticamente, en forma directa (herb\u00edvoros) o indirecta (carn\u00edvoros) de los vegetales es decir de la energ\u00eda solar.<\/p>\n<p>El ser humano ha desarrollado, a trav\u00e9s de su historia, sistemas de vida en los que adem\u00e1s de la energ\u00eda necesaria para su subsistencia biol\u00f3gica (alimento) consume energ\u00eda para mantener y desarrollar sus sistemas culturales y satisfacer as\u00ed necesidades extra alimentarias (vivienda, transporte, bienes y servicios). Para ello la humanidad ha recurrido al uso de distintas fuentes energ\u00e9ticas; en un principio fue el fuego, la energ\u00eda solar, la energ\u00eda animal, la energ\u00eda e\u00f3lica (viento), la hidr\u00e1ulica (agua)&#8230; y en los \u00faltimos tiempos, la energ\u00eda de combustibles f\u00f3siles (petr\u00f3leo, gas y carb\u00f3n) y la nuclear.<\/p>\n<p>Las sociedades desarrolladas actuales, para su supervivencia, bienestar y confort, hacen un uso extremadamente intensivo de la energ\u00eda.<\/p>\n<p>La demanda global de energ\u00eda va en aumento, impulsada por el crecimiento de la poblaci\u00f3n con un nivel de vida cada vez mayor. Para 2050, se prev\u00e9 que el n\u00famero de habitantes del planeta alcanzar\u00e1 los 9.000 millones, casi 2.000 millones m\u00e1s de habitantes que en la actualidad. Muchas personas se sumar\u00e1n a la clase media global y comprar\u00e1n heladeras, computadoras y otros aparatos que consumen energ\u00eda. En el caso de los autos, el n\u00famero se duplicar\u00e1 o tal vez aumentar\u00e1 a\u00fan m\u00e1s.<\/p>\n<p>Las ciudades son, cada vez m\u00e1s, el motor de la econom\u00eda. Aproximadamente las tres cuartas partes de la poblaci\u00f3n mundial vivir\u00e1 en ciudades a mediados de siglo, lo que pondr\u00e1 m\u00e1s presi\u00f3n en la obtenci\u00f3n de recursos alimenticios, de agua y de energ\u00eda, esenciales para el bienestar y prosperidad.<\/p>\n<p>\u00bfHay conciencia de la relaci\u00f3n que existe entre la calidad de vida y el uso de energ\u00eda? \u00bfEl consumo de combustibles f\u00f3siles actual es eficiente y son l\u00f3gicos los usos que se hacen de la energ\u00eda?<\/p>\n<p>En Argentina, est\u00e1 claro que durante a\u00f1os hemos sido dependientes energ\u00e9ticamente, de los combustibles convencionales. Se ha perdido el autoabastecimiento energ\u00e9tico y lamentablemente, muchas veces, hab\u00eda que importar energ\u00eda para abastecer a los hogares y a las industrias.<\/p>\n<p>Los subsidios\u00a0 a la energ\u00eda solo han funcionado como parches que no han tenido mucha vida y que han empujado a los consumidores hacia uno de los problemas m\u00e1s graves que la poblaci\u00f3n deber\u00e1 enfrentar en los pr\u00f3ximos a\u00f1os\u2026 El costo real de la energ\u00eda.<\/p>\n<p>El tema es que la oferta de la energ\u00eda como subsidio, siempre ha nacido como oferta de los presupuestos del Poder Ejecutivo Nacional, con lo cual los empresarios saben bien que pueden estar subsidiados, en la actualidad, pero pueden perder esos beneficios en los presupuestos de los pr\u00f3ximos a\u00f1os. Por este motivo, es que no se llevan a cabo inversiones y han utilizado esos subsidios de manera distributiva entre la poblaci\u00f3n sin discriminar si ese beneficiario necesita que el Estado le subsidie la energ\u00eda. Deber\u00eda haberse subsidiado la demanda del producto y a aquellos segmentos de la poblaci\u00f3n con verdaderas dificultades econ\u00f3micas. No es justo que cueste lo mismo el gas en una zona residencial que en una zona marginal.<\/p>\n<p>No se ha sabido estimular cualquier tipo de inversi\u00f3n en materia de generaci\u00f3n de energ\u00eda, incluso varios emprendimientos que comenzaron a generar energ\u00eda han encontrado inconvenientes para introducirla en la red y poder cobrarla.<\/p>\n<p>El resultado que se ha obtenido es una matriz energ\u00e9tica poco diversificada, dominada por fuentes de energ\u00eda primaria no renovable (gas, petr\u00f3leo, carb\u00f3n, uranio) con mayores costos de explotaci\u00f3n e impacto ambiental que los yacimientos no convencionales, aumentando significativamente el incremento de los gases efecto invernadero, al mismo tiempo, falta desarrollo tecnol\u00f3gico en energ\u00edas renovables.<\/p>\n<p>La generaci\u00f3n nacional de energ\u00eda est\u00e1 concentrada y en la mayor\u00eda de los casos lejos de los centros de consumo, como consecuencia se originan p\u00e9rdidas e ineficiencias en la distribuci\u00f3n de las mismas.<\/p>\n<p>La falta de planificaci\u00f3n estrat\u00e9gica en el corto, mediano y largo plazo en el desarrollo de energ\u00edas alternativas, en nuestro pa\u00eds, fue y es altamente alarmante. Las energ\u00edas renovables \u2013e\u00f3lica, solar, mareomotriz, geot\u00e9rmica, hidr\u00e1ulica y la de biomasa- constituyen una alternativa esencial a los combustibles f\u00f3siles.<\/p>\n<p>A\u00fan queda mucho por producir, investigar, desarrollar y transformar en las energ\u00edas renovables que se supone ya es una idea com\u00fan en el desarrollo argentino, que repercutir\u00e1 en la generaci\u00f3n de empleo y en la integraci\u00f3n territorial. El cambio de gobierno en el pa\u00eds, con la asunci\u00f3n de Mauricio Macri est\u00e1 propiciando la llegada de inversiones particularmente en \u00e1reas donde existe un atraso de infraestructura considerable\u2026 Esperemos que sea real.<\/p>\n<p>La Argentina es uno de los pa\u00edses m\u00e1s ricos en el mundo en cuanto a recursos para las energ\u00edas renovables. Tenemos recursos casi ilimitados para la energ\u00eda e\u00f3lica, en las costas marinas y en la Patagonia, principalmente; energ\u00eda solar en el norte del pa\u00eds; y energ\u00eda de las mareas en la larga costa marina que tenemos. El desarrollo de la tecnolog\u00eda, el incremento de la exigencia social y los costos m\u00e1s bajos de instalaci\u00f3n y r\u00e1pida amortizaci\u00f3n, est\u00e1n impulsando un mayor\u00a0 uso de las fuentes de energ\u00eda de origen renovable.<\/p>\n<p>&nbsp;<\/p>\n<p>*Cristi\u00e1n Frers \u2013 T\u00e9cnico Superior en Gesti\u00f3n Ambiental y T\u00e9cnico Superior en Comunicaci\u00f3n Social (Periodista).<\/p>\n","protected":false},"excerpt":{"rendered":"<p>Por Cristi\u00e1n Frers* La energ\u00eda se define como la capacidad de realizar trabajo, de producir movimiento, de generar cambio. Es &#8230; <a title=\"Como se maneja el costo de la energ\u00eda en el pa\u00eds\" class=\"read-more\" href=\"https:\/\/www.hoymercedes.com.ar\/principal\/2018\/11\/16\/como-se-maneja-el-costo-de-la-energia-en-el-pais\/\" aria-label=\"Leer m\u00e1s sobre Como se maneja el costo de la energ\u00eda en el pa\u00eds\">Leer m\u00e1s<\/a><\/p>\n","protected":false},"author":1,"featured_media":84059,"comment_status":"closed","ping_status":"open","sticky":false,"template":"","format":"standard","meta":{"_monsterinsights_skip_tracking":false,"_monsterinsights_sitenote_active":false,"_monsterinsights_sitenote_note":"","_monsterinsights_sitenote_category":0,"jetpack_post_was_ever_published":false,"_jetpack_newsletter_access":"","_jetpack_dont_email_post_to_subs":false,"_jetpack_newsletter_tier_id":0,"_jetpack_memberships_contains_paywalled_content":false,"_jetpack_memberships_contains_paid_content":false,"footnotes":"","jetpack_publicize_message":"","jetpack_publicize_feature_enabled":true,"jetpack_social_post_already_shared":true,"jetpack_social_options":{"image_generator_settings":{"template":"highway","default_image_id":0,"font":"","enabled":false},"version":2},"_wpas_customize_per_network":false},"categories":[1],"tags":[43,8748],"class_list":["post-84058","post","type-post","status-publish","format-standard","has-post-thumbnail","hentry","category-opinion","tag-medio-ambiente","tag-opinion","generate-columns","tablet-grid-50","mobile-grid-100","grid-parent","grid-50"],"jetpack_publicize_connections":[],"jetpack_featured_media_url":"https:\/\/www.hoymercedes.com.ar\/principal\/wp-content\/uploads\/2018\/11\/16-osto-energia-e1542372127656.jpg","wps_subtitle":"","jetpack_sharing_enabled":true,"_links":{"self":[{"href":"https:\/\/www.hoymercedes.com.ar\/principal\/wp-json\/wp\/v2\/posts\/84058","targetHints":{"allow":["GET"]}}],"collection":[{"href":"https:\/\/www.hoymercedes.com.ar\/principal\/wp-json\/wp\/v2\/posts"}],"about":[{"href":"https:\/\/www.hoymercedes.com.ar\/principal\/wp-json\/wp\/v2\/types\/post"}],"author":[{"embeddable":true,"href":"https:\/\/www.hoymercedes.com.ar\/principal\/wp-json\/wp\/v2\/users\/1"}],"replies":[{"embeddable":true,"href":"https:\/\/www.hoymercedes.com.ar\/principal\/wp-json\/wp\/v2\/comments?post=84058"}],"version-history":[{"count":0,"href":"https:\/\/www.hoymercedes.com.ar\/principal\/wp-json\/wp\/v2\/posts\/84058\/revisions"}],"wp:featuredmedia":[{"embeddable":true,"href":"https:\/\/www.hoymercedes.com.ar\/principal\/wp-json\/wp\/v2\/media\/84059"}],"wp:attachment":[{"href":"https:\/\/www.hoymercedes.com.ar\/principal\/wp-json\/wp\/v2\/media?parent=84058"}],"wp:term":[{"taxonomy":"category","embeddable":true,"href":"https:\/\/www.hoymercedes.com.ar\/principal\/wp-json\/wp\/v2\/categories?post=84058"},{"taxonomy":"post_tag","embeddable":true,"href":"https:\/\/www.hoymercedes.com.ar\/principal\/wp-json\/wp\/v2\/tags?post=84058"}],"curies":[{"name":"wp","href":"https:\/\/api.w.org\/{rel}","templated":true}]}}