{"id":84064,"date":"2018-11-16T18:45:27","date_gmt":"2018-11-16T21:45:27","guid":{"rendered":"http:\/\/www.hoymercedes.com.ar\/principal\/?p=84064"},"modified":"2018-11-17T08:52:49","modified_gmt":"2018-11-17T11:52:49","slug":"la-tecnica-2-realizo-su-octava-muestra-anual","status":"publish","type":"post","link":"https:\/\/www.hoymercedes.com.ar\/principal\/2018\/11\/16\/la-tecnica-2-realizo-su-octava-muestra-anual\/","title":{"rendered":"La T\u00e9cnica 2 realiz\u00f3 su octava muestra anual"},"content":{"rendered":"<p>El mi\u00e9rcoles se llev\u00f3 a cabo la Muestra Anual de la Educaci\u00f3n T\u00e9cnica en la Escuela T\u00e9cnica N\u00b0 2 \u201cLuis F. Leloir\u201d, ubicada en la localidad de Gowland. Se trat\u00f3 de la octava edici\u00f3n, donde todos los alumnos presentan los proyectos que realizan durante el a\u00f1o. Adem\u00e1s es una oportunidad de abrirse a la comunidad para que otros j\u00f3venes puedan conocer el establecimiento y las actividades que se realizan, as\u00ed como dar a conocer a la comunidad educativa como la oferta para la educaci\u00f3n secundaria.<\/p>\n<p>En esta oportunidad participaron como invitados al encuentro alumnos de la escuela T\u00e9cnica N\u00b0 1 de Luj\u00e1n y la T\u00e9cnica N\u00b0 1 de General Rodr\u00edguez.<\/p>\n<p>Varias escuelas de la ciudad se acercaron hasta la escuela para ser parte de la jornada que dur\u00f3 desde las 10 hasta las 15 horas. \u00a0En tanto, se hicieron presentes autoridades de educaci\u00f3n.<\/p>\n<p><img loading=\"lazy\" decoding=\"async\" data-attachment-id=\"84066\" data-permalink=\"https:\/\/www.hoymercedes.com.ar\/principal\/2018\/11\/16\/la-tecnica-2-realizo-su-octava-muestra-anual\/tecnica-3\/#main\" data-orig-file=\"https:\/\/www.hoymercedes.com.ar\/principal\/wp-content\/uploads\/2018\/11\/tecnica-3.jpeg\" data-orig-size=\"800,600\" data-comments-opened=\"0\" data-image-meta=\"{&quot;aperture&quot;:&quot;0&quot;,&quot;credit&quot;:&quot;&quot;,&quot;camera&quot;:&quot;&quot;,&quot;caption&quot;:&quot;&quot;,&quot;created_timestamp&quot;:&quot;0&quot;,&quot;copyright&quot;:&quot;&quot;,&quot;focal_length&quot;:&quot;0&quot;,&quot;iso&quot;:&quot;0&quot;,&quot;shutter_speed&quot;:&quot;0&quot;,&quot;title&quot;:&quot;&quot;,&quot;orientation&quot;:&quot;0&quot;}\" data-image-title=\"tecnica (3)\" data-image-description=\"\" data-image-caption=\"\" data-large-file=\"https:\/\/www.hoymercedes.com.ar\/principal\/wp-content\/uploads\/2018\/11\/tecnica-3.jpeg\" class=\"alignnone size-medium wp-image-84066\" src=\"https:\/\/www.hoymercedes.com.ar\/principal\/wp-content\/uploads\/2018\/11\/tecnica-3-630x473.jpeg\" alt=\"\" width=\"630\" height=\"473\" srcset=\"https:\/\/www.hoymercedes.com.ar\/principal\/wp-content\/uploads\/2018\/11\/tecnica-3-630x473.jpeg 630w, https:\/\/www.hoymercedes.com.ar\/principal\/wp-content\/uploads\/2018\/11\/tecnica-3-150x113.jpeg 150w, https:\/\/www.hoymercedes.com.ar\/principal\/wp-content\/uploads\/2018\/11\/tecnica-3.jpeg 800w\" sizes=\"auto, (max-width: 630px) 100vw, 630px\" \/><\/p>\n<p>Los alumnos desde primero a s\u00e9ptimo a\u00f1o mostraron parte de los proyectos realizados durante el a\u00f1o. Tambi\u00e9n se llev\u00f3 a cabo un mini torneo de softbol entre la escuela anfitriona y la EET N\u00b0 1. As\u00ed se mostraron proyectos como el de \u201cHijas de Fruta\u201d (de frutas deshidratadas como snacks saludables), \u201cAlgo nuestro\u201d (un proyecto que lleva diez a\u00f1os en la instituci\u00f3n y mediante el cual los alumnos trabajan sobre licores, mermeladas, entre otras) con la novedad este a\u00f1o de dulces sin az\u00facar; un proyecto sobre n\u00e9ctar de frutas, panificados, un \u201ctriciclomotor\u201d, paneles solares, l\u00e1mparas realizadas en el taller de electricidad, pr\u00f3tesis 3D, un proyecto sobre educaci\u00f3n vial en el que realizaron carteler\u00eda en madera, un proyecto de matem\u00e1ticas que buscaba dar a conocer las diferentes figuras geom\u00e9tricas en los alimentos, entre otros.<\/p>\n","protected":false},"excerpt":{"rendered":"<p>El mi\u00e9rcoles se llev\u00f3 a cabo la Muestra Anual de la Educaci\u00f3n T\u00e9cnica en la Escuela T\u00e9cnica N\u00b0 2 \u201cLuis &#8230; <a title=\"La T\u00e9cnica 2 realiz\u00f3 su octava muestra anual\" class=\"read-more\" href=\"https:\/\/www.hoymercedes.com.ar\/principal\/2018\/11\/16\/la-tecnica-2-realizo-su-octava-muestra-anual\/\" aria-label=\"Leer m\u00e1s sobre La T\u00e9cnica 2 realiz\u00f3 su octava muestra anual\">Leer m\u00e1s<\/a><\/p>\n","protected":false},"author":1,"featured_media":84065,"comment_status":"closed","ping_status":"open","sticky":false,"template":"","format":"standard","meta":{"_monsterinsights_skip_tracking":false,"_monsterinsights_sitenote_active":false,"_monsterinsights_sitenote_note":"","_monsterinsights_sitenote_category":0,"jetpack_post_was_ever_published":false,"_jetpack_newsletter_access":"","_jetpack_dont_email_post_to_subs":false,"_jetpack_newsletter_tier_id":0,"_jetpack_memberships_contains_paywalled_content":false,"_jetpack_memberships_contains_paid_content":false,"footnotes":"","jetpack_publicize_message":"","jetpack_publicize_feature_enabled":true,"jetpack_social_post_already_shared":true,"jetpack_social_options":{"image_generator_settings":{"template":"highway","default_image_id":0,"font":"","enabled":false},"version":2},"_wpas_customize_per_network":false},"categories":[23],"tags":[47,14062,875,14064],"class_list":["post-84064","post","type-post","status-publish","format-standard","has-post-thumbnail","hentry","category-educacion","tag-educacion-2","tag-ett-n-2","tag-gowland","tag-muestra-anual","generate-columns","tablet-grid-50","mobile-grid-100","grid-parent","grid-50"],"jetpack_publicize_connections":[],"jetpack_featured_media_url":"https:\/\/www.hoymercedes.com.ar\/principal\/wp-content\/uploads\/2018\/11\/tecnica-2.jpeg","wps_subtitle":"En la localidad de Gowland","jetpack_sharing_enabled":true,"_links":{"self":[{"href":"https:\/\/www.hoymercedes.com.ar\/principal\/wp-json\/wp\/v2\/posts\/84064","targetHints":{"allow":["GET"]}}],"collection":[{"href":"https:\/\/www.hoymercedes.com.ar\/principal\/wp-json\/wp\/v2\/posts"}],"about":[{"href":"https:\/\/www.hoymercedes.com.ar\/principal\/wp-json\/wp\/v2\/types\/post"}],"author":[{"embeddable":true,"href":"https:\/\/www.hoymercedes.com.ar\/principal\/wp-json\/wp\/v2\/users\/1"}],"replies":[{"embeddable":true,"href":"https:\/\/www.hoymercedes.com.ar\/principal\/wp-json\/wp\/v2\/comments?post=84064"}],"version-history":[{"count":0,"href":"https:\/\/www.hoymercedes.com.ar\/principal\/wp-json\/wp\/v2\/posts\/84064\/revisions"}],"wp:featuredmedia":[{"embeddable":true,"href":"https:\/\/www.hoymercedes.com.ar\/principal\/wp-json\/wp\/v2\/media\/84065"}],"wp:attachment":[{"href":"https:\/\/www.hoymercedes.com.ar\/principal\/wp-json\/wp\/v2\/media?parent=84064"}],"wp:term":[{"taxonomy":"category","embeddable":true,"href":"https:\/\/www.hoymercedes.com.ar\/principal\/wp-json\/wp\/v2\/categories?post=84064"},{"taxonomy":"post_tag","embeddable":true,"href":"https:\/\/www.hoymercedes.com.ar\/principal\/wp-json\/wp\/v2\/tags?post=84064"}],"curies":[{"name":"wp","href":"https:\/\/api.w.org\/{rel}","templated":true}]}}