{"id":84068,"date":"2018-11-17T09:38:19","date_gmt":"2018-11-17T12:38:19","guid":{"rendered":"http:\/\/www.hoymercedes.com.ar\/principal\/?p=84068"},"modified":"2018-11-17T09:40:29","modified_gmt":"2018-11-17T12:40:29","slug":"estrellas-amarillas-mercedes-participo-de","status":"publish","type":"post","link":"https:\/\/www.hoymercedes.com.ar\/principal\/2018\/11\/17\/estrellas-amarillas-mercedes-participo-de\/","title":{"rendered":"Estrellas Amarillas Mercedes particip\u00f3 de Foro de Familiares de V\u00edctimas por siniestros viales"},"content":{"rendered":"<p>Patricia Recalde, Kuki Almir\u00f3n y Nenin Laborda, tres de las integrantes del Grupo Estrellas Amarillas Mercedes estuvieron presentes en el Foro de Familiares de V\u00edctimas de Siniestros Viales en la ciudad de Buenos Aires. All\u00ed expusieron la tarea que vienen realizando desde el a\u00f1o 2016 cuando se pint\u00f3 la primera estrella amarilla en Mercedes. Este s\u00e1bado, en el marco del D\u00eda Internacional de las V\u00edctimas de Accidentes de Tr\u00e1nsito, estar\u00e1n repintando la estrella amarilla que simboliza al grupo en la Plaza San Luis, repartir\u00e1n folletos concientizando y ultimar\u00e1n los detalles para el documental fotogr\u00e1fico de Evelina Zunino para el domingo 18, 16 hs, en el MAMM.<\/p>\n<figure id=\"attachment_84072\" aria-describedby=\"caption-attachment-84072\" style=\"width: 740px\" class=\"wp-caption aligncenter\"><img loading=\"lazy\" decoding=\"async\" data-attachment-id=\"84072\" data-permalink=\"https:\/\/www.hoymercedes.com.ar\/principal\/2018\/11\/17\/estrellas-amarillas-mercedes-participo-de\/17-estrellas-amarillas-3\/#main\" data-orig-file=\"https:\/\/www.hoymercedes.com.ar\/principal\/wp-content\/uploads\/2018\/11\/17-estrellas-amarillas-3.jpg\" data-orig-size=\"750,422\" data-comments-opened=\"0\" data-image-meta=\"{&quot;aperture&quot;:&quot;0&quot;,&quot;credit&quot;:&quot;&quot;,&quot;camera&quot;:&quot;&quot;,&quot;caption&quot;:&quot;&quot;,&quot;created_timestamp&quot;:&quot;0&quot;,&quot;copyright&quot;:&quot;&quot;,&quot;focal_length&quot;:&quot;0&quot;,&quot;iso&quot;:&quot;0&quot;,&quot;shutter_speed&quot;:&quot;0&quot;,&quot;title&quot;:&quot;&quot;,&quot;orientation&quot;:&quot;0&quot;}\" data-image-title=\"17 estrellas amarillas 3\" data-image-description=\"\" data-image-caption=\"&lt;p&gt;La convocatoria en Buenos Aires reuni\u00f3 a distintas agrupaciones de familiares de la regi\u00f3n. &lt;\/p&gt;\n\" data-large-file=\"https:\/\/www.hoymercedes.com.ar\/principal\/wp-content\/uploads\/2018\/11\/17-estrellas-amarillas-3.jpg\" class=\"size-full wp-image-84072\" src=\"https:\/\/www.hoymercedes.com.ar\/principal\/wp-content\/uploads\/2018\/11\/17-estrellas-amarillas-3.jpg\" alt=\"\" width=\"750\" height=\"422\" srcset=\"https:\/\/www.hoymercedes.com.ar\/principal\/wp-content\/uploads\/2018\/11\/17-estrellas-amarillas-3.jpg 750w, https:\/\/www.hoymercedes.com.ar\/principal\/wp-content\/uploads\/2018\/11\/17-estrellas-amarillas-3-150x84.jpg 150w, https:\/\/www.hoymercedes.com.ar\/principal\/wp-content\/uploads\/2018\/11\/17-estrellas-amarillas-3-630x354.jpg 630w\" sizes=\"auto, (max-width: 750px) 100vw, 750px\" \/><figcaption id=\"caption-attachment-84072\" class=\"wp-caption-text\">La convocatoria en Buenos Aires reuni\u00f3 a distintas agrupaciones de familiares de la regi\u00f3n.<\/figcaption><\/figure>\n<p>La madre de Gonzalo Fern\u00e1ndez, la madre de Nicol\u00e1s Dematei, y la Madre de Nazareno Laborda dijeron presente en el foro realizado en la jornada del viernes en la capital argentina. El encuentro se hizo en el marco del recuerdo de las v\u00edctimas fatales a causa de siniestros viales que todos los a\u00f1os se conmemora el tercer domingo de noviembre. En ese encuentro, las tres madres, integrantes de Estrellas Amarillas Mercedes compartieron el dolor de lo que vivieron con la p\u00e9rdida de sus hijos y el amor que ponen en cada actividad con el grupo de familiares de la ciudad.<\/p>\n<p>Encuentros similares se est\u00e1n llevando a cabo en todo el pa\u00eds. Los n\u00fameros nacionales de v\u00edctimas fatales de siniestros viales son alarmantes. Unas veinte personas por d\u00eda mueren a causa de \u00abaccidentes\u00bb de tr\u00e1nsito.\u00a0La sociedad en su conjunto debe repensar estas cifras y ser m\u00e1s consciente a la hora de circular por las rutas y calles del pa\u00eds.<\/p>\n<figure id=\"attachment_84071\" aria-describedby=\"caption-attachment-84071\" style=\"width: 740px\" class=\"wp-caption aligncenter\"><img loading=\"lazy\" decoding=\"async\" data-attachment-id=\"84071\" data-permalink=\"https:\/\/www.hoymercedes.com.ar\/principal\/2018\/11\/17\/estrellas-amarillas-mercedes-participo-de\/17-estrellas-amarillas-2\/#main\" data-orig-file=\"https:\/\/www.hoymercedes.com.ar\/principal\/wp-content\/uploads\/2018\/11\/17-estrellas-amarillas-2.jpg\" data-orig-size=\"750,499\" data-comments-opened=\"0\" data-image-meta=\"{&quot;aperture&quot;:&quot;0&quot;,&quot;credit&quot;:&quot;&quot;,&quot;camera&quot;:&quot;&quot;,&quot;caption&quot;:&quot;&quot;,&quot;created_timestamp&quot;:&quot;0&quot;,&quot;copyright&quot;:&quot;&quot;,&quot;focal_length&quot;:&quot;0&quot;,&quot;iso&quot;:&quot;0&quot;,&quot;shutter_speed&quot;:&quot;0&quot;,&quot;title&quot;:&quot;&quot;,&quot;orientation&quot;:&quot;0&quot;}\" data-image-title=\"17 estrellas amarillas 2\" data-image-description=\"\" data-image-caption=\"&lt;p&gt;En el foro las madres de Mercedes expusieron en qu\u00e9 circunstancias fallecieron sus hijos y contaron la experiencia del Grupo Estrellas Amarillas Mercedes. &lt;\/p&gt;\n\" data-large-file=\"https:\/\/www.hoymercedes.com.ar\/principal\/wp-content\/uploads\/2018\/11\/17-estrellas-amarillas-2.jpg\" class=\"size-full wp-image-84071\" src=\"https:\/\/www.hoymercedes.com.ar\/principal\/wp-content\/uploads\/2018\/11\/17-estrellas-amarillas-2.jpg\" alt=\"\" width=\"750\" height=\"499\" srcset=\"https:\/\/www.hoymercedes.com.ar\/principal\/wp-content\/uploads\/2018\/11\/17-estrellas-amarillas-2.jpg 750w, https:\/\/www.hoymercedes.com.ar\/principal\/wp-content\/uploads\/2018\/11\/17-estrellas-amarillas-2-150x100.jpg 150w, https:\/\/www.hoymercedes.com.ar\/principal\/wp-content\/uploads\/2018\/11\/17-estrellas-amarillas-2-630x419.jpg 630w\" sizes=\"auto, (max-width: 750px) 100vw, 750px\" \/><figcaption id=\"caption-attachment-84071\" class=\"wp-caption-text\">En el foro las madres de Mercedes expusieron en qu\u00e9 circunstancias fallecieron sus hijos y contaron la experiencia del Grupo Estrellas Amarillas Mercedes.<\/figcaption><\/figure>\n<p>El recuerdo a la v\u00edctimas fatales de siniestros viales se extender\u00e1 a lo largo del fin de semana corriente. Durante el s\u00e1bado y el domingo, las actividades se desarrollar\u00e1n en distintos lugares de la ciudad. Durante la jornada del s\u00e1bado, Estrellas Amarillas Mercedes estar\u00e1 en la Plaza San Luis, donde se emplaza una estrella que guarda lugar al monolito a inaugurarse el pr\u00f3ximo a\u00f1o. All\u00ed repintar\u00e1n la estrella y entregar\u00e1n folletos en distintas esquinas bajo la consigna que \u00aba otros no les pase\u00bb.<\/p>\n<p>El domingo, sus estrellas amarillas se ver\u00e1n reflejadas a trav\u00e9s del lente de Evelina Zunino que acompa\u00f1\u00f3 al grupo en los \u00faltimos meses para concebir el documental fotogr\u00e1fico que se presentar\u00e1 a la hora 16 en el Museo de Arte (MAMM).<\/p>\n<figure id=\"attachment_84070\" aria-describedby=\"caption-attachment-84070\" style=\"width: 740px\" class=\"wp-caption aligncenter\"><img loading=\"lazy\" decoding=\"async\" data-attachment-id=\"84070\" data-permalink=\"https:\/\/www.hoymercedes.com.ar\/principal\/2018\/11\/17\/estrellas-amarillas-mercedes-participo-de\/17-estrellas-amarillas-1\/#main\" data-orig-file=\"https:\/\/www.hoymercedes.com.ar\/principal\/wp-content\/uploads\/2018\/11\/17-estrellas-amarillas-1.jpg\" data-orig-size=\"750,500\" data-comments-opened=\"0\" data-image-meta=\"{&quot;aperture&quot;:&quot;0&quot;,&quot;credit&quot;:&quot;&quot;,&quot;camera&quot;:&quot;&quot;,&quot;caption&quot;:&quot;&quot;,&quot;created_timestamp&quot;:&quot;0&quot;,&quot;copyright&quot;:&quot;&quot;,&quot;focal_length&quot;:&quot;0&quot;,&quot;iso&quot;:&quot;0&quot;,&quot;shutter_speed&quot;:&quot;0&quot;,&quot;title&quot;:&quot;&quot;,&quot;orientation&quot;:&quot;0&quot;}\" data-image-title=\"17 estrellas amarillas 1\" data-image-description=\"\" data-image-caption=\"&lt;p&gt;Patricia, Kuki y Nenin presentes en el Foro de Familiares de v\u00edctimas por siniestros viales&lt;\/p&gt;\n\" data-large-file=\"https:\/\/www.hoymercedes.com.ar\/principal\/wp-content\/uploads\/2018\/11\/17-estrellas-amarillas-1.jpg\" class=\"size-full wp-image-84070\" src=\"https:\/\/www.hoymercedes.com.ar\/principal\/wp-content\/uploads\/2018\/11\/17-estrellas-amarillas-1.jpg\" alt=\"\" width=\"750\" height=\"500\" srcset=\"https:\/\/www.hoymercedes.com.ar\/principal\/wp-content\/uploads\/2018\/11\/17-estrellas-amarillas-1.jpg 750w, https:\/\/www.hoymercedes.com.ar\/principal\/wp-content\/uploads\/2018\/11\/17-estrellas-amarillas-1-150x100.jpg 150w, https:\/\/www.hoymercedes.com.ar\/principal\/wp-content\/uploads\/2018\/11\/17-estrellas-amarillas-1-630x420.jpg 630w\" sizes=\"auto, (max-width: 750px) 100vw, 750px\" \/><figcaption id=\"caption-attachment-84070\" class=\"wp-caption-text\">Patricia, Kuki y Nenin presentes en el Foro de Familiares de v\u00edctimas por siniestros viales<\/figcaption><\/figure>\n<p>&nbsp;<\/p>\n","protected":false},"excerpt":{"rendered":"<p>Patricia Recalde, Kuki Almir\u00f3n y Nenin Laborda, tres de las integrantes del Grupo Estrellas Amarillas Mercedes estuvieron presentes en el &#8230; <a title=\"Estrellas Amarillas Mercedes particip\u00f3 de Foro de Familiares de V\u00edctimas por siniestros viales\" class=\"read-more\" href=\"https:\/\/www.hoymercedes.com.ar\/principal\/2018\/11\/17\/estrellas-amarillas-mercedes-participo-de\/\" aria-label=\"Leer m\u00e1s sobre Estrellas Amarillas Mercedes particip\u00f3 de Foro de Familiares de V\u00edctimas por siniestros viales\">Leer m\u00e1s<\/a><\/p>\n","protected":false},"author":1,"featured_media":84070,"comment_status":"closed","ping_status":"open","sticky":false,"template":"","format":"standard","meta":{"_monsterinsights_skip_tracking":false,"_monsterinsights_sitenote_active":false,"_monsterinsights_sitenote_note":"","_monsterinsights_sitenote_category":0,"jetpack_post_was_ever_published":false,"_jetpack_newsletter_access":"","_jetpack_dont_email_post_to_subs":false,"_jetpack_newsletter_tier_id":0,"_jetpack_memberships_contains_paywalled_content":false,"_jetpack_memberships_contains_paid_content":false,"footnotes":"","jetpack_publicize_message":"","jetpack_publicize_feature_enabled":true,"jetpack_social_post_already_shared":true,"jetpack_social_options":{"image_generator_settings":{"template":"highway","default_image_id":0,"font":"","enabled":false},"version":2},"_wpas_customize_per_network":false},"categories":[8],"tags":[11115,14065,7802],"class_list":["post-84068","post","type-post","status-publish","format-standard","has-post-thumbnail","hentry","category-sociedad","tag-estrellas-amarillas-mercedes","tag-foro-de-familiares-victimas-de-siniestros-viales","tag-sociedad","generate-columns","tablet-grid-50","mobile-grid-100","grid-parent","grid-50"],"jetpack_publicize_connections":[],"jetpack_featured_media_url":"https:\/\/www.hoymercedes.com.ar\/principal\/wp-content\/uploads\/2018\/11\/17-estrellas-amarillas-1.jpg","wps_subtitle":"En memoria de las v\u00edctimas fatales","jetpack_sharing_enabled":true,"_links":{"self":[{"href":"https:\/\/www.hoymercedes.com.ar\/principal\/wp-json\/wp\/v2\/posts\/84068","targetHints":{"allow":["GET"]}}],"collection":[{"href":"https:\/\/www.hoymercedes.com.ar\/principal\/wp-json\/wp\/v2\/posts"}],"about":[{"href":"https:\/\/www.hoymercedes.com.ar\/principal\/wp-json\/wp\/v2\/types\/post"}],"author":[{"embeddable":true,"href":"https:\/\/www.hoymercedes.com.ar\/principal\/wp-json\/wp\/v2\/users\/1"}],"replies":[{"embeddable":true,"href":"https:\/\/www.hoymercedes.com.ar\/principal\/wp-json\/wp\/v2\/comments?post=84068"}],"version-history":[{"count":0,"href":"https:\/\/www.hoymercedes.com.ar\/principal\/wp-json\/wp\/v2\/posts\/84068\/revisions"}],"wp:featuredmedia":[{"embeddable":true,"href":"https:\/\/www.hoymercedes.com.ar\/principal\/wp-json\/wp\/v2\/media\/84070"}],"wp:attachment":[{"href":"https:\/\/www.hoymercedes.com.ar\/principal\/wp-json\/wp\/v2\/media?parent=84068"}],"wp:term":[{"taxonomy":"category","embeddable":true,"href":"https:\/\/www.hoymercedes.com.ar\/principal\/wp-json\/wp\/v2\/categories?post=84068"},{"taxonomy":"post_tag","embeddable":true,"href":"https:\/\/www.hoymercedes.com.ar\/principal\/wp-json\/wp\/v2\/tags?post=84068"}],"curies":[{"name":"wp","href":"https:\/\/api.w.org\/{rel}","templated":true}]}}