{"id":84122,"date":"2018-11-18T20:11:22","date_gmt":"2018-11-18T23:11:22","guid":{"rendered":"http:\/\/www.hoymercedes.com.ar\/principal\/?p=84122"},"modified":"2018-11-18T14:59:46","modified_gmt":"2018-11-18T17:59:46","slug":"lujan-y-flandria-sumaron-y-salen-del-fondo-de-sus-tablas","status":"publish","type":"post","link":"https:\/\/www.hoymercedes.com.ar\/principal\/2018\/11\/18\/lujan-y-flandria-sumaron-y-salen-del-fondo-de-sus-tablas\/","title":{"rendered":"Luj\u00e1n y Flandria sumaron y salen del fondo de sus tablas"},"content":{"rendered":"<p>Es malo el semestre de Luj\u00e1n y Flandria en la Primera C y la Primera B Metropolitana. Sin embargo, tras los cambios de entrenadores, comenzaron a sumar puntos importantes. En el caso del cuadro de la Bas\u00edlica, tras la llegada de Oron\u00e1 como DT, reci\u00e9n pudo lograr el triunfo el viernes 9 ante Victoriano Arenas por 3 a 2 y este s\u00e1bado empat\u00f3 como visitante ante Berazategui 0 a 0. Ya desde hace algunos encuentros, Tiago Portessi se lo ve como titular en un equipo que todav\u00eda no gan\u00f3 fuera de casa, pero que al menos sali\u00f3 moment\u00e1neamente del fondo de la tabla.<\/p>\n<p><img loading=\"lazy\" decoding=\"async\" data-attachment-id=\"84129\" data-permalink=\"https:\/\/www.hoymercedes.com.ar\/principal\/2018\/11\/18\/lujan-y-flandria-sumaron-y-salen-del-fondo-de-sus-tablas\/tiago-portessi-lujan\/#main\" data-orig-file=\"https:\/\/www.hoymercedes.com.ar\/principal\/wp-content\/uploads\/2018\/11\/Tiago-Portessi-Lujan.jpg\" data-orig-size=\"800,320\" data-comments-opened=\"0\" data-image-meta=\"{&quot;aperture&quot;:&quot;0&quot;,&quot;credit&quot;:&quot;&quot;,&quot;camera&quot;:&quot;&quot;,&quot;caption&quot;:&quot;&quot;,&quot;created_timestamp&quot;:&quot;0&quot;,&quot;copyright&quot;:&quot;&quot;,&quot;focal_length&quot;:&quot;0&quot;,&quot;iso&quot;:&quot;0&quot;,&quot;shutter_speed&quot;:&quot;0&quot;,&quot;title&quot;:&quot;&quot;,&quot;orientation&quot;:&quot;0&quot;}\" data-image-title=\"Tiago Portessi Lujan\" data-image-description=\"\" data-image-caption=\"\" data-large-file=\"https:\/\/www.hoymercedes.com.ar\/principal\/wp-content\/uploads\/2018\/11\/Tiago-Portessi-Lujan.jpg\" class=\"aligncenter size-full wp-image-84129\" src=\"https:\/\/www.hoymercedes.com.ar\/principal\/wp-content\/uploads\/2018\/11\/Tiago-Portessi-Lujan.jpg\" alt=\"\" width=\"800\" height=\"320\" srcset=\"https:\/\/www.hoymercedes.com.ar\/principal\/wp-content\/uploads\/2018\/11\/Tiago-Portessi-Lujan.jpg 800w, https:\/\/www.hoymercedes.com.ar\/principal\/wp-content\/uploads\/2018\/11\/Tiago-Portessi-Lujan-150x60.jpg 150w, https:\/\/www.hoymercedes.com.ar\/principal\/wp-content\/uploads\/2018\/11\/Tiago-Portessi-Lujan-630x252.jpg 630w\" sizes=\"auto, (max-width: 800px) 100vw, 800px\" \/><\/p>\n<p>Por el lado de Flandria, luego de diez partidos sin victorias y con el debut de Montenegro como DT, se lo dio vuelta a Fenix en el Carlos V y le gan\u00f3 2 a 1. Con este triunfo y la derrota de JJ Urquiza ante Atlanta, dej\u00f3 de estar en el \u00faltimo puesto de la tabla del descenso, aunque es un punto el que los separa entre s\u00ed. Mart\u00edn Minadevino ingres\u00f3 en el entretiempo en el canario por V\u00edctor Rodr\u00edguez.<\/p>\n","protected":false},"excerpt":{"rendered":"<p>Es malo el semestre de Luj\u00e1n y Flandria en la Primera C y la Primera B Metropolitana. Sin embargo, tras &#8230; <a title=\"Luj\u00e1n y Flandria sumaron y salen del fondo de sus tablas\" class=\"read-more\" href=\"https:\/\/www.hoymercedes.com.ar\/principal\/2018\/11\/18\/lujan-y-flandria-sumaron-y-salen-del-fondo-de-sus-tablas\/\" aria-label=\"Leer m\u00e1s sobre Luj\u00e1n y Flandria sumaron y salen del fondo de sus tablas\">Leer m\u00e1s<\/a><\/p>\n","protected":false},"author":1,"featured_media":84129,"comment_status":"closed","ping_status":"open","sticky":false,"template":"","format":"standard","meta":{"_monsterinsights_skip_tracking":false,"_monsterinsights_sitenote_active":false,"_monsterinsights_sitenote_note":"","_monsterinsights_sitenote_category":0,"jetpack_post_was_ever_published":false,"_jetpack_newsletter_access":"","_jetpack_dont_email_post_to_subs":false,"_jetpack_newsletter_tier_id":0,"_jetpack_memberships_contains_paywalled_content":false,"_jetpack_memberships_contains_paid_content":false,"footnotes":"","jetpack_publicize_message":"","jetpack_publicize_feature_enabled":true,"jetpack_social_post_already_shared":true,"jetpack_social_options":{"image_generator_settings":{"template":"highway","default_image_id":0,"font":"","enabled":false},"version":2},"_wpas_customize_per_network":false},"categories":[21],"tags":[204,3129,1003,7582,86],"class_list":["post-84122","post","type-post","status-publish","format-standard","has-post-thumbnail","hentry","category-deportes","tag-deportes-2","tag-flandria","tag-futbol","tag-la-legion","tag-lujan","generate-columns","tablet-grid-50","mobile-grid-100","grid-parent","grid-50"],"jetpack_publicize_connections":[],"jetpack_featured_media_url":"https:\/\/www.hoymercedes.com.ar\/principal\/wp-content\/uploads\/2018\/11\/Tiago-Portessi-Lujan.jpg","wps_subtitle":"La Legi\u00f3n","jetpack_sharing_enabled":true,"_links":{"self":[{"href":"https:\/\/www.hoymercedes.com.ar\/principal\/wp-json\/wp\/v2\/posts\/84122","targetHints":{"allow":["GET"]}}],"collection":[{"href":"https:\/\/www.hoymercedes.com.ar\/principal\/wp-json\/wp\/v2\/posts"}],"about":[{"href":"https:\/\/www.hoymercedes.com.ar\/principal\/wp-json\/wp\/v2\/types\/post"}],"author":[{"embeddable":true,"href":"https:\/\/www.hoymercedes.com.ar\/principal\/wp-json\/wp\/v2\/users\/1"}],"replies":[{"embeddable":true,"href":"https:\/\/www.hoymercedes.com.ar\/principal\/wp-json\/wp\/v2\/comments?post=84122"}],"version-history":[{"count":0,"href":"https:\/\/www.hoymercedes.com.ar\/principal\/wp-json\/wp\/v2\/posts\/84122\/revisions"}],"wp:featuredmedia":[{"embeddable":true,"href":"https:\/\/www.hoymercedes.com.ar\/principal\/wp-json\/wp\/v2\/media\/84129"}],"wp:attachment":[{"href":"https:\/\/www.hoymercedes.com.ar\/principal\/wp-json\/wp\/v2\/media?parent=84122"}],"wp:term":[{"taxonomy":"category","embeddable":true,"href":"https:\/\/www.hoymercedes.com.ar\/principal\/wp-json\/wp\/v2\/categories?post=84122"},{"taxonomy":"post_tag","embeddable":true,"href":"https:\/\/www.hoymercedes.com.ar\/principal\/wp-json\/wp\/v2\/tags?post=84122"}],"curies":[{"name":"wp","href":"https:\/\/api.w.org\/{rel}","templated":true}]}}