{"id":84124,"date":"2018-11-17T15:13:09","date_gmt":"2018-11-17T18:13:09","guid":{"rendered":"http:\/\/www.hoymercedes.com.ar\/principal\/?p=84124"},"modified":"2018-11-18T13:27:57","modified_gmt":"2018-11-18T16:27:57","slug":"violenta-colision-sobre-la-ruta-5-a-la-altura-de-suipacha","status":"publish","type":"post","link":"https:\/\/www.hoymercedes.com.ar\/principal\/2018\/11\/17\/violenta-colision-sobre-la-ruta-5-a-la-altura-de-suipacha\/","title":{"rendered":"Violenta colisi\u00f3n sobre la Ruta 5 a la altura de Suipacha"},"content":{"rendered":"<p>En la ma\u00f1ana del s\u00e1bado\u00a0se registr\u00f3 un nuevo siniestro vial sobre el trazado de la Ruta Nacional N\u00b0 5, en este caso a la altura del km 127,500 en jurisdicci\u00f3n del partido de Suipacha.<\/p>\n<p>El siniestro se produjo cuando el conductor una van Chery Tiggo 2.0, color azul, dominio INM530 , que circulaba en sentido Chivilcoy hacia Suipacha pierde el control del veh\u00edculo al evadir la colisi\u00f3n con un cami\u00f3n que circulaba en sentido contrario y que hab\u00eda invadido su mano al intentar sobrepasar a otros veh\u00edculos sobre el sector de curva existente el lugar.<\/p>\n<p><img loading=\"lazy\" decoding=\"async\" data-attachment-id=\"84125\" data-permalink=\"https:\/\/www.hoymercedes.com.ar\/principal\/2018\/11\/17\/violenta-colision-sobre-la-ruta-5-a-la-altura-de-suipacha\/17-ruta-5-choque-1\/#main\" data-orig-file=\"https:\/\/www.hoymercedes.com.ar\/principal\/wp-content\/uploads\/2018\/11\/17-ruta-5-choque-1.jpg\" data-orig-size=\"750,563\" data-comments-opened=\"0\" data-image-meta=\"{&quot;aperture&quot;:&quot;0&quot;,&quot;credit&quot;:&quot;&quot;,&quot;camera&quot;:&quot;&quot;,&quot;caption&quot;:&quot;&quot;,&quot;created_timestamp&quot;:&quot;0&quot;,&quot;copyright&quot;:&quot;&quot;,&quot;focal_length&quot;:&quot;0&quot;,&quot;iso&quot;:&quot;0&quot;,&quot;shutter_speed&quot;:&quot;0&quot;,&quot;title&quot;:&quot;&quot;,&quot;orientation&quot;:&quot;0&quot;}\" data-image-title=\"17 ruta 5 choque 1\" data-image-description=\"\" data-image-caption=\"\" data-large-file=\"https:\/\/www.hoymercedes.com.ar\/principal\/wp-content\/uploads\/2018\/11\/17-ruta-5-choque-1.jpg\" class=\"aligncenter size-full wp-image-84125\" src=\"https:\/\/www.hoymercedes.com.ar\/principal\/wp-content\/uploads\/2018\/11\/17-ruta-5-choque-1.jpg\" alt=\"\" width=\"750\" height=\"563\" srcset=\"https:\/\/www.hoymercedes.com.ar\/principal\/wp-content\/uploads\/2018\/11\/17-ruta-5-choque-1.jpg 750w, https:\/\/www.hoymercedes.com.ar\/principal\/wp-content\/uploads\/2018\/11\/17-ruta-5-choque-1-150x113.jpg 150w, https:\/\/www.hoymercedes.com.ar\/principal\/wp-content\/uploads\/2018\/11\/17-ruta-5-choque-1-630x473.jpg 630w\" sizes=\"auto, (max-width: 750px) 100vw, 750px\" \/><\/p>\n<p>Producto de esta maniobra la Chery Tiggo, derrapa sobre el sector de banquina, ingresando y atravesando la ruta hacia la mano contraria donde embiste la parte lateral trasera izquierda de un cami\u00f3n Scania G340 , color azul dominio KUY 650 con semirremolque tolva, dominio PPY-033 que circulaba en sentido contrario es decir desde Suipacha hacia Chivilcoy.<\/p>\n<p>La Van Chery era conducida por Jonathan Luis Ram\u00edrez, quien viajaba acompa\u00f1ado de Ivan y Mario Ram\u00edrez y Daniel Vallejos, todos domiciliados en la ciudad de Pilar provincia de Buenos Aires en tanto el Cami\u00f3n Scania era conducido por Sergio Omar Alvez, domiciliado en la ciudad de Loma Negra , partido de Olavarria.<\/p>\n<p>Se desconocen los datos del tercer veh\u00edculo, cami\u00f3n con semirremolque tanque, cuya maniobra provoca el despiste y posterior choque, ya que el mismo no se detuvo en la zona del siniestro, continuando su marcha.<\/p>\n<p>Afortunadamente, y a pesar de las caracter\u00edsticas del hecho, tanto los ocupantes de la van como el chofer del cami\u00f3n resultaron ilesos, una vez verificado estas condiciones, personal policial procedi\u00f3 a efectuar en el lugar del hecho los controles de alcoholemia a los conductores, resultando negativo para ambos.<\/p>\n<p><img loading=\"lazy\" decoding=\"async\" data-attachment-id=\"84126\" data-permalink=\"https:\/\/www.hoymercedes.com.ar\/principal\/2018\/11\/17\/violenta-colision-sobre-la-ruta-5-a-la-altura-de-suipacha\/17-ruta-5-choque-2\/#main\" data-orig-file=\"https:\/\/www.hoymercedes.com.ar\/principal\/wp-content\/uploads\/2018\/11\/17-ruta-5-choque-2.jpg\" data-orig-size=\"750,563\" data-comments-opened=\"0\" data-image-meta=\"{&quot;aperture&quot;:&quot;0&quot;,&quot;credit&quot;:&quot;&quot;,&quot;camera&quot;:&quot;&quot;,&quot;caption&quot;:&quot;&quot;,&quot;created_timestamp&quot;:&quot;0&quot;,&quot;copyright&quot;:&quot;&quot;,&quot;focal_length&quot;:&quot;0&quot;,&quot;iso&quot;:&quot;0&quot;,&quot;shutter_speed&quot;:&quot;0&quot;,&quot;title&quot;:&quot;&quot;,&quot;orientation&quot;:&quot;0&quot;}\" data-image-title=\"17 ruta 5 choque 2\" data-image-description=\"\" data-image-caption=\"\" data-large-file=\"https:\/\/www.hoymercedes.com.ar\/principal\/wp-content\/uploads\/2018\/11\/17-ruta-5-choque-2.jpg\" class=\"aligncenter size-full wp-image-84126\" src=\"https:\/\/www.hoymercedes.com.ar\/principal\/wp-content\/uploads\/2018\/11\/17-ruta-5-choque-2.jpg\" alt=\"\" width=\"750\" height=\"563\" srcset=\"https:\/\/www.hoymercedes.com.ar\/principal\/wp-content\/uploads\/2018\/11\/17-ruta-5-choque-2.jpg 750w, https:\/\/www.hoymercedes.com.ar\/principal\/wp-content\/uploads\/2018\/11\/17-ruta-5-choque-2-150x113.jpg 150w, https:\/\/www.hoymercedes.com.ar\/principal\/wp-content\/uploads\/2018\/11\/17-ruta-5-choque-2-630x473.jpg 630w\" sizes=\"auto, (max-width: 750px) 100vw, 750px\" \/><\/p>\n<p>Al momento de la colisi\u00f3n, si bien no llov\u00eda la cinta asf\u00e1ltica se hallaba h\u00fameda debido a que hab\u00eda llovido en primeras horas de la ma\u00f1ana.<\/p>\n<p>El lugar del siniestro se ubica en la curva existente frente a las instalaciones de la metal\u00fargica Belgrano y el transito estuvo interrumpido en el lugar hasta que finalizaran las tareas de los medios de emergencia locales, Intervino Bomberos Voluntarios, Polic\u00eda Comunal, CPR, y ambulancias del Hospital Esteban Iribarne de Suipacha.<\/p>\n<p>Colaboraci\u00f3n: Jorge Lasala (Suipacha)<\/p>\n","protected":false},"excerpt":{"rendered":"<p>En la ma\u00f1ana del s\u00e1bado\u00a0se registr\u00f3 un nuevo siniestro vial sobre el trazado de la Ruta Nacional N\u00b0 5, en &#8230; <a title=\"Violenta colisi\u00f3n sobre la Ruta 5 a la altura de Suipacha\" class=\"read-more\" href=\"https:\/\/www.hoymercedes.com.ar\/principal\/2018\/11\/17\/violenta-colision-sobre-la-ruta-5-a-la-altura-de-suipacha\/\" aria-label=\"Leer m\u00e1s sobre Violenta colisi\u00f3n sobre la Ruta 5 a la altura de Suipacha\">Leer m\u00e1s<\/a><\/p>\n","protected":false},"author":1,"featured_media":84126,"comment_status":"closed","ping_status":"open","sticky":false,"template":"","format":"standard","meta":{"_monsterinsights_skip_tracking":false,"_monsterinsights_sitenote_active":false,"_monsterinsights_sitenote_note":"","_monsterinsights_sitenote_category":0,"jetpack_post_was_ever_published":false,"_jetpack_newsletter_access":"","_jetpack_dont_email_post_to_subs":false,"_jetpack_newsletter_tier_id":0,"_jetpack_memberships_contains_paywalled_content":false,"_jetpack_memberships_contains_paid_content":false,"footnotes":"","jetpack_publicize_message":"Violenta colisi\u00f3n sobre la Ruta 5 a la altura de Suipacha","jetpack_publicize_feature_enabled":true,"jetpack_social_post_already_shared":true,"jetpack_social_options":{"image_generator_settings":{"template":"highway","default_image_id":0,"font":"","enabled":false},"version":2},"_wpas_customize_per_network":false},"categories":[85],"tags":[96,11631,10395],"class_list":["post-84124","post","type-post","status-publish","format-standard","has-post-thumbnail","hentry","category-policial","tag-policial-2","tag-ruta-nacional-n-5","tag-siniestro-vial","generate-columns","tablet-grid-50","mobile-grid-100","grid-parent","grid-50"],"jetpack_publicize_connections":[],"jetpack_featured_media_url":"https:\/\/www.hoymercedes.com.ar\/principal\/wp-content\/uploads\/2018\/11\/17-ruta-5-choque-2.jpg","wps_subtitle":"En la ma\u00f1ana del s\u00e1bado","jetpack_sharing_enabled":true,"_links":{"self":[{"href":"https:\/\/www.hoymercedes.com.ar\/principal\/wp-json\/wp\/v2\/posts\/84124","targetHints":{"allow":["GET"]}}],"collection":[{"href":"https:\/\/www.hoymercedes.com.ar\/principal\/wp-json\/wp\/v2\/posts"}],"about":[{"href":"https:\/\/www.hoymercedes.com.ar\/principal\/wp-json\/wp\/v2\/types\/post"}],"author":[{"embeddable":true,"href":"https:\/\/www.hoymercedes.com.ar\/principal\/wp-json\/wp\/v2\/users\/1"}],"replies":[{"embeddable":true,"href":"https:\/\/www.hoymercedes.com.ar\/principal\/wp-json\/wp\/v2\/comments?post=84124"}],"version-history":[{"count":0,"href":"https:\/\/www.hoymercedes.com.ar\/principal\/wp-json\/wp\/v2\/posts\/84124\/revisions"}],"wp:featuredmedia":[{"embeddable":true,"href":"https:\/\/www.hoymercedes.com.ar\/principal\/wp-json\/wp\/v2\/media\/84126"}],"wp:attachment":[{"href":"https:\/\/www.hoymercedes.com.ar\/principal\/wp-json\/wp\/v2\/media?parent=84124"}],"wp:term":[{"taxonomy":"category","embeddable":true,"href":"https:\/\/www.hoymercedes.com.ar\/principal\/wp-json\/wp\/v2\/categories?post=84124"},{"taxonomy":"post_tag","embeddable":true,"href":"https:\/\/www.hoymercedes.com.ar\/principal\/wp-json\/wp\/v2\/tags?post=84124"}],"curies":[{"name":"wp","href":"https:\/\/api.w.org\/{rel}","templated":true}]}}