{"id":84128,"date":"2018-11-18T03:28:42","date_gmt":"2018-11-18T06:28:42","guid":{"rendered":"http:\/\/www.hoymercedes.com.ar\/principal\/?p=84128"},"modified":"2018-11-18T14:19:38","modified_gmt":"2018-11-18T17:19:38","slug":"siniestro-vial-en-ruta-5-en-lujan-con-un-fallecido-y-un-menor-herido","status":"publish","type":"post","link":"https:\/\/www.hoymercedes.com.ar\/principal\/2018\/11\/18\/siniestro-vial-en-ruta-5-en-lujan-con-un-fallecido-y-un-menor-herido\/","title":{"rendered":"Siniestro Vial en Ruta 5 en Luj\u00e1n con un fallecido y un menor herido"},"content":{"rendered":"<p>El tr\u00e1gico accidente de tr\u00e1nsito se produjo minutos despu\u00e9s de la hora 18 del s\u00e1bado, en el kil\u00f3metro 67 de la vieja ruta 5 en la localidad de Luj\u00e1n. Por motivos que se intentan establecer, un Renault Megane despist\u00f3 e impact\u00f3 de lleno contra una columna de iluminaci\u00f3n. El conductor, de 32 a\u00f1os, falleci\u00f3 en el acto, mientras que un menor de 7 a\u00f1os result\u00f3 herido y fue trasladado por los Bomberos al Hospital de Luj\u00e1n.<\/p>\n<p><img loading=\"lazy\" decoding=\"async\" data-attachment-id=\"84134\" data-permalink=\"https:\/\/www.hoymercedes.com.ar\/principal\/2018\/11\/18\/siniestro-vial-en-ruta-5-en-lujan-con-un-fallecido-y-un-menor-herido\/18-choque-5-lujan-1\/#main\" data-orig-file=\"https:\/\/www.hoymercedes.com.ar\/principal\/wp-content\/uploads\/2018\/11\/18-choque-5-lujan-1.jpg\" data-orig-size=\"800,600\" data-comments-opened=\"0\" data-image-meta=\"{&quot;aperture&quot;:&quot;0&quot;,&quot;credit&quot;:&quot;&quot;,&quot;camera&quot;:&quot;&quot;,&quot;caption&quot;:&quot;&quot;,&quot;created_timestamp&quot;:&quot;0&quot;,&quot;copyright&quot;:&quot;&quot;,&quot;focal_length&quot;:&quot;0&quot;,&quot;iso&quot;:&quot;0&quot;,&quot;shutter_speed&quot;:&quot;0&quot;,&quot;title&quot;:&quot;&quot;,&quot;orientation&quot;:&quot;0&quot;}\" data-image-title=\"18 choque 5 lujan 1\" data-image-description=\"\" data-image-caption=\"\" data-large-file=\"https:\/\/www.hoymercedes.com.ar\/principal\/wp-content\/uploads\/2018\/11\/18-choque-5-lujan-1.jpg\" class=\"aligncenter size-full wp-image-84134\" src=\"https:\/\/www.hoymercedes.com.ar\/principal\/wp-content\/uploads\/2018\/11\/18-choque-5-lujan-1.jpg\" alt=\"\" width=\"800\" height=\"600\" srcset=\"https:\/\/www.hoymercedes.com.ar\/principal\/wp-content\/uploads\/2018\/11\/18-choque-5-lujan-1.jpg 800w, https:\/\/www.hoymercedes.com.ar\/principal\/wp-content\/uploads\/2018\/11\/18-choque-5-lujan-1-150x113.jpg 150w, https:\/\/www.hoymercedes.com.ar\/principal\/wp-content\/uploads\/2018\/11\/18-choque-5-lujan-1-630x473.jpg 630w\" sizes=\"auto, (max-width: 800px) 100vw, 800px\" \/><\/p>\n<p>Seg\u00fan informaron fuentes policiales consultadas por\u00a0medios de Luj\u00e1n, el accidente se produjo entre un Renault Megane (Patente GNF750) circulaba por la ruta en sentido a Luj\u00e1n, cuando por razones que se intentaban establecer, al llegar a la intersecci\u00f3n con la calle Juan de la Cruz Casas (a la altura de la empresa Estampados Rotativos), despist\u00f3 y termin\u00f3 chocando de frente contra una columna de iluminaci\u00f3n ubicada en la banquina.<\/p>\n<p>Producto del violento impacto, el conductor del veh\u00edculo, identificado como Mauro Alejandro Rojo, de 32 a\u00f1os y vecino de nuestra ciudad, lamentablemente falleci\u00f3 en el acto. Mientras que su hijo, de 7 a\u00f1os, \u00absufri\u00f3 fractura de f\u00e9mur izquierdo, entre otras heridas, y fue trasladado por los Bomberos Voluntarios al Hospital Municipal\u00bb, se\u00f1alaron. Aunque afortunadamente est\u00e1 fuera de peligro.<\/p>\n<p>El hecho fue caratulado \u00abmuerte por accidente y lesiones\u00bb e interviene la UFI N\u00b0 9 a cargo de la doctora Mar\u00eda Laura Cordiviola. En ese marco, en el lugar del siniestro trabajaron peritos de la Polic\u00eda Cient\u00edfica.<\/p>\n<p>&nbsp;<\/p>\n<p>Fuente: Luj\u00e1n Hoy y Luj\u00e1n en L\u00ednea<\/p>\n<p><img loading=\"lazy\" decoding=\"async\" data-attachment-id=\"84135\" data-permalink=\"https:\/\/www.hoymercedes.com.ar\/principal\/2018\/11\/18\/siniestro-vial-en-ruta-5-en-lujan-con-un-fallecido-y-un-menor-herido\/18-choque-5-lujan-2\/#main\" data-orig-file=\"https:\/\/www.hoymercedes.com.ar\/principal\/wp-content\/uploads\/2018\/11\/18-choque-5-lujan-2.jpg\" data-orig-size=\"600,420\" data-comments-opened=\"0\" data-image-meta=\"{&quot;aperture&quot;:&quot;0&quot;,&quot;credit&quot;:&quot;&quot;,&quot;camera&quot;:&quot;&quot;,&quot;caption&quot;:&quot;&quot;,&quot;created_timestamp&quot;:&quot;0&quot;,&quot;copyright&quot;:&quot;&quot;,&quot;focal_length&quot;:&quot;0&quot;,&quot;iso&quot;:&quot;0&quot;,&quot;shutter_speed&quot;:&quot;0&quot;,&quot;title&quot;:&quot;&quot;,&quot;orientation&quot;:&quot;1&quot;}\" data-image-title=\"18 choque 5 lujan 2\" data-image-description=\"\" data-image-caption=\"\" data-large-file=\"https:\/\/www.hoymercedes.com.ar\/principal\/wp-content\/uploads\/2018\/11\/18-choque-5-lujan-2.jpg\" class=\"aligncenter size-full wp-image-84135\" src=\"https:\/\/www.hoymercedes.com.ar\/principal\/wp-content\/uploads\/2018\/11\/18-choque-5-lujan-2.jpg\" alt=\"\" width=\"600\" height=\"420\" srcset=\"https:\/\/www.hoymercedes.com.ar\/principal\/wp-content\/uploads\/2018\/11\/18-choque-5-lujan-2.jpg 600w, https:\/\/www.hoymercedes.com.ar\/principal\/wp-content\/uploads\/2018\/11\/18-choque-5-lujan-2-150x105.jpg 150w\" sizes=\"auto, (max-width: 600px) 100vw, 600px\" \/><\/p>\n","protected":false},"excerpt":{"rendered":"<p>El tr\u00e1gico accidente de tr\u00e1nsito se produjo minutos despu\u00e9s de la hora 18 del s\u00e1bado, en el kil\u00f3metro 67 de &#8230; <a title=\"Siniestro Vial en Ruta 5 en Luj\u00e1n con un fallecido y un menor herido\" class=\"read-more\" href=\"https:\/\/www.hoymercedes.com.ar\/principal\/2018\/11\/18\/siniestro-vial-en-ruta-5-en-lujan-con-un-fallecido-y-un-menor-herido\/\" aria-label=\"Leer m\u00e1s sobre Siniestro Vial en Ruta 5 en Luj\u00e1n con un fallecido y un menor herido\">Leer m\u00e1s<\/a><\/p>\n","protected":false},"author":1,"featured_media":84135,"comment_status":"closed","ping_status":"open","sticky":false,"template":"","format":"standard","meta":{"_monsterinsights_skip_tracking":false,"_monsterinsights_sitenote_active":false,"_monsterinsights_sitenote_note":"","_monsterinsights_sitenote_category":0,"jetpack_post_was_ever_published":false,"_jetpack_newsletter_access":"","_jetpack_dont_email_post_to_subs":false,"_jetpack_newsletter_tier_id":0,"_jetpack_memberships_contains_paywalled_content":false,"_jetpack_memberships_contains_paid_content":false,"footnotes":"","jetpack_publicize_message":"Siniestro Vial en Ruta 5 en Luj\u00e1n con un fallecido","jetpack_publicize_feature_enabled":true,"jetpack_social_post_already_shared":true,"jetpack_social_options":{"image_generator_settings":{"template":"highway","default_image_id":0,"font":"","enabled":false},"version":2},"_wpas_customize_per_network":false},"categories":[85],"tags":[86,96,538,10395],"class_list":["post-84128","post","type-post","status-publish","format-standard","has-post-thumbnail","hentry","category-policial","tag-lujan","tag-policial-2","tag-ruta-5","tag-siniestro-vial","generate-columns","tablet-grid-50","mobile-grid-100","grid-parent","grid-50"],"jetpack_publicize_connections":[],"jetpack_featured_media_url":"https:\/\/www.hoymercedes.com.ar\/principal\/wp-content\/uploads\/2018\/11\/18-choque-5-lujan-2.jpg","wps_subtitle":"En la tarde del s\u00e1bado","jetpack_sharing_enabled":true,"_links":{"self":[{"href":"https:\/\/www.hoymercedes.com.ar\/principal\/wp-json\/wp\/v2\/posts\/84128","targetHints":{"allow":["GET"]}}],"collection":[{"href":"https:\/\/www.hoymercedes.com.ar\/principal\/wp-json\/wp\/v2\/posts"}],"about":[{"href":"https:\/\/www.hoymercedes.com.ar\/principal\/wp-json\/wp\/v2\/types\/post"}],"author":[{"embeddable":true,"href":"https:\/\/www.hoymercedes.com.ar\/principal\/wp-json\/wp\/v2\/users\/1"}],"replies":[{"embeddable":true,"href":"https:\/\/www.hoymercedes.com.ar\/principal\/wp-json\/wp\/v2\/comments?post=84128"}],"version-history":[{"count":0,"href":"https:\/\/www.hoymercedes.com.ar\/principal\/wp-json\/wp\/v2\/posts\/84128\/revisions"}],"wp:featuredmedia":[{"embeddable":true,"href":"https:\/\/www.hoymercedes.com.ar\/principal\/wp-json\/wp\/v2\/media\/84135"}],"wp:attachment":[{"href":"https:\/\/www.hoymercedes.com.ar\/principal\/wp-json\/wp\/v2\/media?parent=84128"}],"wp:term":[{"taxonomy":"category","embeddable":true,"href":"https:\/\/www.hoymercedes.com.ar\/principal\/wp-json\/wp\/v2\/categories?post=84128"},{"taxonomy":"post_tag","embeddable":true,"href":"https:\/\/www.hoymercedes.com.ar\/principal\/wp-json\/wp\/v2\/tags?post=84128"}],"curies":[{"name":"wp","href":"https:\/\/api.w.org\/{rel}","templated":true}]}}