{"id":84142,"date":"2018-11-18T17:00:36","date_gmt":"2018-11-18T20:00:36","guid":{"rendered":"http:\/\/www.hoymercedes.com.ar\/principal\/?p=84142"},"modified":"2018-11-18T15:19:46","modified_gmt":"2018-11-18T18:19:46","slug":"cena-solidaria-para-instituciones-educativas-de-altamira","status":"publish","type":"post","link":"https:\/\/www.hoymercedes.com.ar\/principal\/2018\/11\/18\/cena-solidaria-para-instituciones-educativas-de-altamira\/","title":{"rendered":"Cena solidaria para instituciones educativas de Altamira"},"content":{"rendered":"<p>Una vez m\u00e1s desde la Comuna se impulsa una cena solidaria. Ser\u00e1 por tercer a\u00f1o consecutivo por la Educaci\u00f3n. Siempre en beneficio de alguna escuela y en esta ocasi\u00f3n ser\u00e1 por las ubicadas en zona rural. El viernes 23 de noviembre es la cita en el predio del ex Mart\u00edn Rodr\u00edguez. El mi\u00e9rcoles en reuni\u00f3n con el Jefe Comunal Ustarroz sus directivos ultimaron detalles.<\/p>\n<p><img loading=\"lazy\" decoding=\"async\" data-attachment-id=\"84151\" data-permalink=\"https:\/\/www.hoymercedes.com.ar\/principal\/2018\/11\/18\/cena-solidaria-para-instituciones-educativas-de-altamira\/18-cena-solidaria-educacion-1\/#main\" data-orig-file=\"https:\/\/www.hoymercedes.com.ar\/principal\/wp-content\/uploads\/2018\/11\/18-cena-solidaria-educacion-1.jpg\" data-orig-size=\"750,381\" data-comments-opened=\"0\" data-image-meta=\"{&quot;aperture&quot;:&quot;0&quot;,&quot;credit&quot;:&quot;&quot;,&quot;camera&quot;:&quot;&quot;,&quot;caption&quot;:&quot;&quot;,&quot;created_timestamp&quot;:&quot;0&quot;,&quot;copyright&quot;:&quot;&quot;,&quot;focal_length&quot;:&quot;0&quot;,&quot;iso&quot;:&quot;0&quot;,&quot;shutter_speed&quot;:&quot;0&quot;,&quot;title&quot;:&quot;&quot;,&quot;orientation&quot;:&quot;0&quot;}\" data-image-title=\"18 cena-solidaria-educacion-1\" data-image-description=\"\" data-image-caption=\"\" data-large-file=\"https:\/\/www.hoymercedes.com.ar\/principal\/wp-content\/uploads\/2018\/11\/18-cena-solidaria-educacion-1.jpg\" class=\"aligncenter size-full wp-image-84151\" src=\"https:\/\/www.hoymercedes.com.ar\/principal\/wp-content\/uploads\/2018\/11\/18-cena-solidaria-educacion-1.jpg\" alt=\"\" width=\"750\" height=\"381\" srcset=\"https:\/\/www.hoymercedes.com.ar\/principal\/wp-content\/uploads\/2018\/11\/18-cena-solidaria-educacion-1.jpg 750w, https:\/\/www.hoymercedes.com.ar\/principal\/wp-content\/uploads\/2018\/11\/18-cena-solidaria-educacion-1-150x76.jpg 150w, https:\/\/www.hoymercedes.com.ar\/principal\/wp-content\/uploads\/2018\/11\/18-cena-solidaria-educacion-1-630x320.jpg 630w\" sizes=\"auto, (max-width: 750px) 100vw, 750px\" \/><\/p>\n<p>\u201cLa invitaci\u00f3n es para apoyar a toda la comunidad educativa de Altamira\u201d, especific\u00f3 el consejero escolar Jos\u00e9 Luis Pisano quien fue parte del encuentro de los directivos con el jefe comunal Ustarroz siendo el Jard\u00edn N\u00b0 911, la Escuela Primaria N\u00b017 y la Secundaria N\u00b011 las instituciones.<\/p>\n<p>El Jefe Comunal Juan Ignacio Ustarroz destac\u00f3 que \u201cPara nosotros es un orgullo realizar actividades con todas las instituciones y cuando de educaci\u00f3n se trata el compromiso se refuerza, porque sin duda ellos son forjadores de un futuro mejor, para todos\u201d y remarc\u00f3 que \u201csi bien sabemos que desde la Comuna apoyamos desde distintas formas juzgamos nunca es suficiente. Ellos se lo merecen, siempre acompa\u00f1ando a los nenes y nenas, a las familias y claramente desde unas comunidades educativas, con docentes y directivos muy comprometidos\u201d, coment\u00f3 el jefe comunal Juan Ustarroz.<\/p>\n<p>La entrada tiene un valor de $200 y buscar\u00e1 recolectar fondos para desarrollar distintos proyectos educativos. Entre 6 y 12 a\u00f1os $100 y menores de 6 a\u00f1os gratis.<\/p>\n<p>Fuente: Prensa Municipal<\/p>\n","protected":false},"excerpt":{"rendered":"<p>Una vez m\u00e1s desde la Comuna se impulsa una cena solidaria. Ser\u00e1 por tercer a\u00f1o consecutivo por la Educaci\u00f3n. Siempre &#8230; <a title=\"Cena solidaria para instituciones educativas de Altamira\" class=\"read-more\" href=\"https:\/\/www.hoymercedes.com.ar\/principal\/2018\/11\/18\/cena-solidaria-para-instituciones-educativas-de-altamira\/\" aria-label=\"Leer m\u00e1s sobre Cena solidaria para instituciones educativas de Altamira\">Leer m\u00e1s<\/a><\/p>\n","protected":false},"author":1,"featured_media":84151,"comment_status":"closed","ping_status":"open","sticky":false,"template":"","format":"standard","meta":{"_monsterinsights_skip_tracking":false,"_monsterinsights_sitenote_active":false,"_monsterinsights_sitenote_note":"","_monsterinsights_sitenote_category":0,"jetpack_post_was_ever_published":false,"_jetpack_newsletter_access":"","_jetpack_dont_email_post_to_subs":false,"_jetpack_newsletter_tier_id":0,"_jetpack_memberships_contains_paywalled_content":false,"_jetpack_memberships_contains_paid_content":false,"footnotes":"","jetpack_publicize_message":"","jetpack_publicize_feature_enabled":true,"jetpack_social_post_already_shared":true,"jetpack_social_options":{"image_generator_settings":{"template":"highway","default_image_id":0,"font":"","enabled":false},"version":2},"_wpas_customize_per_network":false},"categories":[30],"tags":[462,9397,47,244],"class_list":["post-84142","post","type-post","status-publish","format-standard","has-post-thumbnail","hentry","category-municipio","tag-altamira","tag-cena-solidaria","tag-educacion-2","tag-municipio-2","generate-columns","tablet-grid-50","mobile-grid-100","grid-parent","grid-50"],"jetpack_publicize_connections":[],"jetpack_featured_media_url":"https:\/\/www.hoymercedes.com.ar\/principal\/wp-content\/uploads\/2018\/11\/18-cena-solidaria-educacion-1.jpg","wps_subtitle":"","jetpack_sharing_enabled":true,"_links":{"self":[{"href":"https:\/\/www.hoymercedes.com.ar\/principal\/wp-json\/wp\/v2\/posts\/84142","targetHints":{"allow":["GET"]}}],"collection":[{"href":"https:\/\/www.hoymercedes.com.ar\/principal\/wp-json\/wp\/v2\/posts"}],"about":[{"href":"https:\/\/www.hoymercedes.com.ar\/principal\/wp-json\/wp\/v2\/types\/post"}],"author":[{"embeddable":true,"href":"https:\/\/www.hoymercedes.com.ar\/principal\/wp-json\/wp\/v2\/users\/1"}],"replies":[{"embeddable":true,"href":"https:\/\/www.hoymercedes.com.ar\/principal\/wp-json\/wp\/v2\/comments?post=84142"}],"version-history":[{"count":0,"href":"https:\/\/www.hoymercedes.com.ar\/principal\/wp-json\/wp\/v2\/posts\/84142\/revisions"}],"wp:featuredmedia":[{"embeddable":true,"href":"https:\/\/www.hoymercedes.com.ar\/principal\/wp-json\/wp\/v2\/media\/84151"}],"wp:attachment":[{"href":"https:\/\/www.hoymercedes.com.ar\/principal\/wp-json\/wp\/v2\/media?parent=84142"}],"wp:term":[{"taxonomy":"category","embeddable":true,"href":"https:\/\/www.hoymercedes.com.ar\/principal\/wp-json\/wp\/v2\/categories?post=84142"},{"taxonomy":"post_tag","embeddable":true,"href":"https:\/\/www.hoymercedes.com.ar\/principal\/wp-json\/wp\/v2\/tags?post=84142"}],"curies":[{"name":"wp","href":"https:\/\/api.w.org\/{rel}","templated":true}]}}