{"id":84179,"date":"2018-11-19T10:55:10","date_gmt":"2018-11-19T13:55:10","guid":{"rendered":"http:\/\/www.hoymercedes.com.ar\/principal\/?p=84179"},"modified":"2018-11-19T10:55:10","modified_gmt":"2018-11-19T13:55:10","slug":"fatal-accidente-en-la-ruta-nacional-n-5-tres-personas-de-fallecidas","status":"publish","type":"post","link":"https:\/\/www.hoymercedes.com.ar\/principal\/2018\/11\/19\/fatal-accidente-en-la-ruta-nacional-n-5-tres-personas-de-fallecidas\/","title":{"rendered":"Fatal accidente en la Ruta Nacional N\u00b0 5, tres personas de fallecidas"},"content":{"rendered":"<p>En las primeras horas de la ma\u00f1ana de este lunes feriado, la Ruta 5 volvi\u00f3 a ser escenario de un chocaron frontal entre un Gol Trend y un Audi A4. Son tres las v\u00edctimas fatales de nacionalidad paraguaya, oriundas de Pilar; mientras que otras dos fueron rescatadas y trasladadas al Hospital de Suipacha, donde una de ellas est\u00e1 siendo intervenida quir\u00fargicamente. Ambas son de Lan\u00fas.<\/p>\n<p><img loading=\"lazy\" decoding=\"async\" data-attachment-id=\"84181\" data-permalink=\"https:\/\/www.hoymercedes.com.ar\/principal\/2018\/11\/19\/fatal-accidente-en-la-ruta-nacional-n-5-tres-personas-de-fallecidas\/19-choque-51\/#main\" data-orig-file=\"https:\/\/www.hoymercedes.com.ar\/principal\/wp-content\/uploads\/2018\/11\/19-choque-51.jpg\" data-orig-size=\"750,499\" data-comments-opened=\"0\" data-image-meta=\"{&quot;aperture&quot;:&quot;0&quot;,&quot;credit&quot;:&quot;&quot;,&quot;camera&quot;:&quot;&quot;,&quot;caption&quot;:&quot;&quot;,&quot;created_timestamp&quot;:&quot;0&quot;,&quot;copyright&quot;:&quot;&quot;,&quot;focal_length&quot;:&quot;0&quot;,&quot;iso&quot;:&quot;0&quot;,&quot;shutter_speed&quot;:&quot;0&quot;,&quot;title&quot;:&quot;&quot;,&quot;orientation&quot;:&quot;0&quot;}\" data-image-title=\"19 choque 51\" data-image-description=\"\" data-image-caption=\"\" data-large-file=\"https:\/\/www.hoymercedes.com.ar\/principal\/wp-content\/uploads\/2018\/11\/19-choque-51.jpg\" class=\"aligncenter size-full wp-image-84181\" src=\"https:\/\/www.hoymercedes.com.ar\/principal\/wp-content\/uploads\/2018\/11\/19-choque-51.jpg\" alt=\"\" width=\"750\" height=\"499\" srcset=\"https:\/\/www.hoymercedes.com.ar\/principal\/wp-content\/uploads\/2018\/11\/19-choque-51.jpg 750w, https:\/\/www.hoymercedes.com.ar\/principal\/wp-content\/uploads\/2018\/11\/19-choque-51-150x100.jpg 150w, https:\/\/www.hoymercedes.com.ar\/principal\/wp-content\/uploads\/2018\/11\/19-choque-51-630x419.jpg 630w\" sizes=\"auto, (max-width: 750px) 100vw, 750px\" \/><\/p>\n<p>Un choque frontal entre dos veh\u00edculos, un Gol Trend y un Audi A4, se registr\u00f3 este lunes a las 7.15 en el kil\u00f3metro 121 de la Ruta Nacional N\u00b0 5, en jurisdicci\u00f3n de la ciudad de Suipacha. Lamentablemente el saldo del accidente dej\u00f3 a tres personas fallecidas, mientras que dos fueron rescatadas de los habit\u00e1culos.<\/p>\n<p>En el Gol se movilizaban tres personas, de nacionalidad paraguaya, oriundas de Pilar, quienes perdieron la vida instant\u00e1neamente; mientras que en el Audi lo hac\u00edan dos de Lan\u00fas. El acompa\u00f1ante est\u00e1 siendo intervenido quir\u00fargicamente en Suipacha.<\/p>\n<p>Fuente Diario La Raz\u00f3n de Chivilcoy y Anal\u00eda Ochoa (Suipacha)<\/p>\n<p><img loading=\"lazy\" decoding=\"async\" data-attachment-id=\"84180\" data-permalink=\"https:\/\/www.hoymercedes.com.ar\/principal\/2018\/11\/19\/fatal-accidente-en-la-ruta-nacional-n-5-tres-personas-de-fallecidas\/19-choque-5\/#main\" data-orig-file=\"https:\/\/www.hoymercedes.com.ar\/principal\/wp-content\/uploads\/2018\/11\/19-choque-5.jpg\" data-orig-size=\"750,499\" data-comments-opened=\"0\" data-image-meta=\"{&quot;aperture&quot;:&quot;0&quot;,&quot;credit&quot;:&quot;&quot;,&quot;camera&quot;:&quot;&quot;,&quot;caption&quot;:&quot;&quot;,&quot;created_timestamp&quot;:&quot;0&quot;,&quot;copyright&quot;:&quot;&quot;,&quot;focal_length&quot;:&quot;0&quot;,&quot;iso&quot;:&quot;0&quot;,&quot;shutter_speed&quot;:&quot;0&quot;,&quot;title&quot;:&quot;&quot;,&quot;orientation&quot;:&quot;0&quot;}\" data-image-title=\"19 choque 5\" data-image-description=\"\" data-image-caption=\"\" data-large-file=\"https:\/\/www.hoymercedes.com.ar\/principal\/wp-content\/uploads\/2018\/11\/19-choque-5.jpg\" class=\"aligncenter size-full wp-image-84180\" src=\"https:\/\/www.hoymercedes.com.ar\/principal\/wp-content\/uploads\/2018\/11\/19-choque-5.jpg\" alt=\"\" width=\"750\" height=\"499\" srcset=\"https:\/\/www.hoymercedes.com.ar\/principal\/wp-content\/uploads\/2018\/11\/19-choque-5.jpg 750w, https:\/\/www.hoymercedes.com.ar\/principal\/wp-content\/uploads\/2018\/11\/19-choque-5-150x100.jpg 150w, https:\/\/www.hoymercedes.com.ar\/principal\/wp-content\/uploads\/2018\/11\/19-choque-5-630x419.jpg 630w\" sizes=\"auto, (max-width: 750px) 100vw, 750px\" \/><\/p>\n","protected":false},"excerpt":{"rendered":"<p>En las primeras horas de la ma\u00f1ana de este lunes feriado, la Ruta 5 volvi\u00f3 a ser escenario de un &#8230; <a title=\"Fatal accidente en la Ruta Nacional N\u00b0 5, tres personas de fallecidas\" class=\"read-more\" href=\"https:\/\/www.hoymercedes.com.ar\/principal\/2018\/11\/19\/fatal-accidente-en-la-ruta-nacional-n-5-tres-personas-de-fallecidas\/\" aria-label=\"Leer m\u00e1s sobre Fatal accidente en la Ruta Nacional N\u00b0 5, tres personas de fallecidas\">Leer m\u00e1s<\/a><\/p>\n","protected":false},"author":1,"featured_media":84180,"comment_status":"closed","ping_status":"open","sticky":false,"template":"","format":"standard","meta":{"_monsterinsights_skip_tracking":false,"_monsterinsights_sitenote_active":false,"_monsterinsights_sitenote_note":"","_monsterinsights_sitenote_category":0,"jetpack_post_was_ever_published":false,"_jetpack_newsletter_access":"","_jetpack_dont_email_post_to_subs":false,"_jetpack_newsletter_tier_id":0,"_jetpack_memberships_contains_paywalled_content":false,"_jetpack_memberships_contains_paid_content":false,"footnotes":"","jetpack_publicize_message":"","jetpack_publicize_feature_enabled":true,"jetpack_social_post_already_shared":true,"jetpack_social_options":{"image_generator_settings":{"template":"highway","default_image_id":0,"font":"","enabled":false},"version":2},"_wpas_customize_per_network":false},"categories":[85],"tags":[62,3260,96,538,9453,559],"class_list":["post-84179","post","type-post","status-publish","format-standard","has-post-thumbnail","hentry","category-policial","tag-chivilcoy","tag-choque","tag-policial-2","tag-ruta-5","tag-siniestros-viales","tag-suipacha","generate-columns","tablet-grid-50","mobile-grid-100","grid-parent","grid-50"],"jetpack_publicize_connections":[],"jetpack_featured_media_url":"https:\/\/www.hoymercedes.com.ar\/principal\/wp-content\/uploads\/2018\/11\/19-choque-5.jpg","wps_subtitle":"En la ma\u00f1ana del lunes","jetpack_sharing_enabled":true,"_links":{"self":[{"href":"https:\/\/www.hoymercedes.com.ar\/principal\/wp-json\/wp\/v2\/posts\/84179","targetHints":{"allow":["GET"]}}],"collection":[{"href":"https:\/\/www.hoymercedes.com.ar\/principal\/wp-json\/wp\/v2\/posts"}],"about":[{"href":"https:\/\/www.hoymercedes.com.ar\/principal\/wp-json\/wp\/v2\/types\/post"}],"author":[{"embeddable":true,"href":"https:\/\/www.hoymercedes.com.ar\/principal\/wp-json\/wp\/v2\/users\/1"}],"replies":[{"embeddable":true,"href":"https:\/\/www.hoymercedes.com.ar\/principal\/wp-json\/wp\/v2\/comments?post=84179"}],"version-history":[{"count":0,"href":"https:\/\/www.hoymercedes.com.ar\/principal\/wp-json\/wp\/v2\/posts\/84179\/revisions"}],"wp:featuredmedia":[{"embeddable":true,"href":"https:\/\/www.hoymercedes.com.ar\/principal\/wp-json\/wp\/v2\/media\/84180"}],"wp:attachment":[{"href":"https:\/\/www.hoymercedes.com.ar\/principal\/wp-json\/wp\/v2\/media?parent=84179"}],"wp:term":[{"taxonomy":"category","embeddable":true,"href":"https:\/\/www.hoymercedes.com.ar\/principal\/wp-json\/wp\/v2\/categories?post=84179"},{"taxonomy":"post_tag","embeddable":true,"href":"https:\/\/www.hoymercedes.com.ar\/principal\/wp-json\/wp\/v2\/tags?post=84179"}],"curies":[{"name":"wp","href":"https:\/\/api.w.org\/{rel}","templated":true}]}}