{"id":84184,"date":"2018-11-19T11:59:12","date_gmt":"2018-11-19T14:59:12","guid":{"rendered":"http:\/\/www.hoymercedes.com.ar\/principal\/?p=84184"},"modified":"2018-11-19T12:00:09","modified_gmt":"2018-11-19T15:00:09","slug":"goldney-detienen-a-dos-hombres-por-el-asesinato-de-otro-hombre","status":"publish","type":"post","link":"https:\/\/www.hoymercedes.com.ar\/principal\/2018\/11\/19\/goldney-detienen-a-dos-hombres-por-el-asesinato-de-otro-hombre\/","title":{"rendered":"Goldney: detienen a dos hombres por el asesinato de otro hombre"},"content":{"rendered":"<p>Un hombre de 65 a\u00f1os, aproximadamente, fue hallado en la estaci\u00f3n de trenes de Goldney fallecido y con lesiones en el rostro y el cr\u00e1neo. La investigaci\u00f3n policial deriv\u00f3 en la detenci\u00f3n de dos hombres de la misma localidad que ser\u00edan los autores del hecho. Los detenidos fueron trasladados a Alberti en la ma\u00f1ana del lunes. Investiga Fiscal\u00eda N\u00b0 2.<\/p>\n<p><img loading=\"lazy\" decoding=\"async\" data-attachment-id=\"84186\" data-permalink=\"https:\/\/www.hoymercedes.com.ar\/principal\/2018\/11\/19\/goldney-detienen-a-dos-hombres-por-el-asesinato-de-otro-hombre\/19-policial-goldney-1\/#main\" data-orig-file=\"https:\/\/www.hoymercedes.com.ar\/principal\/wp-content\/uploads\/2018\/11\/19-policial-goldney-1.jpg\" data-orig-size=\"750,501\" data-comments-opened=\"0\" data-image-meta=\"{&quot;aperture&quot;:&quot;0&quot;,&quot;credit&quot;:&quot;&quot;,&quot;camera&quot;:&quot;&quot;,&quot;caption&quot;:&quot;&quot;,&quot;created_timestamp&quot;:&quot;0&quot;,&quot;copyright&quot;:&quot;&quot;,&quot;focal_length&quot;:&quot;0&quot;,&quot;iso&quot;:&quot;0&quot;,&quot;shutter_speed&quot;:&quot;0&quot;,&quot;title&quot;:&quot;&quot;,&quot;orientation&quot;:&quot;0&quot;}\" data-image-title=\"19 policial goldney 1\" data-image-description=\"\" data-image-caption=\"\" data-large-file=\"https:\/\/www.hoymercedes.com.ar\/principal\/wp-content\/uploads\/2018\/11\/19-policial-goldney-1.jpg\" class=\"aligncenter size-full wp-image-84186\" src=\"https:\/\/www.hoymercedes.com.ar\/principal\/wp-content\/uploads\/2018\/11\/19-policial-goldney-1.jpg\" alt=\"\" width=\"750\" height=\"501\" srcset=\"https:\/\/www.hoymercedes.com.ar\/principal\/wp-content\/uploads\/2018\/11\/19-policial-goldney-1.jpg 750w, https:\/\/www.hoymercedes.com.ar\/principal\/wp-content\/uploads\/2018\/11\/19-policial-goldney-1-150x100.jpg 150w, https:\/\/www.hoymercedes.com.ar\/principal\/wp-content\/uploads\/2018\/11\/19-policial-goldney-1-630x421.jpg 630w\" sizes=\"auto, (max-width: 750px) 100vw, 750px\" \/><\/p>\n<p>En la tarde del domingo la Polic\u00eda Rural de Mercedes tom\u00f3 conocimiento a trav\u00e9s de una llamada al 911 del hallazgo de un hombre sin vida en el interior de la garita de la antigua estaci\u00f3n de trenes de Goldney, en el partido de Mercedes. El cuerpo del hombre (cuyo nombre no fue dado a conocer a\u00fan) de aproximadamente 65 a\u00f1os se encontraba recostado en el banco del lugar presentando lesiones en rostro y cr\u00e1neo, junto a el un trozo de madera con restos hem\u00e1ticos y salpicadura hem\u00e1tica en pared lateral.<\/p>\n<p>De manera inmediata se inici\u00f3 la investigaci\u00f3n por\u00a0parte del personal CPR Mercedes y se logr\u00f3 establecer qui\u00e9nes habr\u00edan sido los autores (nombre no brindados por el parte oficial) y as\u00ed mismo su inmediata aprehensi\u00f3n de dos masculinos mayores de edad ambos domiciliados en Goldney.\u00a0Ambos ser\u00edan los autores materiales ya que presentaron manchas de sangre en sus prendas y se hallaron pertenencias de ellos olvidadas en la escena del crimen.\u00a0Los dos hombres fueron trasladados a la Estaci\u00f3n de Polic\u00eda Comunal Alberti<\/p>\n<p>Se hicieron presentes en el lugar, el Coordinador de Zona, Dr. Villalba Agte. Fiscal N\u00b0 2 Mercedes y Pnal. Pol. Cient\u00edfica Mercedes.<\/p>\n<p><img loading=\"lazy\" decoding=\"async\" data-attachment-id=\"84187\" data-permalink=\"https:\/\/www.hoymercedes.com.ar\/principal\/2018\/11\/19\/goldney-detienen-a-dos-hombres-por-el-asesinato-de-otro-hombre\/19-policial-goldney-2\/#main\" data-orig-file=\"https:\/\/www.hoymercedes.com.ar\/principal\/wp-content\/uploads\/2018\/11\/19-policial-goldney-2.jpg\" data-orig-size=\"750,501\" data-comments-opened=\"0\" data-image-meta=\"{&quot;aperture&quot;:&quot;0&quot;,&quot;credit&quot;:&quot;&quot;,&quot;camera&quot;:&quot;&quot;,&quot;caption&quot;:&quot;&quot;,&quot;created_timestamp&quot;:&quot;0&quot;,&quot;copyright&quot;:&quot;&quot;,&quot;focal_length&quot;:&quot;0&quot;,&quot;iso&quot;:&quot;0&quot;,&quot;shutter_speed&quot;:&quot;0&quot;,&quot;title&quot;:&quot;&quot;,&quot;orientation&quot;:&quot;0&quot;}\" data-image-title=\"19 policial goldney 2\" data-image-description=\"\" data-image-caption=\"\" data-large-file=\"https:\/\/www.hoymercedes.com.ar\/principal\/wp-content\/uploads\/2018\/11\/19-policial-goldney-2.jpg\" class=\"aligncenter size-full wp-image-84187\" src=\"https:\/\/www.hoymercedes.com.ar\/principal\/wp-content\/uploads\/2018\/11\/19-policial-goldney-2.jpg\" alt=\"\" width=\"750\" height=\"501\" srcset=\"https:\/\/www.hoymercedes.com.ar\/principal\/wp-content\/uploads\/2018\/11\/19-policial-goldney-2.jpg 750w, https:\/\/www.hoymercedes.com.ar\/principal\/wp-content\/uploads\/2018\/11\/19-policial-goldney-2-150x100.jpg 150w, https:\/\/www.hoymercedes.com.ar\/principal\/wp-content\/uploads\/2018\/11\/19-policial-goldney-2-630x421.jpg 630w\" sizes=\"auto, (max-width: 750px) 100vw, 750px\" \/><\/p>\n","protected":false},"excerpt":{"rendered":"<p>Un hombre de 65 a\u00f1os, aproximadamente, fue hallado en la estaci\u00f3n de trenes de Goldney fallecido y con lesiones en &#8230; <a title=\"Goldney: detienen a dos hombres por el asesinato de otro hombre\" class=\"read-more\" href=\"https:\/\/www.hoymercedes.com.ar\/principal\/2018\/11\/19\/goldney-detienen-a-dos-hombres-por-el-asesinato-de-otro-hombre\/\" aria-label=\"Leer m\u00e1s sobre Goldney: detienen a dos hombres por el asesinato de otro hombre\">Leer m\u00e1s<\/a><\/p>\n","protected":false},"author":1,"featured_media":84187,"comment_status":"closed","ping_status":"open","sticky":false,"template":"","format":"standard","meta":{"_monsterinsights_skip_tracking":false,"_monsterinsights_sitenote_active":false,"_monsterinsights_sitenote_note":"","_monsterinsights_sitenote_category":0,"jetpack_post_was_ever_published":false,"_jetpack_newsletter_access":"","_jetpack_dont_email_post_to_subs":false,"_jetpack_newsletter_tier_id":0,"_jetpack_memberships_contains_paywalled_content":false,"_jetpack_memberships_contains_paid_content":false,"footnotes":"","jetpack_publicize_message":"","jetpack_publicize_feature_enabled":true,"jetpack_social_post_already_shared":true,"jetpack_social_options":{"image_generator_settings":{"template":"highway","default_image_id":0,"font":"","enabled":false},"version":2},"_wpas_customize_per_network":false},"categories":[85],"tags":[4647,26,3337,96],"class_list":["post-84184","post","type-post","status-publish","format-standard","has-post-thumbnail","hentry","category-policial","tag-asesinato","tag-detenidos","tag-goldney","tag-policial-2","generate-columns","tablet-grid-50","mobile-grid-100","grid-parent","grid-50"],"jetpack_publicize_connections":[],"jetpack_featured_media_url":"https:\/\/www.hoymercedes.com.ar\/principal\/wp-content\/uploads\/2018\/11\/19-policial-goldney-2.jpg","wps_subtitle":"Noche de domingo","jetpack_sharing_enabled":true,"_links":{"self":[{"href":"https:\/\/www.hoymercedes.com.ar\/principal\/wp-json\/wp\/v2\/posts\/84184","targetHints":{"allow":["GET"]}}],"collection":[{"href":"https:\/\/www.hoymercedes.com.ar\/principal\/wp-json\/wp\/v2\/posts"}],"about":[{"href":"https:\/\/www.hoymercedes.com.ar\/principal\/wp-json\/wp\/v2\/types\/post"}],"author":[{"embeddable":true,"href":"https:\/\/www.hoymercedes.com.ar\/principal\/wp-json\/wp\/v2\/users\/1"}],"replies":[{"embeddable":true,"href":"https:\/\/www.hoymercedes.com.ar\/principal\/wp-json\/wp\/v2\/comments?post=84184"}],"version-history":[{"count":0,"href":"https:\/\/www.hoymercedes.com.ar\/principal\/wp-json\/wp\/v2\/posts\/84184\/revisions"}],"wp:featuredmedia":[{"embeddable":true,"href":"https:\/\/www.hoymercedes.com.ar\/principal\/wp-json\/wp\/v2\/media\/84187"}],"wp:attachment":[{"href":"https:\/\/www.hoymercedes.com.ar\/principal\/wp-json\/wp\/v2\/media?parent=84184"}],"wp:term":[{"taxonomy":"category","embeddable":true,"href":"https:\/\/www.hoymercedes.com.ar\/principal\/wp-json\/wp\/v2\/categories?post=84184"},{"taxonomy":"post_tag","embeddable":true,"href":"https:\/\/www.hoymercedes.com.ar\/principal\/wp-json\/wp\/v2\/tags?post=84184"}],"curies":[{"name":"wp","href":"https:\/\/api.w.org\/{rel}","templated":true}]}}