{"id":84190,"date":"2018-11-19T13:16:14","date_gmt":"2018-11-19T16:16:14","guid":{"rendered":"http:\/\/www.hoymercedes.com.ar\/principal\/?p=84190"},"modified":"2018-11-19T12:11:23","modified_gmt":"2018-11-19T15:11:23","slug":"oficializaron-el-nombre-de-fifo-roggero-para-la-escuela-de-arte","status":"publish","type":"post","link":"https:\/\/www.hoymercedes.com.ar\/principal\/2018\/11\/19\/oficializaron-el-nombre-de-fifo-roggero-para-la-escuela-de-arte\/","title":{"rendered":"Oficializaron el nombre de Fifo Roggero para la Escuela de Arte"},"content":{"rendered":"<p>Por TeCleArte &#8211; En un emotivo acto, plagado de recuerdos para amigos y familiares del artista pl\u00e1stico y periodista Jos\u00e9 Santiago \u201cFifo\u201d Roggero, se oficializ\u00f3 la imposici\u00f3n del nombre del mercedino fallecido hace m\u00e1s de una d\u00e9cada a la Escuela de Arte N\u00b0 2 de Mercedes. Sus cuadros, an\u00e9cdotas, m\u00fasica, reflexiones, y recuerdos fluyeron en la tarde del viernes pasado cuando se homenaje\u00f3 a Roggero, \u201cel pintor del pueblo\u201d.<\/p>\n<p><img loading=\"lazy\" decoding=\"async\" data-attachment-id=\"84191\" data-permalink=\"https:\/\/www.hoymercedes.com.ar\/principal\/2018\/11\/19\/oficializaron-el-nombre-de-fifo-roggero-para-la-escuela-de-arte\/19-roggero-arte-1\/#main\" data-orig-file=\"https:\/\/www.hoymercedes.com.ar\/principal\/wp-content\/uploads\/2018\/11\/19-Roggero-Arte-1.jpg\" data-orig-size=\"750,500\" data-comments-opened=\"0\" data-image-meta=\"{&quot;aperture&quot;:&quot;3.5&quot;,&quot;credit&quot;:&quot;&quot;,&quot;camera&quot;:&quot;NIKON D3100&quot;,&quot;caption&quot;:&quot;&quot;,&quot;created_timestamp&quot;:&quot;1542395769&quot;,&quot;copyright&quot;:&quot;&quot;,&quot;focal_length&quot;:&quot;18&quot;,&quot;iso&quot;:&quot;2000&quot;,&quot;shutter_speed&quot;:&quot;0.016666666666667&quot;,&quot;title&quot;:&quot;&quot;,&quot;orientation&quot;:&quot;1&quot;}\" data-image-title=\"19 Roggero Arte 1\" data-image-description=\"\" data-image-caption=\"\" data-large-file=\"https:\/\/www.hoymercedes.com.ar\/principal\/wp-content\/uploads\/2018\/11\/19-Roggero-Arte-1.jpg\" class=\"aligncenter size-full wp-image-84191\" src=\"https:\/\/www.hoymercedes.com.ar\/principal\/wp-content\/uploads\/2018\/11\/19-Roggero-Arte-1.jpg\" alt=\"\" width=\"750\" height=\"500\" srcset=\"https:\/\/www.hoymercedes.com.ar\/principal\/wp-content\/uploads\/2018\/11\/19-Roggero-Arte-1.jpg 750w, https:\/\/www.hoymercedes.com.ar\/principal\/wp-content\/uploads\/2018\/11\/19-Roggero-Arte-1-150x100.jpg 150w, https:\/\/www.hoymercedes.com.ar\/principal\/wp-content\/uploads\/2018\/11\/19-Roggero-Arte-1-630x420.jpg 630w\" sizes=\"auto, (max-width: 750px) 100vw, 750px\" \/><\/p>\n<p>En el hall central de la instituci\u00f3n educativa de nivel superior ubicada en la calle 24, se hicieron presentes aquellos que conocieron a Fifo y aquellos que no. Sus hijas, Dolores y Valentina Roggero, acompa\u00f1adas de sus propios hijos y su madre Cristina Canata, fueron las principales oradoras a la hora de recordar y agradecer en nombre de la familia el homenaje realizado a ese mercedino que con sus pinceladas retrat\u00f3 a cientos de vecinos, m\u00e1s all\u00e1 de que por su enfermedad poco sal\u00eda de su casa, aunque muchos eran los que a ella asist\u00edan para conversar con \u00e9l.<\/p>\n<p>La directora de la Escuela de Arte Patricia Boffi, relat\u00f3 c\u00f3mo surgi\u00f3 la posibilidad de darle un nombre a la instituci\u00f3n educativa que funciona en la ciudad desde la d\u00e9cada de los \u201980. Record\u00f3 que fueron los propios alumnos los que propusieron el nombre de Roggero tras hacer una investigaci\u00f3n sobre artistas locales.<\/p>\n<p><img loading=\"lazy\" decoding=\"async\" data-attachment-id=\"84192\" data-permalink=\"https:\/\/www.hoymercedes.com.ar\/principal\/2018\/11\/19\/oficializaron-el-nombre-de-fifo-roggero-para-la-escuela-de-arte\/19-roggero-arte-2\/#main\" data-orig-file=\"https:\/\/www.hoymercedes.com.ar\/principal\/wp-content\/uploads\/2018\/11\/19-Roggero-Arte-2.jpg\" data-orig-size=\"750,500\" data-comments-opened=\"0\" data-image-meta=\"{&quot;aperture&quot;:&quot;3.5&quot;,&quot;credit&quot;:&quot;&quot;,&quot;camera&quot;:&quot;NIKON D3100&quot;,&quot;caption&quot;:&quot;&quot;,&quot;created_timestamp&quot;:&quot;1542396565&quot;,&quot;copyright&quot;:&quot;&quot;,&quot;focal_length&quot;:&quot;20&quot;,&quot;iso&quot;:&quot;1600&quot;,&quot;shutter_speed&quot;:&quot;0.016666666666667&quot;,&quot;title&quot;:&quot;&quot;,&quot;orientation&quot;:&quot;1&quot;}\" data-image-title=\"19 Roggero Arte 2\" data-image-description=\"\" data-image-caption=\"\" data-large-file=\"https:\/\/www.hoymercedes.com.ar\/principal\/wp-content\/uploads\/2018\/11\/19-Roggero-Arte-2.jpg\" class=\"aligncenter size-full wp-image-84192\" src=\"https:\/\/www.hoymercedes.com.ar\/principal\/wp-content\/uploads\/2018\/11\/19-Roggero-Arte-2.jpg\" alt=\"\" width=\"750\" height=\"500\" srcset=\"https:\/\/www.hoymercedes.com.ar\/principal\/wp-content\/uploads\/2018\/11\/19-Roggero-Arte-2.jpg 750w, https:\/\/www.hoymercedes.com.ar\/principal\/wp-content\/uploads\/2018\/11\/19-Roggero-Arte-2-150x100.jpg 150w, https:\/\/www.hoymercedes.com.ar\/principal\/wp-content\/uploads\/2018\/11\/19-Roggero-Arte-2-630x420.jpg 630w\" sizes=\"auto, (max-width: 750px) 100vw, 750px\" \/><\/p>\n<p>\u201cHace poco nosotros \u00e9ramos una escuela m\u00e1s de la provincia. Desde ahora empezamos a tener un nombre, que define nuestra identidad, lo que queremos brindarles a nuestros alumnos. Queremos una escuela que est\u00e9 afianzada en nuestra ciudad. Que refleje las cosas que reflejaba Fifo en los cuadros, que pint\u00f3 a su gente, el trabajo de su gente, que pint\u00f3 lo que pasaba en su pueblo\u201d, resalt\u00f3 Boffi.<\/p>\n<p>Una alumna ley\u00f3 un texto en nombre de los estudiantes. En su discurso retom\u00f3 el esp\u00edritu de Roggero de retratar la vida cotidiana de Mercedes y sus vecinos: La puerta de Tribunales, la vuelta al perro, alg\u00fan que otro personaje de la \u00e9poca, la pasarela, la pesca en el r\u00edo, billares, detalles de grabados, entre otros cuadros que pueden reconocerse. \u201cCompartimos una frase del artista: yo no soy ning\u00fan maestro ni nada por el estilo, simplemente mis cuadros forman parte de una \u00e9poca de la pintura de Mercedes. Es un lugar que, creo, me he ganado\u201d, finaliz\u00f3 la alumna recordando los dichos de Fifo Roggero.<\/p>\n<p><span class=\"embed-youtube\" style=\"text-align:center; display: block;\"><iframe loading=\"lazy\" class=\"youtube-player\" width=\"1200\" height=\"675\" src=\"https:\/\/www.youtube.com\/embed\/Zw7bdiASDuU?version=3&#038;rel=1&#038;showsearch=0&#038;showinfo=1&#038;iv_load_policy=1&#038;fs=1&#038;hl=es-ES&#038;autohide=2&#038;wmode=transparent\" allowfullscreen=\"true\" style=\"border:0;\" sandbox=\"allow-scripts allow-same-origin allow-popups allow-presentation allow-popups-to-escape-sandbox\"><\/iframe><\/span><\/p>\n<p>Sus hijas resaltaron que el homenaje \u201cera muy fuerte\u201d y que impresionaba que lo haya elegido \u201cgente que no lo conoci\u00f3\u201d y que sus nietos \u201cque no lo conocieron\u201d caminar\u00e1n por la ciudad \u201cy ver\u00e1n que una escuela lleva el nombre de su abuelo\u201d. \u201c\u00c9l amaba a su pueblo, el parque era uno de sus lugares favoritos, la gente. Era muy amigo de sus amigos. Hac\u00eda que todo el mundo pasara a casa y conversara con \u00e9l\u201d, dijo \u201cLola\u201d Roggero, a su lado, \u201cVata\u201d record\u00f3 c\u00f3mo pintaba a trav\u00e9s de los cuentos que otras personas le contaban porque no pod\u00eda salir de su casa a ra\u00edz de la enfermedad que le imped\u00eda caminar.<\/p>\n<p><img loading=\"lazy\" decoding=\"async\" data-attachment-id=\"84193\" data-permalink=\"https:\/\/www.hoymercedes.com.ar\/principal\/2018\/11\/19\/oficializaron-el-nombre-de-fifo-roggero-para-la-escuela-de-arte\/19-roggero-arte-3\/#main\" data-orig-file=\"https:\/\/www.hoymercedes.com.ar\/principal\/wp-content\/uploads\/2018\/11\/19-Roggero-Arte-3.jpg\" data-orig-size=\"750,563\" data-comments-opened=\"0\" data-image-meta=\"{&quot;aperture&quot;:&quot;2&quot;,&quot;credit&quot;:&quot;&quot;,&quot;camera&quot;:&quot;Moto G (5S) Plus&quot;,&quot;caption&quot;:&quot;&quot;,&quot;created_timestamp&quot;:&quot;1542395480&quot;,&quot;copyright&quot;:&quot;&quot;,&quot;focal_length&quot;:&quot;3.59&quot;,&quot;iso&quot;:&quot;1739&quot;,&quot;shutter_speed&quot;:&quot;0.058823529411765&quot;,&quot;title&quot;:&quot;&quot;,&quot;orientation&quot;:&quot;1&quot;}\" data-image-title=\"19 Roggero Arte 3\" data-image-description=\"\" data-image-caption=\"\" data-large-file=\"https:\/\/www.hoymercedes.com.ar\/principal\/wp-content\/uploads\/2018\/11\/19-Roggero-Arte-3.jpg\" class=\"aligncenter size-full wp-image-84193\" src=\"https:\/\/www.hoymercedes.com.ar\/principal\/wp-content\/uploads\/2018\/11\/19-Roggero-Arte-3.jpg\" alt=\"\" width=\"750\" height=\"563\" srcset=\"https:\/\/www.hoymercedes.com.ar\/principal\/wp-content\/uploads\/2018\/11\/19-Roggero-Arte-3.jpg 750w, https:\/\/www.hoymercedes.com.ar\/principal\/wp-content\/uploads\/2018\/11\/19-Roggero-Arte-3-150x113.jpg 150w, https:\/\/www.hoymercedes.com.ar\/principal\/wp-content\/uploads\/2018\/11\/19-Roggero-Arte-3-630x473.jpg 630w\" sizes=\"auto, (max-width: 750px) 100vw, 750px\" \/><\/p>\n<p>En el acto estuvieron presentes autoridades educativas, legislativas y ejecutivas, responsables junto a las hijas y nietos de Fifo Roggero de descubrir la placa que identifica a la escuela con su nuevo nombre. Tambi\u00e9n estuvieron presentes amigos de Fifo Roggero y alumnos y docentes de la Escuela de Arte.<\/p>\n<p>Pasado el acto protocolar, la celebraci\u00f3n en la escuela continu\u00f3 con una performance de danza de una de las integrantes del curso de ballet contempor\u00e1neo y luego la apertura de la exposici\u00f3n de trabajo de los estudiantes de cer\u00e1mica y escultura.<\/p>\n<p><img loading=\"lazy\" decoding=\"async\" data-attachment-id=\"84194\" data-permalink=\"https:\/\/www.hoymercedes.com.ar\/principal\/2018\/11\/19\/oficializaron-el-nombre-de-fifo-roggero-para-la-escuela-de-arte\/19-roggero-arte-5\/#main\" data-orig-file=\"https:\/\/www.hoymercedes.com.ar\/principal\/wp-content\/uploads\/2018\/11\/19-Roggero-Arte-5.jpg\" data-orig-size=\"750,563\" data-comments-opened=\"0\" data-image-meta=\"{&quot;aperture&quot;:&quot;2&quot;,&quot;credit&quot;:&quot;&quot;,&quot;camera&quot;:&quot;Moto G (5S) Plus&quot;,&quot;caption&quot;:&quot;&quot;,&quot;created_timestamp&quot;:&quot;1542397835&quot;,&quot;copyright&quot;:&quot;&quot;,&quot;focal_length&quot;:&quot;3.59&quot;,&quot;iso&quot;:&quot;181&quot;,&quot;shutter_speed&quot;:&quot;0.03030303030303&quot;,&quot;title&quot;:&quot;&quot;,&quot;orientation&quot;:&quot;1&quot;}\" data-image-title=\"19 Roggero Arte 5\" data-image-description=\"\" data-image-caption=\"\" data-large-file=\"https:\/\/www.hoymercedes.com.ar\/principal\/wp-content\/uploads\/2018\/11\/19-Roggero-Arte-5.jpg\" class=\"aligncenter size-full wp-image-84194\" src=\"https:\/\/www.hoymercedes.com.ar\/principal\/wp-content\/uploads\/2018\/11\/19-Roggero-Arte-5.jpg\" alt=\"\" width=\"750\" height=\"563\" srcset=\"https:\/\/www.hoymercedes.com.ar\/principal\/wp-content\/uploads\/2018\/11\/19-Roggero-Arte-5.jpg 750w, https:\/\/www.hoymercedes.com.ar\/principal\/wp-content\/uploads\/2018\/11\/19-Roggero-Arte-5-150x113.jpg 150w, https:\/\/www.hoymercedes.com.ar\/principal\/wp-content\/uploads\/2018\/11\/19-Roggero-Arte-5-630x473.jpg 630w\" sizes=\"auto, (max-width: 750px) 100vw, 750px\" \/><\/p>\n","protected":false},"excerpt":{"rendered":"<p>Por TeCleArte &#8211; En un emotivo acto, plagado de recuerdos para amigos y familiares del artista pl\u00e1stico y periodista Jos\u00e9 &#8230; <a title=\"Oficializaron el nombre de Fifo Roggero para la Escuela de Arte\" class=\"read-more\" href=\"https:\/\/www.hoymercedes.com.ar\/principal\/2018\/11\/19\/oficializaron-el-nombre-de-fifo-roggero-para-la-escuela-de-arte\/\" aria-label=\"Leer m\u00e1s sobre Oficializaron el nombre de Fifo Roggero para la Escuela de Arte\">Leer m\u00e1s<\/a><\/p>\n","protected":false},"author":1,"featured_media":84192,"comment_status":"closed","ping_status":"open","sticky":false,"template":"","format":"standard","meta":{"_monsterinsights_skip_tracking":false,"_monsterinsights_sitenote_active":false,"_monsterinsights_sitenote_note":"","_monsterinsights_sitenote_category":0,"jetpack_post_was_ever_published":false,"_jetpack_newsletter_access":"","_jetpack_dont_email_post_to_subs":false,"_jetpack_newsletter_tier_id":0,"_jetpack_memberships_contains_paywalled_content":false,"_jetpack_memberships_contains_paid_content":false,"footnotes":"","jetpack_publicize_message":"","jetpack_publicize_feature_enabled":true,"jetpack_social_post_already_shared":true,"jetpack_social_options":{"image_generator_settings":{"template":"highway","default_image_id":0,"font":"","enabled":false},"version":2},"_wpas_customize_per_network":false},"categories":[104],"tags":[7805,47,10216,5641],"class_list":["post-84190","post","type-post","status-publish","format-standard","has-post-thumbnail","hentry","category-cultura","tag-cultura","tag-educacion-2","tag-escuela-de-arte","tag-fifo-roggero","generate-columns","tablet-grid-50","mobile-grid-100","grid-parent","grid-50"],"jetpack_publicize_connections":[],"jetpack_featured_media_url":"https:\/\/www.hoymercedes.com.ar\/principal\/wp-content\/uploads\/2018\/11\/19-Roggero-Arte-2.jpg","wps_subtitle":"Acto protocolar el viernes pasado","jetpack_sharing_enabled":true,"_links":{"self":[{"href":"https:\/\/www.hoymercedes.com.ar\/principal\/wp-json\/wp\/v2\/posts\/84190","targetHints":{"allow":["GET"]}}],"collection":[{"href":"https:\/\/www.hoymercedes.com.ar\/principal\/wp-json\/wp\/v2\/posts"}],"about":[{"href":"https:\/\/www.hoymercedes.com.ar\/principal\/wp-json\/wp\/v2\/types\/post"}],"author":[{"embeddable":true,"href":"https:\/\/www.hoymercedes.com.ar\/principal\/wp-json\/wp\/v2\/users\/1"}],"replies":[{"embeddable":true,"href":"https:\/\/www.hoymercedes.com.ar\/principal\/wp-json\/wp\/v2\/comments?post=84190"}],"version-history":[{"count":0,"href":"https:\/\/www.hoymercedes.com.ar\/principal\/wp-json\/wp\/v2\/posts\/84190\/revisions"}],"wp:featuredmedia":[{"embeddable":true,"href":"https:\/\/www.hoymercedes.com.ar\/principal\/wp-json\/wp\/v2\/media\/84192"}],"wp:attachment":[{"href":"https:\/\/www.hoymercedes.com.ar\/principal\/wp-json\/wp\/v2\/media?parent=84190"}],"wp:term":[{"taxonomy":"category","embeddable":true,"href":"https:\/\/www.hoymercedes.com.ar\/principal\/wp-json\/wp\/v2\/categories?post=84190"},{"taxonomy":"post_tag","embeddable":true,"href":"https:\/\/www.hoymercedes.com.ar\/principal\/wp-json\/wp\/v2\/tags?post=84190"}],"curies":[{"name":"wp","href":"https:\/\/api.w.org\/{rel}","templated":true}]}}