{"id":84196,"date":"2018-11-19T14:22:43","date_gmt":"2018-11-19T17:22:43","guid":{"rendered":"http:\/\/www.hoymercedes.com.ar\/principal\/?p=84196"},"modified":"2018-11-19T12:26:24","modified_gmt":"2018-11-19T15:26:24","slug":"estudiantes-de-la-tecnica-n-1-se-reunieron-con-intendente-por-pasantias","status":"publish","type":"post","link":"https:\/\/www.hoymercedes.com.ar\/principal\/2018\/11\/19\/estudiantes-de-la-tecnica-n-1-se-reunieron-con-intendente-por-pasantias\/","title":{"rendered":"Estudiantes de la T\u00e9cnica N\u00b0 1 se reunieron con Intendente por pasant\u00edas"},"content":{"rendered":"<p>El desayuno se realiz\u00f3 en el Palacio Municipal con directivos y estudiantes de la Escuela T\u00e9cnica N\u00b01 que participaron de pasant\u00edas y capacitaciones en la Secretar\u00eda de Obras, como ser para Maestro Mayor de Obras en este caso, aunque tambi\u00e9n la instituci\u00f3n tiene en Administraci\u00f3n y Electro mec\u00e1nica.<\/p>\n<p>Fueron casi dos meses de tareas \u201cprofesionalizantes\u201d donde los estudiantes de s\u00e9ptimo a\u00f1os efect\u00faan pasant\u00edas en empresas o como fue en este caso donde la profesora Arq. Rosana Uribina y la Directora Daniela Dasdore tomaron la decisi\u00f3n de contactarse con la municipalidad que les abri\u00f3 las puertas para la finalizaci\u00f3n de sus pr\u00e1cticas siendo el desayuno un momento de encuentro y puesta en com\u00fan<\/p>\n<p>Por su parte el intendente Ustarroz coment\u00f3 que \u201ces un orgullo para nosotros recibirlos y ser parte de sus procesos de ense\u00f1anza aprendizaje y en esta ocasi\u00f3n en el terreno pr\u00e1ctico\u201d y destac\u00f3 que \u201cen importante felicitar y destacar el rol que han tenido la profesora, la directora y todo el equipo educativo que sin duda piensan y trabajan de manera ejemplar por sus estudiantes\u201d y remarc\u00f3 que \u201cnosotros siempre lo decimos, la educaci\u00f3n es una prioridad as\u00ed que estamos m\u00e1s que agradecidos por dejarnos ser parte de esta rica experiencia\u201d.<\/p>\n<p>Como dato se mencion\u00f3 que dos de los educandos ya quedaron vinculados a empresas de que est\u00e1n realizando obras en la ciudad, reafirmando el concepto que con cada obra se fomenta la mano de obra local, y por medio de la oficina de empleo municipal.<\/p>\n","protected":false},"excerpt":{"rendered":"<p>El desayuno se realiz\u00f3 en el Palacio Municipal con directivos y estudiantes de la Escuela T\u00e9cnica N\u00b01 que participaron de &#8230; <a title=\"Estudiantes de la T\u00e9cnica N\u00b0 1 se reunieron con Intendente por pasant\u00edas\" class=\"read-more\" href=\"https:\/\/www.hoymercedes.com.ar\/principal\/2018\/11\/19\/estudiantes-de-la-tecnica-n-1-se-reunieron-con-intendente-por-pasantias\/\" aria-label=\"Leer m\u00e1s sobre Estudiantes de la T\u00e9cnica N\u00b0 1 se reunieron con Intendente por pasant\u00edas\">Leer m\u00e1s<\/a><\/p>\n","protected":false},"author":1,"featured_media":84197,"comment_status":"closed","ping_status":"open","sticky":false,"template":"","format":"standard","meta":{"_monsterinsights_skip_tracking":false,"_monsterinsights_sitenote_active":false,"_monsterinsights_sitenote_note":"","_monsterinsights_sitenote_category":0,"jetpack_post_was_ever_published":false,"_jetpack_newsletter_access":"","_jetpack_dont_email_post_to_subs":false,"_jetpack_newsletter_tier_id":0,"_jetpack_memberships_contains_paywalled_content":false,"_jetpack_memberships_contains_paid_content":false,"footnotes":"","jetpack_publicize_message":"","jetpack_publicize_feature_enabled":true,"jetpack_social_post_already_shared":true,"jetpack_social_options":{"image_generator_settings":{"template":"highway","default_image_id":0,"font":"","enabled":false},"version":2},"_wpas_customize_per_network":false},"categories":[30],"tags":[47,12541,244,11710],"class_list":["post-84196","post","type-post","status-publish","format-standard","has-post-thumbnail","hentry","category-municipio","tag-educacion-2","tag-eet-n-1","tag-municipio-2","tag-pasantias","generate-columns","tablet-grid-50","mobile-grid-100","grid-parent","grid-50"],"jetpack_publicize_connections":[],"jetpack_featured_media_url":"https:\/\/www.hoymercedes.com.ar\/principal\/wp-content\/uploads\/2018\/11\/19-desayuno.estudiantes.1.jpg","wps_subtitle":"Educaci\u00f3n y trabajo","jetpack_sharing_enabled":true,"_links":{"self":[{"href":"https:\/\/www.hoymercedes.com.ar\/principal\/wp-json\/wp\/v2\/posts\/84196","targetHints":{"allow":["GET"]}}],"collection":[{"href":"https:\/\/www.hoymercedes.com.ar\/principal\/wp-json\/wp\/v2\/posts"}],"about":[{"href":"https:\/\/www.hoymercedes.com.ar\/principal\/wp-json\/wp\/v2\/types\/post"}],"author":[{"embeddable":true,"href":"https:\/\/www.hoymercedes.com.ar\/principal\/wp-json\/wp\/v2\/users\/1"}],"replies":[{"embeddable":true,"href":"https:\/\/www.hoymercedes.com.ar\/principal\/wp-json\/wp\/v2\/comments?post=84196"}],"version-history":[{"count":0,"href":"https:\/\/www.hoymercedes.com.ar\/principal\/wp-json\/wp\/v2\/posts\/84196\/revisions"}],"wp:featuredmedia":[{"embeddable":true,"href":"https:\/\/www.hoymercedes.com.ar\/principal\/wp-json\/wp\/v2\/media\/84197"}],"wp:attachment":[{"href":"https:\/\/www.hoymercedes.com.ar\/principal\/wp-json\/wp\/v2\/media?parent=84196"}],"wp:term":[{"taxonomy":"category","embeddable":true,"href":"https:\/\/www.hoymercedes.com.ar\/principal\/wp-json\/wp\/v2\/categories?post=84196"},{"taxonomy":"post_tag","embeddable":true,"href":"https:\/\/www.hoymercedes.com.ar\/principal\/wp-json\/wp\/v2\/tags?post=84196"}],"curies":[{"name":"wp","href":"https:\/\/api.w.org\/{rel}","templated":true}]}}